{"id":234336,"date":"2025-11-13T21:04:15","date_gmt":"2025-11-13T21:04:15","guid":{"rendered":"https:\/\/www.europesays.com\/es\/234336\/"},"modified":"2025-11-13T21:04:15","modified_gmt":"2025-11-13T21:04:15","slug":"miguel-ramon-cored-recibe-un-emocionante-homenaje-en-las-fiestas-de-san-martin","status":"publish","type":"post","link":"https:\/\/www.europesays.com\/es\/234336\/","title":{"rendered":"Miguel Ram\u00f3n Cored recibe un emocionante homenaje en las fiestas de San Mart\u00edn"},"content":{"rendered":"<p><strong>Las charlas ciclistas del barrio de San Mart\u00edn se renuevan desde este viernes<\/strong> sin perder el fondo y la forma que model\u00f3 hace <strong>tres d\u00e9cadas Miguel Ram\u00f3n Cored cuando en 1995 puso en marcha un ciclo de conferencias <\/strong>que han dado cabida a todo tipo de protagonistas y disciplinas dentro del mismo deporte de las dos ruedas. Cuando el a\u00f1o pasado anunciaba el cierre de su establecimiento por su pr\u00f3xima jubilaci\u00f3n (Ciclos Cored), ya surgi\u00f3 el dilema de si las charlas tendr\u00edan o no continuidad.<\/p>\n<p><strong>La respuesta ha sido afirmativa y sin paliativos.<\/strong> De ello se ha encargado el <strong>Club Ciclista Oscense<\/strong>, que ha contado con la decidida participaci\u00f3n de<strong> Daniel Chaverri y Lorenzo Cipr\u00e9s.<\/strong> Para abrir esta nueva etapa, bajo la denominaci\u00f3n de<strong> I Jornada de Cultura Ciclista,<\/strong>\u00a0\u00a0que en esencia pretende ser m\u00e1s de lo mismo, los nuevos organizadores presentan una tarde ciclista de lo m\u00e1s interesante en el<strong> sal\u00f3n de actos de la Diputaci\u00f3n Provincial de Huesca (19:00 horas).<\/strong><\/p>\n<p><strong>Habr\u00e1 una primera parte de cicloturismo en la que Daniel Chaverri moderar\u00e1 un coloquio con Miguel Ram\u00f3n sobre el origen de la Par\u00eds-Brest-Par\u00eds<\/strong> -su evoluci\u00f3n desde una carrera profesional a una cicloturista universal- y un detallado informe para recordar a las veintena larga de ciclistas altoaragoneses que han participado en esta singular prueba francesa.\u00a0<\/p>\n<p><strong>En una segunda parte<\/strong> de la jornada, tendr\u00e1 lugar <strong>otro coloquio sobre el ciclismo profesional con la presencia del corredor \u00c1ngel Casero y moderado por Lorenzo Cipr\u00e9s.\u00a0<\/strong>\u00c1ngel Casero, ex ciclista profesional y actualmente director de la Volta Ciclista a la Comunitat Valenciana. \u00c1ngel es reconocido como uno de los grandes del ciclismo espa\u00f1ol:\u00a0ganador de la Vuelta Ciclista a Espa\u00f1a, ganador del Tour del Porvenir, Campe\u00f3n de Espa\u00f1a y quinto en el Tour de Francia, entre otras victorias. Comparti\u00f3 equipo con ciclistas como Miguel Indurain, Fernando Escart\u00edn, Oscar Freire, Jan Ullrich o Alex Zulle. De la mano de Lorenzo Cipr\u00e9s har\u00e1 un repaso a su carrera profesional tanto como ciclista como de gestor deportivo.<\/p>\n<p>Pero el momento m\u00e1s especial de la velada<strong><a data-external=\"0\" data-intl-links-es=\"https:\/\/www.eldiariodehuesca.com\/deportes\/ciclismo-vuelve-estar-debate-en-tradicional-charla-fiestas-san-martin-en-huesca_26562_102.html\" href=\"https:\/\/www.eldiariodehuesca.com\/deportes\/ciclismo-vuelve-estar-debate-en-tradicional-charla-fiestas-san-martin-en-huesca_26562_102.html\" rel=\"follow nofollow noopener\" target=\"_self\" title=\"El ciclismo vuelve a estar a debate en la tradicional charla de las fiestas de San Mart\u00edn en Huesca\"> lo vivir\u00e1 en primera persona Miguel Ram\u00f3n Cored, que va a ser homenajeado por estas tres d\u00e9cadas de charlas ciclistas<\/a><\/strong> en el barrio de San Mart\u00edn y dentro de sus fiestas. Qu\u00e9 mejor ocasi\u00f3n para quien ha participado en la <strong>Par\u00eds-Brest-Par\u00eds en las diez ediciones celebradas en los \u00faltimos 40 a\u00f1os de forma ininterrumpida. <\/strong>Es el <strong>segundo espa\u00f1ol <\/strong>con mayor n\u00famero de ocasiones en su haber -solo superado por Francesc Porta, que lleva once- y ocupa el <strong>n\u00famero 13 en el escalaf\u00f3n mundial.\u00a0<\/strong><\/p>\n<p><strong>Se estren\u00f3 en la Par\u00eds-Brest-Par\u00eds en 1987<\/strong>, justo el a\u00f1o en el que siendo presidente del Club Ciclista Oscense su hermano Jes\u00fas, en las filas del CAI entonces, gan\u00f3 el Gran Premio San Lorenzo de ciclismo y dio el salto a profesionales con el Helios.\u00a0<\/p>\n<p>Y cada cuatro a\u00f1os, Miguel Ram\u00f3n ha estado presente en las brevets clasificatorias para poder acudir a la cita gala, que consiste en realizar<strong> 1.230 kil\u00f3metros con 12.000 metros de desnivel en un tiempo m\u00e1ximo de 90 horas. <\/strong><a data-external=\"0\" data-intl-links-es=\"https:\/\/www.eldiariodehuesca.com\/deportes\/ciclistas-altoaragoneses-paris-brest-paris-cantan-40_15362_102.html\" href=\"https:\/\/www.eldiariodehuesca.com\/deportes\/ciclistas-altoaragoneses-paris-brest-paris-cantan-40_15362_102.html\" rel=\"follow nofollow noopener\" target=\"_self\" title=\"Los ciclistas altoaragoneses de la Par\u00eds-Brest-Par\u00eds \" cantan=\"\" las=\"\">En 2023 cubri\u00f3 el trayecto en un tiempo de 86 horas, 54 minutos y 01 segundo.<\/a> En la misma edici\u00f3n, la oscense Silvia Ferrer se convirti\u00f3 en la primera mujer aragonesa que hac\u00eda el trayecto.\u00a0<\/p>\n<p><strong>Miguel Ram\u00f3n, en declaraciones a EL DIARIO DE HUESCA, <\/strong>agradece el reconocimiento que va a recibir, pero su sentimiento de felicidad es mayor por la apuesta que ha hecho el club para que estas tres d\u00e9cadas sigan vivas. <strong>\u00abLo agradezco y me alegra, pero sobre todo mi mayor alegr\u00eda es la continuidad que el Club Ciclista Oscense da a estas charlas <\/strong>de la mano de Dani Chaverri y Lorenzo Cipr\u00e9s. <strong>Estoy muy contento por el relevo y por qui\u00e9n lo ha tomado<\/strong>. Es algo importante y necesario una vez al a\u00f1o para la divulgaci\u00f3n del ciclismo. Y me gusta tambi\u00e9n el nombre de Cultura Ciclista para que la gente sepa y aprenda cosas del ciclismo para <strong>disfrutar m\u00e1s de este deporte <\/strong>y se pueda seguir dando a conocer el ciclismo en todas sus variantes: entrenamientos, alimentaci\u00f3n, cuidados, etc\u00e9tera. Es una gran satisfacci\u00f3n\u00bb, subraya Miguel Ram\u00f3n.<\/p>\n<p>Y mientras por la cabeza ya le\u00a0ronda <strong>su participaci\u00f3n en la Par\u00eds-Brest-Par\u00eds de 2027,<\/strong> ya est\u00e1 en marcha la maquinaria de las <strong>brevets clasificatorias,<\/strong> con marchas de 200, 300, 400 y 600 kil\u00f3metros entre abril y mayo, con tiempo suficiente para encontrar sitio en las inscripciones. Y entre tanto, un par de proyectos m\u00e1s para el a\u00f1o que viene, <strong>la Alpi 4000 que tendr\u00e1 lugar en Bornio<\/strong> el pr\u00f3ximo mes de junio (1.300 kil\u00f3metros) y la <strong>Marmotte Alpes (<\/strong>prueba de un d\u00eda a celebrar el 28 de junio).<\/p>\n","protected":false},"excerpt":{"rendered":"Las charlas ciclistas del barrio de San Mart\u00edn se renuevan desde este viernes sin perder el fondo y&hellip;\n","protected":false},"author":2,"featured_media":234337,"comment_status":"","ping_status":"","sticky":false,"template":"","format":"standard","meta":{"footnotes":""},"categories":[273],"tags":[313,312,168,25,24,23,167],"class_list":{"0":"post-234336","1":"post","2":"type-post","3":"status-publish","4":"format-standard","5":"has-post-thumbnail","7":"category-ciclismo","8":"tag-ciclismo","9":"tag-cycling","10":"tag-deportes","11":"tag-es","12":"tag-espana","13":"tag-spain","14":"tag-sports"},"share_on_mastodon":{"url":"https:\/\/pubeurope.com\/@es\/115544422070716855","error":""},"_links":{"self":[{"href":"https:\/\/www.europesays.com\/es\/wp-json\/wp\/v2\/posts\/234336","targetHints":{"allow":["GET"]}}],"collection":[{"href":"https:\/\/www.europesays.com\/es\/wp-json\/wp\/v2\/posts"}],"about":[{"href":"https:\/\/www.europesays.com\/es\/wp-json\/wp\/v2\/types\/post"}],"author":[{"embeddable":true,"href":"https:\/\/www.europesays.com\/es\/wp-json\/wp\/v2\/users\/2"}],"replies":[{"embeddable":true,"href":"https:\/\/www.europesays.com\/es\/wp-json\/wp\/v2\/comments?post=234336"}],"version-history":[{"count":0,"href":"https:\/\/www.europesays.com\/es\/wp-json\/wp\/v2\/posts\/234336\/revisions"}],"wp:featuredmedia":[{"embeddable":true,"href":"https:\/\/www.europesays.com\/es\/wp-json\/wp\/v2\/media\/234337"}],"wp:attachment":[{"href":"https:\/\/www.europesays.com\/es\/wp-json\/wp\/v2\/media?parent=234336"}],"wp:term":[{"taxonomy":"category","embeddable":true,"href":"https:\/\/www.europesays.com\/es\/wp-json\/wp\/v2\/categories?post=234336"},{"taxonomy":"post_tag","embeddable":true,"href":"https:\/\/www.europesays.com\/es\/wp-json\/wp\/v2\/tags?post=234336"}],"curies":[{"name":"wp","href":"https:\/\/api.w.org\/{rel}","templated":true}]}}