{"id":234348,"date":"2025-11-13T21:12:16","date_gmt":"2025-11-13T21:12:16","guid":{"rendered":"https:\/\/www.europesays.com\/es\/234348\/"},"modified":"2025-11-13T21:12:16","modified_gmt":"2025-11-13T21:12:16","slug":"shawn-mendes-sobre-su-visita-a-la-amazonia-ecuatoriana-siento-que-me-dieron-el-don-de-ver-el-mundo-a-traves-de-una-mirada-mas-hermosa-redes-sociales-entretenimiento","status":"publish","type":"post","link":"https:\/\/www.europesays.com\/es\/234348\/","title":{"rendered":"Shawn Mendes sobre su visita a la Amazon\u00eda ecuatoriana: Siento que me dieron el don de ver el mundo a trav\u00e9s de una mirada m\u00e1s hermosa | Redes Sociales | Entretenimiento"},"content":{"rendered":"<p class=\"prose-text\">Shawn Mendes volvi\u00f3 a mencionar a Ecuador en sus redes sociales al publicar una serie de im\u00e1genes captadas durante su primera visita a la Amazon\u00eda. En la galer\u00eda aparece la ubicaci\u00f3n <b>Sarayaku, Pastaza<\/b>, territorio ind\u00edgena kichwa donde el cantante convivi\u00f3 con la comunidad y realiz\u00f3 actividades en la selva.<\/p>\n<p class=\"prose-text\">En el texto que acompa\u00f1a las fotos, Mendes reflexiona sobre lo que aprendi\u00f3 en esos d\u00edas: <b>\u201cHe estado pensando en c\u00f3mo mi relaci\u00f3n durante los \u00faltimos a\u00f1os con pueblos ind\u00edgenas me ha ense\u00f1ado tanto sobre el amor, la verdad, la comunidad y la naturaleza. C\u00f3mo la sabidur\u00eda es algo muy diferente al conocimiento\u201d.<\/b><\/p>\n<p class=\"prose-text\">El artista tambi\u00e9n explic\u00f3 que defender los derechos de las comunidades originarias es inseparable de proteger el medioambiente: <b>\u201cLa protecci\u00f3n y defensa de los derechos de los pueblos ind\u00edgenas en todo el mundo est\u00e1 entrelazada con la protecci\u00f3n y la defensa de la naturaleza misma\u201d.<\/b><\/p>\n<p class=\"prose-text\">Las fotograf\u00edas lo muestran jugando f\u00fatbol descalzo, navegando por el r\u00edo, cubierto de barro, sentado junto al fuego y tocando la guitarra bajo los \u00e1rboles. En su mensaje, Mendes asegura que su vida cambi\u00f3 tras ese viaje: <b>\u201cSiento que me dieron el don de ver el mundo a trav\u00e9s de una mirada m\u00e1s hermosa y conectada. Nunca me he sentido m\u00e1s en casa dentro de mi propia piel que esos d\u00edas sentado bajo las estrellas y los \u00e1rboles escuchando los sonidos del bosque\u201d.<\/b><\/p>\n<p class=\"prose-text\">Su relaci\u00f3n con la Amazon\u00eda ecuatoriana comenz\u00f3 el <b>15 de julio de 2024<\/b>, cuando lleg\u00f3 al pa\u00eds para convivir con la comunidad de Sarayaku y conocer su visi\u00f3n sobre la tierra. En <b>enero de 2025<\/b> regres\u00f3 acompa\u00f1ado por la activista amaz\u00f3nica <b>Helena Gualinga<\/b>, con quien recorri\u00f3 nuevamente la selva antes de continuar su viaje hacia Per\u00fa.<\/p>\n<p class=\"prose-text\">Mendes cerr\u00f3 su publicaci\u00f3n con una reflexi\u00f3n sobre el rol de los pueblos originarios en la protecci\u00f3n del planeta: <b>\u201cNo s\u00e9 mucho, pero s\u00ed s\u00e9 que durante muchas generaciones los pueblos ind\u00edgenas han estado comunic\u00e1ndose con la tierra y cuid\u00e1ndola con tanto respeto y amor. Y si estuvi\u00e9ramos buscando una gu\u00eda sobre c\u00f3mo proteger y restaurar nuestro hogar\u2026 los pueblos ind\u00edgenas est\u00e1n en el coraz\u00f3n de esa respuesta.\u201d<\/b> <b>(E)<\/b><\/p>\n","protected":false},"excerpt":{"rendered":"Shawn Mendes volvi\u00f3 a mencionar a Ecuador en sus redes sociales al publicar una serie de im\u00e1genes captadas&hellip;\n","protected":false},"author":2,"featured_media":234349,"comment_status":"","ping_status":"","sticky":false,"template":"","format":"standard","meta":{"footnotes":""},"categories":[170],"tags":[146,147,25,24,184,185,23],"class_list":{"0":"post-234348","1":"post","2":"type-post","3":"status-publish","4":"format-standard","5":"has-post-thumbnail","7":"category-musica","8":"tag-entertainment","9":"tag-entretenimiento","10":"tag-es","11":"tag-espana","12":"tag-music","13":"tag-musica","14":"tag-spain"},"share_on_mastodon":{"url":"https:\/\/pubeurope.com\/@es\/115544453510651058","error":""},"_links":{"self":[{"href":"https:\/\/www.europesays.com\/es\/wp-json\/wp\/v2\/posts\/234348","targetHints":{"allow":["GET"]}}],"collection":[{"href":"https:\/\/www.europesays.com\/es\/wp-json\/wp\/v2\/posts"}],"about":[{"href":"https:\/\/www.europesays.com\/es\/wp-json\/wp\/v2\/types\/post"}],"author":[{"embeddable":true,"href":"https:\/\/www.europesays.com\/es\/wp-json\/wp\/v2\/users\/2"}],"replies":[{"embeddable":true,"href":"https:\/\/www.europesays.com\/es\/wp-json\/wp\/v2\/comments?post=234348"}],"version-history":[{"count":0,"href":"https:\/\/www.europesays.com\/es\/wp-json\/wp\/v2\/posts\/234348\/revisions"}],"wp:featuredmedia":[{"embeddable":true,"href":"https:\/\/www.europesays.com\/es\/wp-json\/wp\/v2\/media\/234349"}],"wp:attachment":[{"href":"https:\/\/www.europesays.com\/es\/wp-json\/wp\/v2\/media?parent=234348"}],"wp:term":[{"taxonomy":"category","embeddable":true,"href":"https:\/\/www.europesays.com\/es\/wp-json\/wp\/v2\/categories?post=234348"},{"taxonomy":"post_tag","embeddable":true,"href":"https:\/\/www.europesays.com\/es\/wp-json\/wp\/v2\/tags?post=234348"}],"curies":[{"name":"wp","href":"https:\/\/api.w.org\/{rel}","templated":true}]}}