{"id":234358,"date":"2025-11-13T21:20:15","date_gmt":"2025-11-13T21:20:15","guid":{"rendered":"https:\/\/www.europesays.com\/es\/234358\/"},"modified":"2025-11-13T21:20:15","modified_gmt":"2025-11-13T21:20:15","slug":"un-ciberataque-afecta-a-sitios-del-gobierno-y-de-la-defensa-de-dinamarca","status":"publish","type":"post","link":"https:\/\/www.europesays.com\/es\/234358\/","title":{"rendered":"Un ciberataque afecta a sitios del gobierno y de la defensa de Dinamarca"},"content":{"rendered":"<p>    <img src=\"https:\/\/www.europesays.com\/es\/wp-content\/uploads\/2025\/11\/2025-11-13T153A113A04Z-90329170.jpg\" width=\"1024\" height=\"681\" alt=\"\" loading=\"eager\" decoding=\"sync\" fetchpriority=\"high\"\/><\/p>\n<p>            afp_tickers        <\/p>\n<p>        Este contenido fue publicado en    <\/p>\n<p>        13 noviembre 2025 &#8211; 16:11\n<\/p>\n<p>Sitios web del gobierno y la defensa de Dinamarca fueron blanco el jueves de un amplio ciberataque, del que un grupo de piratas inform\u00e1ticos prorrusos se atribuy\u00f3 la autor\u00eda.<\/p>\n<p>Dinamarca, reconocido por su firme apoyo a Ucrania, celebra en pocos d\u00edas elecciones locales.<\/p>\n<p>La Agencia de Protecci\u00f3n Civil de Dinamarca se\u00f1al\u00f3 en un comunicado enviado a AFP que estaba \u00abal tanto de que varias empresas y sitios web daneses estaban experimentando interrupciones y fallos operativos debido a ataques DDoS\u00bb.<\/p>\n<p>Los ataques de denegaci\u00f3n de servicio distribuido (DDoS) bloquean el acceso a un sitio web saturando sus servidores con tr\u00e1fico.<\/p>\n<p>La agencia indic\u00f3 que estaba \u00absiguiendo de cerca la situaci\u00f3n\u00bb, en coordinaci\u00f3n con la inteligencia militar danesa.<\/p>\n<p>Un grupo de hackers prorrusos llamado NoName057 afirm\u00f3 en redes sociales haber atacado sitios daneses como el Ministerio de Transporte, el portal p\u00fablico Borger.dk y la empresa de defensa Terma.<\/p>\n<p>\u00abSabemos que un grupo de hackers rusos dijo que interrumpir\u00eda nuestro sitio web y los de varias autoridades danesas, pero es demasiado pronto para confirmar que sean los responsables\u00bb, se\u00f1al\u00f3 Tobias Brun-Falkencrone, portavoz de Terma.<\/p>\n<p>El mismo grupo prorruso afirm\u00f3 el mi\u00e9rcoles haber atacado los portales de varios municipios daneses.<\/p>\n<p>cbw\/apz\/po\/jll\/jxb\/meb\/mb<\/p>\n","protected":false},"excerpt":{"rendered":"afp_tickers Este contenido fue publicado en 13 noviembre 2025 &#8211; 16:11 Sitios web del gobierno y la defensa&hellip;\n","protected":false},"author":2,"featured_media":234359,"comment_status":"","ping_status":"","sticky":false,"template":"","format":"standard","meta":{"footnotes":""},"categories":[42],"tags":[17,18,82,60987,5796,11892,13,14,11,61,62,63,64,19,20,7657,9,10,15,16,1385,90,12,21,22,65,66,67],"class_list":{"0":"post-234358","1":"post","2":"type-post","3":"status-publish","4":"format-standard","5":"has-post-thumbnail","7":"category-internacional","8":"tag-breaking-news","9":"tag-breakingnews","10":"tag-business","11":"tag-computer-crime","12":"tag-computing-and-information-technology","13":"tag-crime","14":"tag-featured-news","15":"tag-featurednews","16":"tag-headlines","17":"tag-internacional","18":"tag-international","19":"tag-international-news","20":"tag-internationalnews","21":"tag-latest-news","22":"tag-latestnews","23":"tag-law-and-order","24":"tag-news","25":"tag-noticias","26":"tag-noticias-destacadas","27":"tag-noticiasdestacadas","28":"tag-security","29":"tag-ticker","30":"tag-titulares","31":"tag-ultimas-noticias","32":"tag-ultimasnoticias","33":"tag-world","34":"tag-world-news","35":"tag-worldnews"},"share_on_mastodon":{"url":"https:\/\/pubeurope.com\/@es\/115544485352963873","error":""},"_links":{"self":[{"href":"https:\/\/www.europesays.com\/es\/wp-json\/wp\/v2\/posts\/234358","targetHints":{"allow":["GET"]}}],"collection":[{"href":"https:\/\/www.europesays.com\/es\/wp-json\/wp\/v2\/posts"}],"about":[{"href":"https:\/\/www.europesays.com\/es\/wp-json\/wp\/v2\/types\/post"}],"author":[{"embeddable":true,"href":"https:\/\/www.europesays.com\/es\/wp-json\/wp\/v2\/users\/2"}],"replies":[{"embeddable":true,"href":"https:\/\/www.europesays.com\/es\/wp-json\/wp\/v2\/comments?post=234358"}],"version-history":[{"count":0,"href":"https:\/\/www.europesays.com\/es\/wp-json\/wp\/v2\/posts\/234358\/revisions"}],"wp:featuredmedia":[{"embeddable":true,"href":"https:\/\/www.europesays.com\/es\/wp-json\/wp\/v2\/media\/234359"}],"wp:attachment":[{"href":"https:\/\/www.europesays.com\/es\/wp-json\/wp\/v2\/media?parent=234358"}],"wp:term":[{"taxonomy":"category","embeddable":true,"href":"https:\/\/www.europesays.com\/es\/wp-json\/wp\/v2\/categories?post=234358"},{"taxonomy":"post_tag","embeddable":true,"href":"https:\/\/www.europesays.com\/es\/wp-json\/wp\/v2\/tags?post=234358"}],"curies":[{"name":"wp","href":"https:\/\/api.w.org\/{rel}","templated":true}]}}