{"id":234360,"date":"2025-11-13T21:21:05","date_gmt":"2025-11-13T21:21:05","guid":{"rendered":"https:\/\/www.europesays.com\/es\/234360\/"},"modified":"2025-11-13T21:21:05","modified_gmt":"2025-11-13T21:21:05","slug":"si-alguien-cree-que-romper-con-el-psoe-es-votar-con-el-pp-estan-muy-equivocados","status":"publish","type":"post","link":"https:\/\/www.europesays.com\/es\/234360\/","title":{"rendered":"Si alguien cree que romper con el PSOE es votar con el PP, est\u00e1n muy equivocados"},"content":{"rendered":"<p>La abstenci\u00f3n de Junts en la votaci\u00f3n de la moci\u00f3n del PP sobre la continuidad de vida de las centrales nucleares ha supuesto un alivio para el Gobierno, pero como indica la<strong> portavoz de la formaci\u00f3n independentista, M\u00edriam Nogueras, \u00absi alguien cree que romper con el PSOE es votar con el PP, est\u00e1n muy equivocados\u00bb<\/strong>. El partido catalanista <strong>mantiene su ruptura con el Ejecutivo de S\u00e1nchez<\/strong>, incluyendo su negativa a apoyar tanto el techo de gasto como unos eventuales presupuestos: <strong>\u00abSi dependen de Junts, no va a haber nada de nada\u00bb<\/strong>. <\/p>\n<p>Adem\u00e1s, Nogueras tambi\u00e9n se ha referido a la <strong>decisi\u00f3n del Abogado General del TJUE, que ha concluido que la Ley de Amnist\u00eda no vulnera ning\u00fan precepto europeo ni de malversaci\u00f3n ni de terrorismo. \u00abLa decisi\u00f3n del Abogado nos permite decir que la ley de amnist\u00eda es una ley europea, pero tambi\u00e9n que plantarse da resultados\u00bb<\/strong>. Preguntada sobre la valoraci\u00f3n del presidente de su formaci\u00f3n, Carles Puigdemont, sobre esta decisi\u00f3n, la portavoz ha subrayado que \u00abhoy lo que tenemos que hacer es celebrar que estamos m\u00e1s cerca de lo que tiene que acabar siendo, y tambi\u00e9n que <strong>el &#8216;quien pueda hacer que haga&#8217; del se\u00f1or Aznar hoy ha muerto\u00bb.<\/strong><\/p>\n","protected":false},"excerpt":{"rendered":"La abstenci\u00f3n de Junts en la votaci\u00f3n de la moci\u00f3n del PP sobre la continuidad de vida de&hellip;\n","protected":false},"author":2,"featured_media":234361,"comment_status":"","ping_status":"","sticky":false,"template":"","format":"standard","meta":{"footnotes":""},"categories":[8],"tags":[60988,11980,17,18,25,24,13,14,11,19,20,9,10,15,16,133,1448,1986,1987,23,12,21,22],"class_list":{"0":"post-234360","1":"post","2":"type-post","3":"status-publish","4":"format-standard","5":"has-post-thumbnail","7":"category-espana","8":"tag-romper-con-el-psoe-no-es-votar-con-el-pp","9":"tag-24-horas","10":"tag-breaking-news","11":"tag-breakingnews","12":"tag-es","13":"tag-espana","14":"tag-featured-news","15":"tag-featurednews","16":"tag-headlines","17":"tag-latest-news","18":"tag-latestnews","19":"tag-news","20":"tag-noticias","21":"tag-noticias-destacadas","22":"tag-noticiasdestacadas","23":"tag-online","24":"tag-radio","25":"tag-rne","26":"tag-rtve-play","27":"tag-spain","28":"tag-titulares","29":"tag-ultimas-noticias","30":"tag-ultimasnoticias"},"share_on_mastodon":{"url":"https:\/\/pubeurope.com\/@es\/115544488979485494","error":""},"_links":{"self":[{"href":"https:\/\/www.europesays.com\/es\/wp-json\/wp\/v2\/posts\/234360","targetHints":{"allow":["GET"]}}],"collection":[{"href":"https:\/\/www.europesays.com\/es\/wp-json\/wp\/v2\/posts"}],"about":[{"href":"https:\/\/www.europesays.com\/es\/wp-json\/wp\/v2\/types\/post"}],"author":[{"embeddable":true,"href":"https:\/\/www.europesays.com\/es\/wp-json\/wp\/v2\/users\/2"}],"replies":[{"embeddable":true,"href":"https:\/\/www.europesays.com\/es\/wp-json\/wp\/v2\/comments?post=234360"}],"version-history":[{"count":0,"href":"https:\/\/www.europesays.com\/es\/wp-json\/wp\/v2\/posts\/234360\/revisions"}],"wp:featuredmedia":[{"embeddable":true,"href":"https:\/\/www.europesays.com\/es\/wp-json\/wp\/v2\/media\/234361"}],"wp:attachment":[{"href":"https:\/\/www.europesays.com\/es\/wp-json\/wp\/v2\/media?parent=234360"}],"wp:term":[{"taxonomy":"category","embeddable":true,"href":"https:\/\/www.europesays.com\/es\/wp-json\/wp\/v2\/categories?post=234360"},{"taxonomy":"post_tag","embeddable":true,"href":"https:\/\/www.europesays.com\/es\/wp-json\/wp\/v2\/tags?post=234360"}],"curies":[{"name":"wp","href":"https:\/\/api.w.org\/{rel}","templated":true}]}}