{"id":234371,"date":"2025-11-13T21:34:08","date_gmt":"2025-11-13T21:34:08","guid":{"rendered":"https:\/\/www.europesays.com\/es\/234371\/"},"modified":"2025-11-13T21:34:08","modified_gmt":"2025-11-13T21:34:08","slug":"carolina-herrera-amparo-corsini-y-blanca-suelves-en-el-gran-debut-de-su-amiga-barbara-arena-como-escritora","status":"publish","type":"post","link":"https:\/\/www.europesays.com\/es\/234371\/","title":{"rendered":"Carolina Herrera, Amparo Corsini y Blanca Suelves, en el gran debut de su amiga B\u00e1rbara Arena como escritora"},"content":{"rendered":"<p id=\"eA53RMedtq\" data-wc=\"59\">\u201cMenos mal que no iban a venir tus amigas\u201d, comenzaba bromeando el escritor <strong>Jacobo Bergareche<\/strong>. \u201c\u00a1Ni las memorias de Bel\u00e9n Esteban!\u201d. Ni tampoco la intensa lluvia que ca\u00eda, con \u00edmpetu, el pasado cinco de noviembre en la capital fue impedimento para que <a class=\"hm-link ho-link\" href=\"https:\/\/www.hola.com\/actualidad\/20231222353956\/amparo-corsini-carolina-herrera-fiesta-navidad-barbara-pan-soraluce\/\" data-mrf-recirculation=\"article-body-link\" rel=\"nofollow noopener\" target=\"_blank\">B\u00e1rbara Arena llenase por completo la sala Ram\u00f3n G\u00f3mez de la Serna del C\u00edrculo de Bellas Artes<\/a>.\u00a0<\/p>\n<p id=\"e8rzFfYqLqY\" data-wc=\"59\">Se presentaba ante el p\u00fablico <strong>como escritora con Un adi\u00f3s,<\/strong> un libro (publicado a finales de octubre) que forma parte de una colecci\u00f3n iniciada por la editorial Lengua de Trapo y el C\u00edrculo de Bellas Artes, proponiendo a varios escritores contar un hecho hist\u00f3rico posterior a la Transici\u00f3n. Un homenaje contempor\u00e1neo a los Episodios Nacionales de Benito P\u00e9rez Gald\u00f3s.<\/p>\n<p id=\"e7anGzWmBWn\" data-wc=\"66\">El suyo comienza con <strong>una mujer que coge un taxi para ir a un funeral<\/strong> \u2013\u201cla muerte de una figura que recuerda a alguien\u201d, alcanzaba a decir B\u00e1rbara- del padre de su hijo. \u201cSu familia piensa que es inapropiado, como lo fue tambi\u00e9n su relaci\u00f3n con \u00e9l: una aventura que deriv\u00f3 en la reclusi\u00f3n para siempre de una chica llamada a disfrutar de guateques y cacer\u00edas\u201d.\u00a0<\/p>\n<p>  <img src=\"https:\/\/www.europesays.com\/es\/wp-content\/uploads\/2025\/11\/975515c04028-ffjt6245r.jpg\"   width=\"1080\" height=\"1080\" loading=\"lazy\" decoding=\"async\" alt=\"Marta Barroso y Carolina Herrera con unos ejemplares del libro 'Un adi\u00f3s'\" fetchpriority=\"auto\" class=\"image ho-image\"\/>\u00a9 FERNANDO JUNCOMarta Barroso y Carolina Herrera, quien se llev\u00f3 varios ejemplares firmados por B\u00e1rbara<\/p>\n<p>  <img src=\"https:\/\/www.europesays.com\/es\/wp-content\/uploads\/2025\/11\/50c471863bae-ffjt6311r.jpg\"   width=\"1080\" height=\"1800\" loading=\"lazy\" decoding=\"async\" alt=\"Amparo Corsini\" fetchpriority=\"auto\" class=\"image ho-image\"\/>\u00a9 FERNANDO JUNCOAmparo Corsini, que tampoco quiso perderse la presentaci\u00f3n de su amiga<\/p>\n<p id=\"e_lZkLcyz_4\" data-wc=\"71\">Tanto Jacobo como la tambi\u00e9n escritora <strong>Laura Ferrero<\/strong>, que preguntaban a B\u00e1rbara acerca de su obra, en un ameno coloquio, destacaban su deslumbrante debut en la literatura. \u201cEspa\u00f1a no es un pa\u00eds que tenga tradici\u00f3n de <strong>escribir de las clases altas<\/strong>\u201d, explicaba Jacobo, y ella lo ha conseguido, reflejando esa sociedad que est\u00e1 tan viva, pero no se ve, sin caricaturas, en las m\u00e1s de cien p\u00e1ginas que comprende Un adi\u00f3s. \u00a0<\/p>\n<p id=\"ez9PEaNOiJY\" data-wc=\"90\">En primera fila, se encontraban sus padres, <a class=\"hm-link ho-link\" href=\"https:\/\/www.hola.com\/moda\/tendencias\/20210123300711\/mascarillas-panuelo-barbara-pan\/\" data-mrf-recirculation=\"article-body-link\" rel=\"nofollow noopener\" target=\"_blank\">la artista B\u00e1rbara Pan de Soraluce -art\u00edfice de Los Platos de Pan-<\/a>, y el banquero <strong>Juan Arena de la Mora<\/strong>, que segu\u00edan con atenci\u00f3n y orgullo sus palabras. \u201cMe han preguntado c\u00f3mo he conseguido esa mirada externa e interna y eso se lo debo a mi padre\u201d, confesaba la autora. \u201cUna persona que est\u00e1 mirando desde dentro y desde afuera, con una doble mirada. Me ha ayudado a tener libertad intelectual y una mirada emancipada\u2026 Gracias, pap\u00e1, eso te lo debo a ti\u201d.<\/p>\n<p>  <img src=\"https:\/\/www.europesays.com\/es\/wp-content\/uploads\/2025\/11\/a95dd5af0220-ffjt6273r.jpg\"   width=\"1080\" height=\"1800\" loading=\"lazy\" decoding=\"async\" alt=\"B\u00e1rbara Arena\" fetchpriority=\"auto\" class=\"image ho-image\"\/>\u00a9 FERNANDO JUNCOLa escritora B\u00e1rbara Arena, que agot\u00f3 las existencias de su primer libro en la presentaci\u00f3n<\/p>\n<p>  <img src=\"https:\/\/www.europesays.com\/es\/wp-content\/uploads\/2025\/11\/577d1ce37c77-ffjt6319r.jpg\"   width=\"1080\" height=\"1800\" loading=\"lazy\" decoding=\"async\" alt=\"B\u00e1rara Pan de Soraluce, Mar\u00eda Fitz-James y Jacobo Bergareche\" fetchpriority=\"auto\" class=\"image ho-image\"\/>\u00a9 FERNANDO JUNCOLa artista B\u00e1rbara Pan de Soraluce, madre de la escritora, con la empresaria Mar\u00eda Fitz-James y el escritor Jacobo Bergareche, que acompa\u00f1aba a la autora en la presentaci\u00f3n del libro<\/p>\n<p>  <img src=\"https:\/\/www.europesays.com\/es\/wp-content\/uploads\/2025\/11\/dd69f93396a8-ffjt6353r.jpg\"   width=\"1080\" height=\"1800\" loading=\"lazy\" decoding=\"async\" alt=\"B\u00e1rbara Arena con Blanca Suelves\" fetchpriority=\"auto\" class=\"image ho-image\"\/>\u00a9 FERNANDO JUNCOB\u00e1rbara Arena y Blanca Suelves<\/p>\n<p>  <img src=\"https:\/\/www.europesays.com\/es\/wp-content\/uploads\/2025\/11\/5c37e3607c90-ffjt6375r.jpg\"   width=\"1080\" height=\"1800\" loading=\"lazy\" decoding=\"async\" alt=\"Mercedes Peralta y Mercedes Valdenebro\" fetchpriority=\"auto\" class=\"image ho-image\"\/>\u00a9 FERNANDO JUNCOMercedes Peralta y Mercedes Valdenebro, fundadoras del estudio Las 2 Mercedes<\/p>\n<p id=\"eC4K7waBEnp\" data-wc=\"30\">Su madre nos dec\u00eda, tras el acto, que \u201c<strong>no puedo estar m\u00e1s orgullosa de ella, creo que es una mujer incre\u00edble.<\/strong> Lo ten\u00eda dentro y de repente empez\u00f3 y sali\u00f3\u201d.<\/p>\n<p id=\"eC7VYZHSoTR\" data-wc=\"54\">Y todo ese trabajo en el que B\u00e1rbara aprendi\u00f3 a renunciar al ideal, \u201cal libro perfecto\u201d, qued\u00f3 reflejado en este acto que <strong>Amparo Corsini y Blanca Suelves<\/strong> nos definieron, casi a la vez, como \u201cestupendo\u201d. \u201cJacobo ha dicho una cosa que es objetivo y es que es escritora\u2026 <a class=\"hm-link ho-link\" href=\"https:\/\/www.hola.com\/actualidad\/20250925857421\/gran-regreso-blanca-suelves-30-anyos-despues-he-tenido-ofertas-muy-jugosas\/\" data-mrf-recirculation=\"article-body-link\" rel=\"nofollow noopener\" target=\"_blank\">Esa es la verdad\u201d, se\u00f1alaba Blanca<\/a>.<\/p>\n<p id=\"eHTmoPrboDZ\" data-wc=\"59\">No fueron las \u00fanicas que estaban entre ese p\u00fablico que escuchaba, con atenci\u00f3n, a la escritora. <a class=\"hm-link ho-link\" href=\"https:\/\/www.hola.com\/actualidad\/20240924718518\/carolina-herrera-infancia-caracas-revista-peluqueria\/\" data-mrf-recirculation=\"article-body-link\" rel=\"nofollow noopener\" target=\"_blank\">Tambi\u00e9n amigas como Carolina Herrera, directora creativa de The House of Herrera Fragrances<\/a> -quien sali\u00f3 con un par de ejemplares firmados-, las empresarias <strong>Mar\u00eda y Clea Fitz-James Stuart<\/strong>, la periodista <strong>Marta Barroso<\/strong>, <strong>Mercedes Peralta<\/strong> y <strong>Mercedes Valdenebro<\/strong>, fundadoras del estudio Las 2 Mercedes.<\/p>\n<p id=\"eDuXWrwyhiF\" data-wc=\"23\">B\u00e1rbara lo ha vuelto a hacer, ha logrado unir esos dos mundos entre los que navega, mientras se prepara <strong>para un pr\u00f3ximo libro<\/strong>.<\/p>\n<p>  <img src=\"https:\/\/www.europesays.com\/es\/wp-content\/uploads\/2025\/11\/a7f46faac029-ffjt6356r.jpg\"   width=\"1024\" height=\"682\" loading=\"lazy\" decoding=\"async\" alt=\"B\u00e1rbara Arena durante la presentaci\u00f3n de su libro\" fetchpriority=\"auto\" class=\"image ho-image\"\/>\u00a9 FERNANDO JUNCO<\/p>\n<p>  <img src=\"https:\/\/www.europesays.com\/es\/wp-content\/uploads\/2025\/11\/cbe3a5e9dcd1-ffjt6358r.jpg\"   width=\"1024\" height=\"682\" loading=\"lazy\" decoding=\"async\" alt=\"B\u00e1rbara Arena, llenando el C\u00edrculo de Bellas Artes en la presentaci\u00f3n de su libro\" fetchpriority=\"auto\" class=\"image ho-image\"\/>\u00a9 FERNANDO JUNCODos momentos de la presentaci\u00f3n del libro. En su debut, B\u00e1rbara llen\u00f3 al completo la sala<\/p>\n","protected":false},"excerpt":{"rendered":"\u201cMenos mal que no iban a venir tus amigas\u201d, comenzaba bromeando el escritor Jacobo Bergareche. \u201c\u00a1Ni las memorias&hellip;\n","protected":false},"author":2,"featured_media":234372,"comment_status":"","ping_status":"","sticky":false,"template":"","format":"standard","meta":{"footnotes":""},"categories":[174],"tags":[517,60627,40542,255,146,147,25,24,256,23],"class_list":{"0":"post-234371","1":"post","2":"type-post","3":"status-publish","4":"format-standard","5":"has-post-thumbnail","7":"category-famosos","8":"tag-actualidad","9":"tag-blanca-suelves","10":"tag-carolina-herrera","11":"tag-celebrities","12":"tag-entertainment","13":"tag-entretenimiento","14":"tag-es","15":"tag-espana","16":"tag-famosos","17":"tag-spain"},"share_on_mastodon":{"url":"https:\/\/pubeurope.com\/@es\/115544541184213962","error":""},"_links":{"self":[{"href":"https:\/\/www.europesays.com\/es\/wp-json\/wp\/v2\/posts\/234371","targetHints":{"allow":["GET"]}}],"collection":[{"href":"https:\/\/www.europesays.com\/es\/wp-json\/wp\/v2\/posts"}],"about":[{"href":"https:\/\/www.europesays.com\/es\/wp-json\/wp\/v2\/types\/post"}],"author":[{"embeddable":true,"href":"https:\/\/www.europesays.com\/es\/wp-json\/wp\/v2\/users\/2"}],"replies":[{"embeddable":true,"href":"https:\/\/www.europesays.com\/es\/wp-json\/wp\/v2\/comments?post=234371"}],"version-history":[{"count":0,"href":"https:\/\/www.europesays.com\/es\/wp-json\/wp\/v2\/posts\/234371\/revisions"}],"wp:featuredmedia":[{"embeddable":true,"href":"https:\/\/www.europesays.com\/es\/wp-json\/wp\/v2\/media\/234372"}],"wp:attachment":[{"href":"https:\/\/www.europesays.com\/es\/wp-json\/wp\/v2\/media?parent=234371"}],"wp:term":[{"taxonomy":"category","embeddable":true,"href":"https:\/\/www.europesays.com\/es\/wp-json\/wp\/v2\/categories?post=234371"},{"taxonomy":"post_tag","embeddable":true,"href":"https:\/\/www.europesays.com\/es\/wp-json\/wp\/v2\/tags?post=234371"}],"curies":[{"name":"wp","href":"https:\/\/api.w.org\/{rel}","templated":true}]}}