{"id":234373,"date":"2025-11-13T21:35:37","date_gmt":"2025-11-13T21:35:37","guid":{"rendered":"https:\/\/www.europesays.com\/es\/234373\/"},"modified":"2025-11-13T21:35:37","modified_gmt":"2025-11-13T21:35:37","slug":"un-paseo-por-los-frescos-originales-de-carracci","status":"publish","type":"post","link":"https:\/\/www.europesays.com\/es\/234373\/","title":{"rendered":"un paseo por los frescos originales de Carracci"},"content":{"rendered":"<p>\t\t\t\t\t\t\t\t\t\t\t\t\t\t\t\t\t\t\t\t\t\t<img loading=\"lazy\" decoding=\"async\" src=\"https:\/\/www.europesays.com\/es\/wp-content\/uploads\/2025\/11\/frescos-caracci-museo-prado-1024x683.jpg\" class=\"img-fluid\" alt=\"carracci museo prado\" width=\"1024\" height=\"683\"\/><br \/>\n\t\t\t\t\t\t\t\t\t\t\t\t\t\t\t\t\t\t\t\t\t\tCr\u00e9dito editorial: \u00a9 Museo del Prado<\/p>\n<p>    Guardar<\/p>\n<p>Desde hace unos d\u00edas en el Museo del Prado <strong>se puede visitar una capilla que ya no existe<\/strong>. La Capilla Herrera \u2013que as\u00ed se llamaba\u2013 form\u00f3 parte de la iglesia de Santiago de los Espa\u00f1oles, en Roma, hasta 1833, cuando el riesgo de ruina que amenazaba la integridad del templo oblig\u00f3 a desmantelarla. Ahora, <strong>la pinacoteca de Madrid la ha reconstruido en sus instalaciones<\/strong>, con una parte importante de los <strong>frescos originales de Carracci<\/strong> que le serv\u00edan de ornamentaci\u00f3n.<\/p>\n<p>A pesar de que no es la primera vez que estas obras se exponen al p\u00fablico \u2013dado que ya fueron objeto de una gran exposici\u00f3n en 2022\u2013, <strong>lo que es novedoso es la forma de hacerlo<\/strong>: con un montaje arquitect\u00f3nico dise\u00f1ado por Francisco Bocanegra que permite contemplar los frescos <strong>tal y como fueron concebidos e instalados<\/strong>.<\/p>\n<p>En total se trata de siete frescos <strong>realizados entre 1602 y 1605<\/strong> por Annibale Carracci y algunos de sus colaboradores \u2013como Francesco Albani\u2013 que narran episodios de la vida de san Diego de Alcal\u00e1 y conforman \u00ab<strong>un conjunto excepcional del barroco italiano<\/strong>\u00bb, en palabras del museo.<\/p>\n<p>La capilla fue un encargo del banquero palentino Juan Enr\u00edquez de Herrera, que quiso dedic\u00e1rsela a este santo como muestra de agradecimiento por una <strong>supuesta \u00abintercesi\u00f3n milagrosa\u00bb para curar a su hijo<\/strong>.<\/p>\n<p> Los frescos de Carracci, entre Madrid y Barcelona <img fetchpriority=\"high\" decoding=\"async\" class=\"size-full wp-image-229840\" src=\"https:\/\/www.europesays.com\/es\/wp-content\/uploads\/2025\/11\/frescos-carracci-museo-del-prado.jpg\" alt=\"carracci museo prado\" width=\"1200\" height=\"800\"  \/>Cr\u00e9dito editorial: \u00a9 Museo del Prado <\/p>\n<p>Los siete frescos de la colecci\u00f3n del Museo del Prado no son todos los que hab\u00eda en la capilla: llegado el momento de desmantelar la capilla original, parte de las piezas viajaron hasta Madrid y la otra parte \u2013el grueso de la obra\u2013 se traslad\u00f3 a <a href=\"https:\/\/barcelonasecreta.com\/\" rel=\"follow nofollow noopener\" target=\"_blank\" class=\"shortcode-outbound-link\" data-has-ga=\"true\" data-ga-type=\"click\" data-label=\"https:\/\/barcelonasecreta.com\/\" data-action=\"text_cta_0\" data-category=\"click_cross\">Barcelona<\/a> en 1851. A d\u00eda de hoy <strong>se conservan nueve en el Museu Nacional d\u2019Art de Catalunya<\/strong>.<\/p>\n<p>De vuelta a la capital, estos frescos se pueden ver en la sala 4 del Museo Nacional del Prado junto a otras obras de quienes los pintaron y su m\u00e1s estrecho c\u00edrculo, como <strong>Ludovico Carracci, Guido Reni y Domenichino<\/strong>.<\/p>\n","protected":false},"excerpt":{"rendered":"Cr\u00e9dito editorial: \u00a9 Museo del Prado Guardar Desde hace unos d\u00edas en el Museo del Prado se puede&hellip;\n","protected":false},"author":2,"featured_media":234374,"comment_status":"","ping_status":"","sticky":false,"template":"","format":"standard","meta":{"footnotes":""},"categories":[173],"tags":[229,233,231,230,232,234,146,147,25,24,23],"class_list":{"0":"post-234373","1":"post","2":"type-post","3":"status-publish","4":"format-standard","5":"has-post-thumbnail","7":"category-arte-y-diseno","8":"tag-arte","9":"tag-arte-y-diseno","10":"tag-arts","11":"tag-arts-and-design","12":"tag-design","13":"tag-diseno","14":"tag-entertainment","15":"tag-entretenimiento","16":"tag-es","17":"tag-espana","18":"tag-spain"},"share_on_mastodon":{"url":"https:\/\/pubeurope.com\/@es\/115544544005733470","error":""},"_links":{"self":[{"href":"https:\/\/www.europesays.com\/es\/wp-json\/wp\/v2\/posts\/234373","targetHints":{"allow":["GET"]}}],"collection":[{"href":"https:\/\/www.europesays.com\/es\/wp-json\/wp\/v2\/posts"}],"about":[{"href":"https:\/\/www.europesays.com\/es\/wp-json\/wp\/v2\/types\/post"}],"author":[{"embeddable":true,"href":"https:\/\/www.europesays.com\/es\/wp-json\/wp\/v2\/users\/2"}],"replies":[{"embeddable":true,"href":"https:\/\/www.europesays.com\/es\/wp-json\/wp\/v2\/comments?post=234373"}],"version-history":[{"count":0,"href":"https:\/\/www.europesays.com\/es\/wp-json\/wp\/v2\/posts\/234373\/revisions"}],"wp:featuredmedia":[{"embeddable":true,"href":"https:\/\/www.europesays.com\/es\/wp-json\/wp\/v2\/media\/234374"}],"wp:attachment":[{"href":"https:\/\/www.europesays.com\/es\/wp-json\/wp\/v2\/media?parent=234373"}],"wp:term":[{"taxonomy":"category","embeddable":true,"href":"https:\/\/www.europesays.com\/es\/wp-json\/wp\/v2\/categories?post=234373"},{"taxonomy":"post_tag","embeddable":true,"href":"https:\/\/www.europesays.com\/es\/wp-json\/wp\/v2\/tags?post=234373"}],"curies":[{"name":"wp","href":"https:\/\/api.w.org\/{rel}","templated":true}]}}