{"id":234382,"date":"2025-11-13T21:43:14","date_gmt":"2025-11-13T21:43:14","guid":{"rendered":"https:\/\/www.europesays.com\/es\/234382\/"},"modified":"2025-11-13T21:43:14","modified_gmt":"2025-11-13T21:43:14","slug":"el-teatro-real-premiado-como-el-mas-sostenible-del-mundo-en-los-opera-award","status":"publish","type":"post","link":"https:\/\/www.europesays.com\/es\/234382\/","title":{"rendered":"El Teatro Real, premiado como el m\u00e1s sostenible del mundo en los Opera Award"},"content":{"rendered":"<p style=\"\">El <strong>Teatro Real<\/strong> sido galardonado con el <a href=\"https:\/\/www.abc.es\/cultura\/musica\/abci-teatro-real-premiado-international-opera-awards-produccion-billy-budd-201804092139_noticia.html\" target=\"_self\" data-voc-vtm-id=\"in-text-traffic\" title=\"International Opera Award\" data-mrf-link=\"www.abc.es\" rel=\"nofollow noopener\">International Opera Award<\/a> de Sostenibilidad como reconocimiento a las actuaciones de mejora de eficiencia energ\u00e9tica realizadas en la cubierta y en el interior de su edificio, as\u00ed como por su compromiso y esfuerzo continuado, a lo  &#8230; largo de los \u00faltimos a\u00f1os, para reducir su huella de carbono.<\/p>\n<p class=\"voc-p\" style=\"\">El premio se ha hecho p\u00fablico en la ceremonia celebrada en la Opera Nacional de Grecia, en el Stavros Niarchos Hall, donde<strong> Sofia Dimtsa<\/strong>, directora de asuntos corporativos y comunicaci\u00f3n de PPC Group, ha hecho entrega del galard\u00f3n a los representantes del Teatro Real: <strong>Justin Way,<\/strong> director de producci\u00f3n; <strong>Enrique Collell<\/strong>, secretario general; y <strong>Nuria Gallego<\/strong>, directora de infraestructuras y servicios generales.<\/p>\n<p class=\"voc-p\" style=\"\">\u00abEste no es solo un reconocimiento a lo que hemos logrado, sino tambi\u00e9n una motivaci\u00f3n para seguir adelante con a\u00fan m\u00e1s energ\u00eda y compromiso, siendo un referente en sostenibilidad\u00bb, ha dicho Justin Way al recoger el premio, que ha agradecido en nombre de la instituci\u00f3n. Way ha querido compartirlo con todos los teatros de \u00f3pera, \u00abya que todos avanzamos tratando de construir un futuro mejor\u00bb.<\/p>\n<p class=\"voc-p\" style=\"\">El jurado de los premios, considerados los Oscar del mundo de la \u00f3pera, ha valorado el plan de trabajo, el esfuerzo continuado y las actuaciones de mejora de eficiencia energ\u00e9tica <a href=\"https:\/\/www.abc.es\/antropia\/teatro-real-alumbra-mejor-obra-20240716073049-nt.html\" target=\"_self\" data-voc-vtm-id=\"in-text-traffic\" title=\"realizadas en la cubierta\" data-mrf-link=\"www.abc.es\" rel=\"nofollow noopener\">realizadas en la cubierta<\/a> y en el interior de su edificio en los \u00faltimos seis a\u00f1os. Las obras han sido subvencionadas \u00edntegramente con fondos del Plan de Recuperaci\u00f3n, Transformaci\u00f3n y Resiliencia, financiado por la Uni\u00f3n Europea \u2013 Next Generation EU.<\/p>\n<p class=\"voc-p\" style=\"\">El Teatro Real es el primer Bien de Inter\u00e9s Cultural (BIC) en entrar en el Registro del Ministerio para la Transici\u00f3n Ecol\u00f3gica y el Reto Demogr\u00e1fico y obtener el Certificado de Ahorro Energ\u00e9tico (CAEs) y en noviembre de 2024 recibi\u00f3 el premio a la Mejor Actuaci\u00f3n de Eficiencia Energ\u00e9tica y Sostenibilidad que cada a\u00f1o otorga la Asociaci\u00f3n de Empresas de Eficiencia Energ\u00e9tica (A3E) de Espa\u00f1a.<\/p>\n<p class=\"voc-p\" style=\"\">El Teatro Real comenz\u00f3 en 2019 un decidido trabajo de optimizaci\u00f3n energ\u00e9tica al que denomin\u00f3 <strong>Teatro M\u00e1s Sostenible<\/strong>, cuyo objetivo era convertirse en un edificio de consumo energ\u00e9tico casi nulo (NZBE, Nearly Zero Energy Building). Desde entonces se han llevado a cabo numerosas actuaciones en el exterior e interior del edificio en el marco del Plan de Transici\u00f3n Energ\u00e9tica de la Administraci\u00f3n General del Estado, financiado con los fondos Next Generation EU.<\/p>\n<p class=\"voc-p\" style=\"\">Los <strong>International Opera Awards<\/strong> se crearon en 2012 por la revista brit\u00e1nica Opera, y con ellos se quiere galardonar anualmente a los mejores en el mundo de la l\u00edrica (producciones, cantantes, directores, teatros, orquestas\u2026). El Teatro Real fue reconocido como mejor teatro del mundo en la edici\u00f3n de 2021 y fue anfitri\u00f3n de la gala de entrega de premios en 2022, en la primera ocasi\u00f3n en que se celebraban fuera de Londres.<\/p>\n","protected":false},"excerpt":{"rendered":"El Teatro Real sido galardonado con el International Opera Award de Sostenibilidad como reconocimiento a las actuaciones de&hellip;\n","protected":false},"author":2,"featured_media":234383,"comment_status":"","ping_status":"","sticky":false,"template":"","format":"standard","meta":{"footnotes":""},"categories":[91],"tags":[25470,146,147,25,24,3013,7452,6343,798,11721,23,1651],"class_list":{"0":"post-234382","1":"post","2":"type-post","3":"status-publish","4":"format-standard","5":"has-post-thumbnail","7":"category-entretenimiento","8":"tag-award","9":"tag-entertainment","10":"tag-entretenimiento","11":"tag-es","12":"tag-espana","13":"tag-mundo","14":"tag-opera","15":"tag-premiado","16":"tag-real","17":"tag-sostenible","18":"tag-spain","19":"tag-teatro"},"share_on_mastodon":{"url":"https:\/\/pubeurope.com\/@es\/115544575606825058","error":""},"_links":{"self":[{"href":"https:\/\/www.europesays.com\/es\/wp-json\/wp\/v2\/posts\/234382","targetHints":{"allow":["GET"]}}],"collection":[{"href":"https:\/\/www.europesays.com\/es\/wp-json\/wp\/v2\/posts"}],"about":[{"href":"https:\/\/www.europesays.com\/es\/wp-json\/wp\/v2\/types\/post"}],"author":[{"embeddable":true,"href":"https:\/\/www.europesays.com\/es\/wp-json\/wp\/v2\/users\/2"}],"replies":[{"embeddable":true,"href":"https:\/\/www.europesays.com\/es\/wp-json\/wp\/v2\/comments?post=234382"}],"version-history":[{"count":0,"href":"https:\/\/www.europesays.com\/es\/wp-json\/wp\/v2\/posts\/234382\/revisions"}],"wp:featuredmedia":[{"embeddable":true,"href":"https:\/\/www.europesays.com\/es\/wp-json\/wp\/v2\/media\/234383"}],"wp:attachment":[{"href":"https:\/\/www.europesays.com\/es\/wp-json\/wp\/v2\/media?parent=234382"}],"wp:term":[{"taxonomy":"category","embeddable":true,"href":"https:\/\/www.europesays.com\/es\/wp-json\/wp\/v2\/categories?post=234382"},{"taxonomy":"post_tag","embeddable":true,"href":"https:\/\/www.europesays.com\/es\/wp-json\/wp\/v2\/tags?post=234382"}],"curies":[{"name":"wp","href":"https:\/\/api.w.org\/{rel}","templated":true}]}}