{"id":234387,"date":"2025-11-13T21:47:11","date_gmt":"2025-11-13T21:47:11","guid":{"rendered":"https:\/\/www.europesays.com\/es\/234387\/"},"modified":"2025-11-13T21:47:11","modified_gmt":"2025-11-13T21:47:11","slug":"la-bbc-examina-otro-presunto-montaje-enganoso-de-un-discurso-de-trump","status":"publish","type":"post","link":"https:\/\/www.europesays.com\/es\/234387\/","title":{"rendered":"La BBC examina otro presunto montaje enga\u00f1oso de un discurso de Trump"},"content":{"rendered":"<p>    <img src=\"https:\/\/www.europesays.com\/es\/wp-content\/uploads\/2025\/11\/2025-11-13T203A503A48Z-90331018.jpg\" width=\"1024\" height=\"682\" alt=\"\" loading=\"eager\" decoding=\"sync\" fetchpriority=\"high\"\/><\/p>\n<p>            afp_tickers        <\/p>\n<p>        Este contenido fue publicado en    <\/p>\n<p>        13 noviembre 2025 &#8211; 21:50\n<\/p>\n<p>La BBC inform\u00f3 este jueves que est\u00e1 examinando el caso de otro posible montaje enga\u00f1oso de un discurso de Donald Trump, el segundo hasta la fecha.<\/p>\n<p>Seg\u00fan el diario The Telegraph, la BBC difundi\u00f3 en junio de 2022 en su programa \u00abNewsnight\u00bb un reportaje en el que se habr\u00edan yuxtapuesto frases sueltas de un discurso de Trump del 6 de enero de 2021, cuando simpatizantes del republicano asaltaron el Capitolio en Washington.<\/p>\n<p>En el video difundido parec\u00eda que el magnate incitaba a sus seguidores a penetrar en el Congreso y \u00abluchar como diablos\u00bb.<\/p>\n<p>\u00abEste problema nos llam\u00f3 la atenci\u00f3n y estamos llevando a cabo una investigaci\u00f3n\u00bb, reaccion\u00f3 un portavoz de la BBC, que agreg\u00f3 que el grupo audiovisual \u00abse compromete a respetar las m\u00e1ximas normas editoriales\u00bb.<\/p>\n<p>Esta acusaci\u00f3n llega menos de una semana despu\u00e9s de que se acusara a otro programa de la cadena, difundido en 2024, de haber hecho lo mismo y con el mismo discurso de Trump.<\/p>\n<p>Ese caso, por el que la BBC reconoci\u00f3 un \u00aberror de juicio\u00bb, puso al grupo en el ojo del hurac\u00e1n y acarre\u00f3 las dimisiones de su director general y de la jefa de su cadena de informaci\u00f3n BBC News.<\/p>\n<p>El presidente estadounidense tambi\u00e9n amenaz\u00f3 con reclamar 1.000 millones de d\u00f3lares de indemnizaci\u00f3n por da\u00f1os y perjuicios a la BBC por difamaci\u00f3n si el grupo no se disculpa y no retira el documental que contiene ese mensaje enga\u00f1oso antes del viernes a las 22H00 GMT.<\/p>\n<p>Por su parte, la BBC declar\u00f3 que responder\u00eda \u00aba su debido tiempo\u00bb a las demandas de Donald Trump.<\/p>\n<p>Respecto al caso del magac\u00edn \u00abNewsnight\u00bb, el Telegraph cita a un exempleado del programa, que afirm\u00f3 al diario el equipo abord\u00f3 un problema relacionado con el montaje del discurso de Trump despu\u00e9s de la emisi\u00f3n, pero que un responsable no dio seguimiento al tema.<\/p>\n<p>Seg\u00fan explic\u00f3 la fuente, el caso habr\u00eda sido denunciado inmediatamente en el plat\u00f3 por un invitado, excolaborador de Donald Trump.<\/p>\n<p>mhc\/emp\/jvb\/an<\/p>\n","protected":false},"excerpt":{"rendered":"afp_tickers Este contenido fue publicado en 13 noviembre 2025 &#8211; 21:50 La BBC inform\u00f3 este jueves que est\u00e1&hellip;\n","protected":false},"author":2,"featured_media":234388,"comment_status":"","ping_status":"","sticky":false,"template":"","format":"standard","meta":{"footnotes":""},"categories":[42],"tags":[17,18,5797,13,14,11,61,62,63,64,19,20,5798,9,10,15,16,12089,88,12090,807,90,12,21,22,65,66,67],"class_list":{"0":"post-234387","1":"post","2":"type-post","3":"status-publish","4":"format-standard","5":"has-post-thumbnail","7":"category-internacional","8":"tag-breaking-news","9":"tag-breakingnews","10":"tag-culture","11":"tag-featured-news","12":"tag-featurednews","13":"tag-headlines","14":"tag-internacional","15":"tag-international","16":"tag-international-news","17":"tag-internationalnews","18":"tag-latest-news","19":"tag-latestnews","20":"tag-mass-media","21":"tag-news","22":"tag-noticias","23":"tag-noticias-destacadas","24":"tag-noticiasdestacadas","25":"tag-parties-and-movements","26":"tag-politics","27":"tag-politics-general","28":"tag-television","29":"tag-ticker","30":"tag-titulares","31":"tag-ultimas-noticias","32":"tag-ultimasnoticias","33":"tag-world","34":"tag-world-news","35":"tag-worldnews"},"share_on_mastodon":{"url":"https:\/\/pubeurope.com\/@es\/115544591500507642","error":""},"_links":{"self":[{"href":"https:\/\/www.europesays.com\/es\/wp-json\/wp\/v2\/posts\/234387","targetHints":{"allow":["GET"]}}],"collection":[{"href":"https:\/\/www.europesays.com\/es\/wp-json\/wp\/v2\/posts"}],"about":[{"href":"https:\/\/www.europesays.com\/es\/wp-json\/wp\/v2\/types\/post"}],"author":[{"embeddable":true,"href":"https:\/\/www.europesays.com\/es\/wp-json\/wp\/v2\/users\/2"}],"replies":[{"embeddable":true,"href":"https:\/\/www.europesays.com\/es\/wp-json\/wp\/v2\/comments?post=234387"}],"version-history":[{"count":0,"href":"https:\/\/www.europesays.com\/es\/wp-json\/wp\/v2\/posts\/234387\/revisions"}],"wp:featuredmedia":[{"embeddable":true,"href":"https:\/\/www.europesays.com\/es\/wp-json\/wp\/v2\/media\/234388"}],"wp:attachment":[{"href":"https:\/\/www.europesays.com\/es\/wp-json\/wp\/v2\/media?parent=234387"}],"wp:term":[{"taxonomy":"category","embeddable":true,"href":"https:\/\/www.europesays.com\/es\/wp-json\/wp\/v2\/categories?post=234387"},{"taxonomy":"post_tag","embeddable":true,"href":"https:\/\/www.europesays.com\/es\/wp-json\/wp\/v2\/tags?post=234387"}],"curies":[{"name":"wp","href":"https:\/\/api.w.org\/{rel}","templated":true}]}}