{"id":234392,"date":"2025-11-13T21:54:09","date_gmt":"2025-11-13T21:54:09","guid":{"rendered":"https:\/\/www.europesays.com\/es\/234392\/"},"modified":"2025-11-13T21:54:09","modified_gmt":"2025-11-13T21:54:09","slug":"asi-quedan-las-semifinales-con-alcaraz-y-sinner","status":"publish","type":"post","link":"https:\/\/www.europesays.com\/es\/234392\/","title":{"rendered":"as\u00ed quedan las semifinales con Alcaraz y Sinner"},"content":{"rendered":"<p data-gtm-element-container=\"modulo-texto-link\" class=\"paragraph\"><strong>Carlos Alcaraz<\/strong>, 22 a\u00f1os y n\u00ba 1 mundial, y <strong>Jannik Sinner<\/strong>, 24 y n\u00ba 2, van camino de completar la temporada con un sexto enfrentamiento directo personal, el decimosexto en su trayectoria en ATP Tour.\u00a0<\/p>\n<p data-gtm-element-container=\"modulo-texto-link\" class=\"paragraph\">El espa\u00f1ol tiene el balance general a favor, 10-5, como asimismo el de este curso (4-1), pero Tur\u00edn es territorio del italiano, por los 13.000 aficionados del Inalpi Arena, el factor bajo techo (&#8216;indoor&#8217;), donde suma 28 victorias consecutivas, y su condici\u00f3n de vigente campe\u00f3n.<\/p>\n<p data-gtm-element-container=\"modulo-texto-link\" class=\"paragraph\"><strong>Carlos Alcaraz<\/strong> le gan\u00f3 el primer trofeo en disputa. Depend\u00eda de s\u00ed mismo, y con sus tres triunfos en la fase de grupos at\u00f3 el n\u00famero uno mundial de la temporada, por segunda vez e su carrera. Ya hab\u00eda sido l\u00edder final de la campa\u00f1a en 2022.<\/p>\n<p data-gtm-element-container=\"modulo-texto-link\" class=\"paragraph\">El domingo, a las 18:00 horas, podr\u00edan reencontrarse en la final de &#8216;maestros&#8217;. Antes tendr\u00e1n que superar las semifinales, programadas a las 14:30 y 20:30 horas.<\/p>\n<p data-gtm-element-container=\"modulo-texto-link\" class=\"paragraph\"><strong>Jannik Sinner <\/strong>ya tiene rival, el australiano <strong>Alex de Mi\u00f1aur,<\/strong> que se meti\u00f3 &#8216;in extremis&#8217; venciendo al estadounidense <strong>Taylor Fritz<\/strong>, 7-6 (3) y 6-3, y benefici\u00e1ndose de que<strong> Carlos Alcaraz<\/strong> eliminase al italiano <strong>Lorenzo Musetti <\/strong>imponi\u00e9ndose por 6-4 y 6-1.<\/p>\n<p data-gtm-element-container=\"modulo-texto-link\" class=\"paragraph\">Sinner completar\u00e1 su fase de grupos este viernes, a las 14:00 horas, en partido intrascendente con el estadounidense Ben Shelton. Por la noche, desde las 20:30, se conocer\u00e1 el oponente de Carlos Alcaraz, que saldr\u00e1 del enfrentamiento entre el alem\u00e1n Alexander Zverev y el canadiense Felix Auger-Aliassime.\u00a0<\/p>\n<p>        Lee tambi\u00e9n<\/p>\n<p>    \u00c1ngel Rigueira<\/p>\n<p>             <img loading=\"lazy\" decoding=\"async\" data-full-src=\"https:\/\/www.mundodeportivo.com\/uploads\/2025\/11\/11\/6913561a278b5.jpeg\" alt=\"Vertical\" src=\"https:\/\/www.europesays.com\/es\/wp-content\/uploads\/2025\/11\/6913561a278b5.r_d.2032-845.jpeg\" class=\"lazy\" width=\"104\" height=\"108\"\/><\/p>\n<p data-gtm-element-container=\"modulo-texto-link\" class=\"paragraph\"><strong>Clasificaci\u00f3n Grupo Jimmy Connors: <\/strong>Alcaraz, 3-0 (6-1 sets y 44-27 juegos); De Mi\u00f1aur, 1-2 (3-4 sets y 37-39 juegos);\u00a0Fritz, 1-2 (3-4 sets y 36-39 juegos); Musetti 1-2 (2-5 sets y 29-41 juegos).<\/p>\n<p data-gtm-element-container=\"modulo-texto-link\" class=\"paragraph\"><strong>Clasificaci\u00f3n Grupo Bjorn Borg: <\/strong>Sinner, 2-0 (4-0 sets y 25-13 juegos); Zverev, 1-1 (2-2 sets y 20-21 juegos); Auger-Aliassime (2-3 sets y 24-30 juegos), Shelton, 0-2 (1-4 sets y 26-31 juegos).<\/p>\n<p data-gtm-element-container=\"modulo-texto-link\" class=\"paragraph\"><strong>Tercera y \u00faltima jornada (viernes): <\/strong>Jannik Sinner vs. Ben Shelton (14:00 horas) y Alexander Zverev vs. Felix Auger-Aliassime (20:30 horas)<\/p>\n<p data-gtm-element-container=\"modulo-texto-link\" class=\"paragraph\"><strong>Semifinales (orden por decidir, a las 14:30 y 20:30 horas): <\/strong>Carlos Alcaraz vs. ganador del Alexander Zverev-Felix Auger-Aliassime y Jannik Sinner vs. Alex de Mi\u00f1aur\u00a0<\/p>\n","protected":false},"excerpt":{"rendered":"Carlos Alcaraz, 22 a\u00f1os y n\u00ba 1 mundial, y Jannik Sinner, 24 y n\u00ba 2, van camino de&hellip;\n","protected":false},"author":2,"featured_media":234393,"comment_status":"","ping_status":"","sticky":false,"template":"","format":"standard","meta":{"footnotes":""},"categories":[274],"tags":[168,25,24,23,167,327,326],"class_list":{"0":"post-234392","1":"post","2":"type-post","3":"status-publish","4":"format-standard","5":"has-post-thumbnail","7":"category-tenis","8":"tag-deportes","9":"tag-es","10":"tag-espana","11":"tag-spain","12":"tag-sports","13":"tag-tenis","14":"tag-tennis"},"share_on_mastodon":{"url":"https:\/\/pubeurope.com\/@es\/115544619049844596","error":""},"_links":{"self":[{"href":"https:\/\/www.europesays.com\/es\/wp-json\/wp\/v2\/posts\/234392","targetHints":{"allow":["GET"]}}],"collection":[{"href":"https:\/\/www.europesays.com\/es\/wp-json\/wp\/v2\/posts"}],"about":[{"href":"https:\/\/www.europesays.com\/es\/wp-json\/wp\/v2\/types\/post"}],"author":[{"embeddable":true,"href":"https:\/\/www.europesays.com\/es\/wp-json\/wp\/v2\/users\/2"}],"replies":[{"embeddable":true,"href":"https:\/\/www.europesays.com\/es\/wp-json\/wp\/v2\/comments?post=234392"}],"version-history":[{"count":0,"href":"https:\/\/www.europesays.com\/es\/wp-json\/wp\/v2\/posts\/234392\/revisions"}],"wp:featuredmedia":[{"embeddable":true,"href":"https:\/\/www.europesays.com\/es\/wp-json\/wp\/v2\/media\/234393"}],"wp:attachment":[{"href":"https:\/\/www.europesays.com\/es\/wp-json\/wp\/v2\/media?parent=234392"}],"wp:term":[{"taxonomy":"category","embeddable":true,"href":"https:\/\/www.europesays.com\/es\/wp-json\/wp\/v2\/categories?post=234392"},{"taxonomy":"post_tag","embeddable":true,"href":"https:\/\/www.europesays.com\/es\/wp-json\/wp\/v2\/tags?post=234392"}],"curies":[{"name":"wp","href":"https:\/\/api.w.org\/{rel}","templated":true}]}}