{"id":234394,"date":"2025-11-13T21:55:11","date_gmt":"2025-11-13T21:55:11","guid":{"rendered":"https:\/\/www.europesays.com\/es\/234394\/"},"modified":"2025-11-13T21:55:11","modified_gmt":"2025-11-13T21:55:11","slug":"pinarello-sera-patronicador-principal-del-q36-5","status":"publish","type":"post","link":"https:\/\/www.europesays.com\/es\/234394\/","title":{"rendered":"Pinarello ser\u00e1 patronicador principal del Q36.5"},"content":{"rendered":"<p><a href=\"https:\/\/www.europesays.com\/es\/wp-content\/uploads\/2025\/11\/unnamed-1-1.jpg\"><img fetchpriority=\"high\" decoding=\"async\" aria-describedby=\"caption-attachment-452643\" class=\"size-full wp-image-452643 lazy\" src=\"data:image\/svg+xml,%3Csvg%20xmlns=\" http:=\"\" data-src=\"https:\/\/www.europesays.com\/es\/wp-content\/uploads\/2025\/11\/unnamed-1-1.jpg\" alt=\"\" width=\"1024\" height=\"682\" data- data-\/><\/a><\/p>\n<p id=\"caption-attachment-452643\" class=\"wp-caption-text\">Tom Pidcock volver\u00e1 a portar una Pinarello con Q36.5<\/p>\n<p><strong>Redacci\u00f3n \/\u00a0<a href=\"https:\/\/www.ciclo21.com\/\" target=\"_blank\" rel=\"noopener nofollow\">Ciclo 21<\/a><\/strong><\/p>\n<p style=\"text-align: justify;\">Pinarello ha anunciado un importante paso en su implicaci\u00f3n con el ciclismo profesional: la firma italiana se convertir\u00e1, por primera vez en su historia, en patrocinador principal de un equipo, al asociarse con el Q36.5 Pro Cycling Team, que a partir del 1 de enero de 2026 pasar\u00e1 a denominarse Pinarello \u2013 Q36.5 Pro Cycling Team.<\/p>\n<p style=\"text-align: justify;\">El acuerdo une a dos marcas que comparten una misma filosof\u00eda basada en la b\u00fasqueda constante del rendimiento, la innovaci\u00f3n y la excelencia en el dise\u00f1o. Pinarello, uno de los fabricantes de bicicletas m\u00e1s emblem\u00e1ticos del mundo, une fuerzas con Q36.5, especialista en ropa ciclista de alta gama, con el objetivo de elevar los est\u00e1ndares del ciclismo moderno tanto dentro como fuera de la carretera.<\/p>\n<p style=\"text-align: justify;\"><strong>El regreso de Tom Pidcock a las Pinarello de carretera<\/strong><\/p>\n<p style=\"text-align: justify;\">El nuevo proyecto supone tambi\u00e9n la reuni\u00f3n entre Pinarello y Tom Pidcock, campe\u00f3n ol\u00edmpico y mundial de BTT, campe\u00f3n del mundo de ciclocross y ganador de etapa en el Tour de Francia. La marca de Treviso ha acompa\u00f1ado al brit\u00e1nico desde sus inicios, desarrollando junto a \u00e9l modelos como la Dogma XC y la Crossista, con los que ha conquistado t\u00edtulos mundiales y ol\u00edmpicos. En 2026, Pidcock volver\u00e1 a competir tambi\u00e9n en carretera con Pinarello, cerrando as\u00ed el c\u00edrculo y reforzando su v\u00ednculo con la firma italiana.\u00a0\u00abEsta colaboraci\u00f3n es mucho m\u00e1s que un patrocinio, es una visi\u00f3n compartida\u00bb, destac\u00f3 Fausto Pinarello, presidente de Cicli Pinarello. \u00abNos enorgullece dar este paso y devolver el nombre Pinarello al frente del pelot\u00f3n como patrocinador principal. Junto a Q36.5 seguiremos empujando los l\u00edmites de lo posible en el ciclismo\u00bb.<\/p>\n<p style=\"text-align: justify;\">Por su parte, Luigi Bergamo, CEO y responsable de desarrollo de producto de Q36.5, celebr\u00f3 el crecimiento de la estructura: \u00abComo cofundador, me emociona ver c\u00f3mo este \u2018peque\u00f1o equipo\u2019 ha crecido a\u00f1o tras a\u00f1o gracias al esfuerzo y la pasi\u00f3n de nuestros corredores y personal. 2026 ser\u00e1 un nuevo gran salto adelante, con j\u00f3venes que se convierten en ganadores, un podio en una gran vuelta, nuevos fichajes y, ahora, el apoyo de nuestros amigos de Pinarello\u00bb.<\/p>\n<p style=\"text-align: justify;\">El director general del conjunto, Douglas Ryder, tambi\u00e9n subray\u00f3 la magnitud del acuerdo: \u00abTener a Pinarello como patrocinador principal es un honor. Su historia, pasi\u00f3n y excelencia t\u00e9cnica impulsar\u00e1n a nuestros corredores y nuestras ambiciones para las pr\u00f3ximas temporadas\u00bb.<\/p>\n<p style=\"text-align: justify;\"><strong>Tecnolog\u00eda, dise\u00f1o y artesan\u00eda italiana<\/strong><\/p>\n<p style=\"text-align: justify;\">El equipo competir\u00e1 con las nuevas Pinarello Dogma F y Bolide TT, personalizadas con dise\u00f1os exclusivos que reflejar\u00e1n la identidad premium de ambas marcas.<br \/>La imagen del equipo \u2014bicicletas, equipaciones y material\u2014 ser\u00e1 fruto de un trabajo conjunto entre los departamentos creativos de Pinarello y Q36.5, con una est\u00e9tica coherente y f\u00e1cilmente reconocible.<\/p>\n","protected":false},"excerpt":{"rendered":"Tom Pidcock volver\u00e1 a portar una Pinarello con Q36.5 Redacci\u00f3n \/\u00a0Ciclo 21 Pinarello ha anunciado un importante paso&hellip;\n","protected":false},"author":2,"featured_media":234395,"comment_status":"","ping_status":"","sticky":false,"template":"","format":"standard","meta":{"footnotes":""},"categories":[273],"tags":[313,312,168,60990,25,24,60991,60992,60993,23,167],"class_list":{"0":"post-234394","1":"post","2":"type-post","3":"status-publish","4":"format-standard","5":"has-post-thumbnail","7":"category-ciclismo","8":"tag-ciclismo","9":"tag-cycling","10":"tag-deportes","11":"tag-equipo-pinarello","12":"tag-es","13":"tag-espana","14":"tag-pidcock-pinarello","15":"tag-pinarello-q36-5","16":"tag-pinarello-tom-pidcock","17":"tag-spain","18":"tag-sports"},"share_on_mastodon":{"url":"https:\/\/pubeurope.com\/@es\/115544622536686486","error":""},"_links":{"self":[{"href":"https:\/\/www.europesays.com\/es\/wp-json\/wp\/v2\/posts\/234394","targetHints":{"allow":["GET"]}}],"collection":[{"href":"https:\/\/www.europesays.com\/es\/wp-json\/wp\/v2\/posts"}],"about":[{"href":"https:\/\/www.europesays.com\/es\/wp-json\/wp\/v2\/types\/post"}],"author":[{"embeddable":true,"href":"https:\/\/www.europesays.com\/es\/wp-json\/wp\/v2\/users\/2"}],"replies":[{"embeddable":true,"href":"https:\/\/www.europesays.com\/es\/wp-json\/wp\/v2\/comments?post=234394"}],"version-history":[{"count":0,"href":"https:\/\/www.europesays.com\/es\/wp-json\/wp\/v2\/posts\/234394\/revisions"}],"wp:featuredmedia":[{"embeddable":true,"href":"https:\/\/www.europesays.com\/es\/wp-json\/wp\/v2\/media\/234395"}],"wp:attachment":[{"href":"https:\/\/www.europesays.com\/es\/wp-json\/wp\/v2\/media?parent=234394"}],"wp:term":[{"taxonomy":"category","embeddable":true,"href":"https:\/\/www.europesays.com\/es\/wp-json\/wp\/v2\/categories?post=234394"},{"taxonomy":"post_tag","embeddable":true,"href":"https:\/\/www.europesays.com\/es\/wp-json\/wp\/v2\/tags?post=234394"}],"curies":[{"name":"wp","href":"https:\/\/api.w.org\/{rel}","templated":true}]}}