{"id":234406,"date":"2025-11-13T22:03:09","date_gmt":"2025-11-13T22:03:09","guid":{"rendered":"https:\/\/www.europesays.com\/es\/234406\/"},"modified":"2025-11-13T22:03:09","modified_gmt":"2025-11-13T22:03:09","slug":"ca7riel-y-paco-amoroso-hicieron-historia-y-lograron-sus-primeros-latin-grammy-por-su-ep-papota","status":"publish","type":"post","link":"https:\/\/www.europesays.com\/es\/234406\/","title":{"rendered":"Ca7riel y Paco Amoroso hicieron historia y lograron sus primeros Latin Grammy por su EP Papota"},"content":{"rendered":"<p>Martin Piroyansky recibe dos premios por Ca7riel y Paco Amoroso<\/p>\n<p class=\"paragraph\">En medio de la expectativa por sus <b>10 nominaciones <\/b>en los <a href=\"https:\/\/www.infobae.com\/tag\/latin-grammy\/\" target=\"_blank\" rel=\"noreferrer nofollow noopener\" title=\"https:\/\/www.infobae.com\/tag\/latin-grammy\/\"><b>Latin Grammy<\/b><\/a>, <a href=\"https:\/\/www.infobae.com\/tag\/ca7riel-y-paco-amoroso\/\" target=\"_blank\" rel=\"noreferrer nofollow noopener\" title=\"https:\/\/www.infobae.com\/tag\/ca7riel-y-paco-amoroso\/\"><b>Ca7riel y Paco Amoroso<\/b><\/a><b> <\/b>comenzaron la velada de forma so\u00f1ada. El d\u00fao logr\u00f3 dos premios en las categor\u00edas Mejor Video Musical Versi\u00f3n Corta y Mejor Video Musical Versi\u00f3n Larga por su trabajo en su EP <a href=\"https:\/\/www.infobae.com\/tag\/papota\/\" target=\"_blank\" rel=\"noreferrer nofollow noopener\" title=\"https:\/\/www.infobae.com\/tag\/papota\/\">Papota<\/a>. <\/p>\n<p class=\"paragraph\">El material de los j\u00f3venes tiene <b>Ferr\u00e1n Echegaray<\/b> y <b>Mart\u00edn Piroyansky <\/b>en el rol de directores y a<b> Armando Bo<\/b>, <b>Chino Fern\u00e1ndez<\/b> y <b>Francisco Wechsler<\/b> como productores. En ese sentido, quien subi\u00f3 a recibir el premio fue Piroyansky, quien no ocult\u00f3 su alegr\u00eda: \u201cMuchas gracias a por convocarme Ferr\u00e1n Echegaray, a Ca7riel y Paco por confiar, y sobre todo a Nati Loiacono por editar conmigo y bancarse toda mi angustia. Por m\u00e1s ficci\u00f3n en Argentina\u201d.<\/p>\n<p><img alt=\"El d\u00fao argentino gana dos\" class=\"global-image\" decoding=\"async\" fetchpriority=\"low\" height=\"2000\" loading=\"lazy\" src=\"https:\/\/www.europesays.com\/es\/wp-content\/uploads\/2025\/11\/S42VEU2V5JEWPEHPNMV26XOUGE.jpg\" width=\"3000\"\/>El d\u00fao argentino gana dos premios Latin Grammy por Mejor Video Musical Versi\u00f3n Corta y Larga gracias a su EP Papota (Prensa: DF Entertainment\/ Irish Suarez)<\/p>\n<p class=\"paragraph\">Minutos despu\u00e9s lleg\u00f3 la premiaci\u00f3n por Mejor video musical versi\u00f3n larga. Nuevamente, el director subi\u00f3 al escenario y expres\u00f3: \u201cNo ten\u00eda preparado un segundo discurso, as\u00ed que les agradezco por este premio. Por m\u00e1s ficci\u00f3n en Argentina\u201d.<\/p>\n<p class=\"paragraph\">Adem\u00e1s, durante la jornada, La Academia confirm\u00f3 que <b>Ca7riel &amp; Paco Amoroso<\/b> dar\u00edan un show en la ceremonia. El d\u00fao argentino llega al <b>MGM Grand Garden Arena de Las Vegas<\/b> con un total de diez nominaciones. Ese es el r\u00e9cord que establecieron <b>Ca7riel y Paco Amoroso<\/b>, quienes se convirtieron en los primeros artistas argentinos en alcanzar semejante cifra en la historia de estos premios. <\/p>\n<p><img alt=\"El d\u00fao argentino gana dos\" class=\"global-image\" decoding=\"async\" fetchpriority=\"low\" height=\"1080\" loading=\"lazy\" src=\"https:\/\/www.europesays.com\/es\/wp-content\/uploads\/2025\/11\/P7BE55NZGRHWZB5DGNKXTOZU2I.jpg\" width=\"1920\"\/>El d\u00fao argentino gana dos premios Latin Grammy por Mejor Video Musical Versi\u00f3n Corta y Larga gracias a su EP Papota<\/p>\n<p class=\"paragraph\">El anuncio, realizado por la <b>Academia Latina de la Grabaci\u00f3n<\/b>, los posiciona como referentes de la <b>m\u00fasica argentina<\/b> y marca un hito para la presencia nacional en el principal escenario de la m\u00fasica latina. La edici\u00f3n n\u00famero 26 de los Latin Grammy tiene a los m\u00fasicos compitiendo en las categor\u00edas m\u00e1s codiciadas, con la expectativa de transformar las nominaciones en estatuillas.<\/p>\n<p class=\"paragraph\">El detalle de las candidaturas confirma la magnitud del logro: <b>Ca7riel y Paco Amoroso<\/b> figuran en \u00c1lbum del A\u00f1o por su EP Papota, una obra que los llev\u00f3 a recorrer escenarios de distintos continentes. Adem\u00e1s, cuentan con doble presencia en Canci\u00f3n del A\u00f1o gracias a \u201cEl d\u00eda del amigo\u201d y \u201c#TETAS\u201d, temas que tambi\u00e9n compiten en Grabaci\u00f3n del A\u00f1o. La lista se ampl\u00eda con nominaciones a Mejor Canci\u00f3n Pop (\u201cEl d\u00eda del amigo\u201d), Mejor \u00c1lbum de M\u00fasica Alternativa (\u201cPapota\u201d) y Mejor Canci\u00f3n Alternativa (\u201c#TETAS\u201d). El reconocimiento abarca tambi\u00e9n el terreno audiovisual, con menciones en Mejor Video Musical Versi\u00f3n Larga (por \u201cPapota\u201d) y Mejor Video Musical Versi\u00f3n Corta (por \u201c#TETAS\u201d). Esta diversidad de postulaciones refleja la apuesta integral y disruptiva que el d\u00fao ha desarrollado desde sus primeros lanzamientos.<\/p>\n<p><img alt=\"Ca7riel y Paco Amoroso hacen\" class=\"global-image\" decoding=\"async\" fetchpriority=\"low\" height=\"1080\" loading=\"lazy\" src=\"https:\/\/www.europesays.com\/es\/wp-content\/uploads\/2025\/11\/PVGJM2QJ25ESBEWC2CTTW5KEOY.jpg\" width=\"1920\"\/>Ca7riel y Paco Amoroso hacen historia con 10 nominaciones en los Latin Grammy, un r\u00e9cord para artistas argentinos (Foto AP\/Julio Cortez, archivo)<\/p>\n<p class=\"paragraph\">El presente del d\u00fao se traduce tambi\u00e9n en una gira internacional que representa el mayor despliegue de su carrera. Durante 2025, <b>Ca7riel y Paco Amoroso<\/b> recorrieron escenarios de <b>Estados Unidos<\/b>, <b>Europa<\/b>, <b>Asia<\/b> y <b>Latinoam\u00e9rica<\/b>, participando en festivales emblem\u00e1ticos como <b>Coachella<\/b>, <b>Glastonbury<\/b>, <b>Roskilde<\/b>, <b>Fuji Rock<\/b>, <b>Outside Lands<\/b>, <b>Montreux Jazz Festival<\/b> y seis ediciones de <b>Lollapalooza<\/b> en distintos pa\u00edses. Cada presentaci\u00f3n sum\u00f3 nuevas dimensiones a su propuesta, tanto en lo sonoro como en la puesta en escena, y ampli\u00f3 su base de seguidores en todo el mundo.<\/p>\n<p class=\"paragraph\">La proyecci\u00f3n internacional del d\u00fao se consolida con pr\u00f3ximos hitos: en lo que resta del a\u00f1o, su itinerario incluye estadios y recintos de gran capacidad en <b>Latinoam\u00e9rica<\/b> y <b>Europa<\/b>, as\u00ed como participaciones en festivales estadounidenses como <b>Austin City Limits<\/b> y <b>Camp Flog Gnaw<\/b>. Uno de los momentos m\u00e1s esperados ser\u00e1 su colaboraci\u00f3n con el rapero estadounidense <b>Kendrick Lamar<\/b>, con quien compartir\u00e1n escenario en <b>M\u00e9xico<\/b>, <b>Colombia<\/b>, <b>Brasil<\/b>, <b>Chile<\/b> y <b>Argentina<\/b>. La fecha m\u00e1s destacada de esta alianza ser\u00e1 el 4 de octubre, cuando se presenten junto a Lamar en el estadio <b>River Plate<\/b> de <b>Buenos Aires<\/b>.<\/p>\n<p class=\"paragraph\">La propuesta art\u00edstica de <b>Ca7riel y Paco Amoroso<\/b> se distingue por su car\u00e1cter integral. El reconocimiento en categor\u00edas audiovisuales en los <b>Latin Grammy<\/b> responde a una b\u00fasqueda est\u00e9tica que se manifiesta tanto en sus videoclips como en sus presentaciones en vivo. En el reciente <b>Fuji Rock<\/b>, el festival m\u00e1s importante de <b>Jap\u00f3n<\/b>, el d\u00fao sorprendi\u00f3 con atuendos de gran tama\u00f1o y colores llamativos, paneles verticales con im\u00e1genes ampliadas de sus rostros y una puesta en escena que combin\u00f3 m\u00fasica, visuales y performance. La estad\u00eda en Jap\u00f3n incluy\u00f3 tambi\u00e9n un show \u00edntimo en una disquera de <b>Tokio<\/b>, donde renovaron su vestuario y reforzaron la identidad visual que los caracteriza.<\/p>\n<p class=\"paragraph\">Entre los hitos que marcaron su salto a la notoriedad global destaca la participaci\u00f3n en el formato <b>Tiny Desk<\/b> de la radio estadounidense <b>NPR<\/b>. Aquella presentaci\u00f3n, acompa\u00f1ados por m\u00fasicos habituales y algunos instrumentistas norteamericanos, signific\u00f3 el inicio de su proyecci\u00f3n internacional y permiti\u00f3 experimentar con arreglos y timbres que luego trasladaron a otros escenarios. Desde entonces, cada paso del d\u00fao ha reforzado su presencia en la escena global y ha consolidado una propuesta art\u00edstica que integra m\u00fasica, imagen y puesta en escena.<\/p>\n<p class=\"paragraph\">Con la mirada puesta en la gala del 13 de noviembre y una agenda internacional que no deja de sumar desaf\u00edos, <b>Ca7riel y Paco Amoroso<\/b> anticipan que este primer r\u00e9cord en los <b>Latin Grammy<\/b> es solo el comienzo de una nueva etapa en su carrera. El anuncio de su pr\u00f3xima presentaci\u00f3n junto a <b>Kendrick Lamar<\/b> en <b>River Plate<\/b> y la promesa de regresar a los escenarios m\u00e1s importantes del mundo refuerzan la proyecci\u00f3n de un d\u00fao que ya dej\u00f3 su huella en la historia de la <b>m\u00fasica argentina<\/b>.<\/p>\n","protected":false},"excerpt":{"rendered":"Martin Piroyansky recibe dos premios por Ca7riel y Paco Amoroso En medio de la expectativa por sus 10&hellip;\n","protected":false},"author":2,"featured_media":234407,"comment_status":"","ping_status":"","sticky":false,"template":"","format":"standard","meta":{"footnotes":""},"categories":[170],"tags":[146,147,25,24,184,185,23],"class_list":{"0":"post-234406","1":"post","2":"type-post","3":"status-publish","4":"format-standard","5":"has-post-thumbnail","7":"category-musica","8":"tag-entertainment","9":"tag-entretenimiento","10":"tag-es","11":"tag-espana","12":"tag-music","13":"tag-musica","14":"tag-spain"},"share_on_mastodon":{"url":"https:\/\/pubeurope.com\/@es\/115544654501993105","error":""},"_links":{"self":[{"href":"https:\/\/www.europesays.com\/es\/wp-json\/wp\/v2\/posts\/234406","targetHints":{"allow":["GET"]}}],"collection":[{"href":"https:\/\/www.europesays.com\/es\/wp-json\/wp\/v2\/posts"}],"about":[{"href":"https:\/\/www.europesays.com\/es\/wp-json\/wp\/v2\/types\/post"}],"author":[{"embeddable":true,"href":"https:\/\/www.europesays.com\/es\/wp-json\/wp\/v2\/users\/2"}],"replies":[{"embeddable":true,"href":"https:\/\/www.europesays.com\/es\/wp-json\/wp\/v2\/comments?post=234406"}],"version-history":[{"count":0,"href":"https:\/\/www.europesays.com\/es\/wp-json\/wp\/v2\/posts\/234406\/revisions"}],"wp:featuredmedia":[{"embeddable":true,"href":"https:\/\/www.europesays.com\/es\/wp-json\/wp\/v2\/media\/234407"}],"wp:attachment":[{"href":"https:\/\/www.europesays.com\/es\/wp-json\/wp\/v2\/media?parent=234406"}],"wp:term":[{"taxonomy":"category","embeddable":true,"href":"https:\/\/www.europesays.com\/es\/wp-json\/wp\/v2\/categories?post=234406"},{"taxonomy":"post_tag","embeddable":true,"href":"https:\/\/www.europesays.com\/es\/wp-json\/wp\/v2\/tags?post=234406"}],"curies":[{"name":"wp","href":"https:\/\/api.w.org\/{rel}","templated":true}]}}