{"id":234442,"date":"2025-11-13T22:34:13","date_gmt":"2025-11-13T22:34:13","guid":{"rendered":"https:\/\/www.europesays.com\/es\/234442\/"},"modified":"2025-11-13T22:34:13","modified_gmt":"2025-11-13T22:34:13","slug":"la-incidencia-de-la-gripe-sube-empujada-por-contagios-en-ninos-y-adolescentes","status":"publish","type":"post","link":"https:\/\/www.europesays.com\/es\/234442\/","title":{"rendered":"La incidencia de la gripe sube empujada por contagios en ni\u00f1os y adolescentes"},"content":{"rendered":"<p>La gripe vuelve a superar en Castilla y Le\u00f3n el umbral epid\u00e9mico, aunque en nivel de intensidad baja. El Informe de Vigilancia de las Infecciones  &#8230; Respiratorias Agudas (Vigira) que elabora la Red Centinela Sanitaria auton\u00f3mica confirma ese alza de incidencia gripal en las muestras analizadas entre el 3 y el 9 de noviembre, mes en el que avanza la campa\u00f1a de vacunaci\u00f3n para prevenir las infecciones respiratorias coincidiendo con unas temperaturas que hasta el momento han sido inusualmente moderadas para lo que el term\u00f3metro suele reservar al pen\u00faltimo mes del a\u00f1o.<\/p>\n<p>\nLas muestras analizadas reflejan una circulaci\u00f3n \u00abespor\u00e1dica\u00bb en este momento del coronavirus que provoca la covid-19\n<\/p>\n<p class=\"v-p\">\u00abLa tasa de incidencia de <a href=\"https:\/\/www.elnortedecastilla.es\/segovia\/mortalidad-enfermedades-respiratorias-multiplica-diez-covid-20251101085056-nt.html\" data-voc-vtm-id=\"in-text-traffic\" title=\"s\u00edndromes gripales\" rel=\"nofollow noopener\" target=\"_blank\">s\u00edndromes gripales<\/a> ha vuelto a superar el umbral epid\u00e9mico, situ\u00e1ndose en 51 casos por 100.000 habitantes\u00bb, refleja textualmente este informe publicado por la Consejer\u00eda de Sanidad. Una situaci\u00f3n que achacan los redactores del documento a los casos detectados entre \u00abni\u00f1os de 5 a 14 a\u00f1os\u00bb. Son estos chavales los que en este momento empujan hacia arriba la gr\u00e1fica de los contagios de gripe.<\/p>\n<p class=\"v-p\">El informe semanal sobre el seguimiento de las infecciones respiratorias agudas destaca tambi\u00e9n que han aumentado las urgencias y hospitalizaciones por esta causa entre los mayores de 75 a\u00f1os.<\/p>\n<p><img decoding=\"async\" loading=\"lazy\" src=\"https:\/\/www.europesays.com\/es\/wp-content\/uploads\/2025\/11\/152711869 (1)-kHe-U240216529787hYD-650x455@El Norte.jpg\" class=\"v-a-img\" width=\"650\" height=\"455\" alt=\"Dosis para administrar a mayores de 75 a\u00f1os, preparadas en una consulta sanitaria.\" data-voc-vtm-id=\"in-text-traffic\"\/><\/p>\n<p>Dosis para administrar a mayores de 75 a\u00f1os, preparadas en una consulta sanitaria.<\/p>\n<p>J.L.B.<\/p>\n<p><img loading=\"lazy\" decoding=\"async\" src=\"https:\/\/www.europesays.com\/es\/wp-content\/uploads\/2025\/11\/152711869 (1)-kHe-U240216529787PvC-1920x1344@El Norte.jpg\" class=\"v-mdl__img-z\" width=\"1920\" height=\"1344\" alt=\"\"\/><\/p>\n<p class=\"v-p\">La tasa del conjunto de <a href=\"https:\/\/www.elnortedecastilla.es\/castillayleon\/crece-circulacion-covid-mes-vacacional-agosto-valladolid-castilla-leon-20250903134149-nt.html\" data-voc-vtm-id=\"in-text-traffic\" title=\"infecciones respiratorias\" rel=\"nofollow noopener\" target=\"_blank\">infecciones respiratorias<\/a> se sit\u00faa en 549 casos diagnosticados por cada 100.000 habitantes. Es un dato sensiblemente superior al consignado la semana anterior, con una incidencia de 501 casos para esa horquilla demogr\u00e1fica. El an\u00e1lisis de las muestras tomadas a los pacientes refleja una circulaci\u00f3n al alza de virus de gripe, sobre todo de gripe A (tanto H1 como H3) y en menor medida, de \u00abmanera espor\u00e1dica\u00bb, de gripe B. \u00abUn 40% de las muestras centinelas y un 95 de las hospitalarias son positivas en gripe A\u00bb, se\u00f1ala el informe Vigira. Las pruebas centinelas son las que recogen en consultorios y centros de salud m\u00e9dicos de familia y pediatras. No es significativo en este momento el movimiento de la covid-19. Es m\u00e1s, el documento subraya que \u00abel SARS-CoV-2, el VRS (virus respiratorio sincitial) y la gripe B se detectan de manera espor\u00e1dica\u00bb.<\/p>\n<p>Bronquitis y bronquiolitis<\/p>\n<p class=\"v-p\">El VRS es objeto de vacunaci\u00f3n en beb\u00e9s y tambi\u00e9n esta campa\u00f1a entre mayores que viven en residencias y personas trasplantadas. Es un agente infecciones que provoca neumon\u00edas y bronquiolitis, afecciones que pueden cursar con gravedad en esos grupos de poblaci\u00f3n. El descenso de hospitalizaciones que gener\u00f3 la vacunaci\u00f3n de los beb\u00e9s ha llevado a la Consejer\u00eda de Sanidad a extender a esos perfiles de adultos vulnerables.<\/p>\n<p class=\"v-p\">El informe Vigira establece cinco niveles de intensidad epid\u00e9mica para valorar la situaci\u00f3n de riesgo en funci\u00f3n del volumen de diagn\u00f3sticos. El que corresponde al total de las infecciones respiratorias agudas y a los s\u00edndromes gripales pasa de una situaci\u00f3n &#8216;no epid\u00e9mica&#8217; a un umbral epid\u00e9mico de &#8216;intensidad baja&#8217;. La covid-19 y las bronquitis y bronquiolitis se mantienen en el primer escal\u00f3n, por debajo de cifras de inicio del umbral epid\u00e9mico.<\/p>\n","protected":false},"excerpt":{"rendered":"La gripe vuelve a superar en Castilla y Le\u00f3n el umbral epid\u00e9mico, aunque en nivel de intensidad baja.&hellip;\n","protected":false},"author":2,"featured_media":234443,"comment_status":"","ping_status":"","sticky":false,"template":"","format":"standard","meta":{"footnotes":""},"categories":[92],"tags":[3194,23295,61000,25,24,7749,165,2273,2932,166,23,7247],"class_list":{"0":"post-234442","1":"post","2":"type-post","3":"status-publish","4":"format-standard","5":"has-post-thumbnail","7":"category-salud","8":"tag-adolescentes","9":"tag-contagios","10":"tag-empujada","11":"tag-es","12":"tag-espana","13":"tag-gripe","14":"tag-health","15":"tag-incidencia","16":"tag-ninos","17":"tag-salud","18":"tag-spain","19":"tag-sube"},"share_on_mastodon":{"url":"https:\/\/pubeurope.com\/@es\/115544776427662983","error":""},"_links":{"self":[{"href":"https:\/\/www.europesays.com\/es\/wp-json\/wp\/v2\/posts\/234442","targetHints":{"allow":["GET"]}}],"collection":[{"href":"https:\/\/www.europesays.com\/es\/wp-json\/wp\/v2\/posts"}],"about":[{"href":"https:\/\/www.europesays.com\/es\/wp-json\/wp\/v2\/types\/post"}],"author":[{"embeddable":true,"href":"https:\/\/www.europesays.com\/es\/wp-json\/wp\/v2\/users\/2"}],"replies":[{"embeddable":true,"href":"https:\/\/www.europesays.com\/es\/wp-json\/wp\/v2\/comments?post=234442"}],"version-history":[{"count":0,"href":"https:\/\/www.europesays.com\/es\/wp-json\/wp\/v2\/posts\/234442\/revisions"}],"wp:featuredmedia":[{"embeddable":true,"href":"https:\/\/www.europesays.com\/es\/wp-json\/wp\/v2\/media\/234443"}],"wp:attachment":[{"href":"https:\/\/www.europesays.com\/es\/wp-json\/wp\/v2\/media?parent=234442"}],"wp:term":[{"taxonomy":"category","embeddable":true,"href":"https:\/\/www.europesays.com\/es\/wp-json\/wp\/v2\/categories?post=234442"},{"taxonomy":"post_tag","embeddable":true,"href":"https:\/\/www.europesays.com\/es\/wp-json\/wp\/v2\/tags?post=234442"}],"curies":[{"name":"wp","href":"https:\/\/api.w.org\/{rel}","templated":true}]}}