{"id":234452,"date":"2025-11-13T22:40:16","date_gmt":"2025-11-13T22:40:16","guid":{"rendered":"https:\/\/www.europesays.com\/es\/234452\/"},"modified":"2025-11-13T22:40:16","modified_gmt":"2025-11-13T22:40:16","slug":"he-escuchado-el-disco-de-rosalia-del-tiron-y-lo-recomendare-en-tiktok","status":"publish","type":"post","link":"https:\/\/www.europesays.com\/es\/234452\/","title":{"rendered":"He escuchado el disco de Rosal\u00eda del tir\u00f3n y lo recomendar\u00e9 en TikTok"},"content":{"rendered":"<p class=\"c-paragraph\">El presidente del Gobierno, <a href=\"https:\/\/www.20minutos.es\/tags\/personas\/pedro-sanchez.html\" title=\"Pedro S\u00e1nchez\" rel=\"nofollow noopener\" target=\"_blank\">Pedro S\u00e1nchez<\/a>, ha afirmado este jueves durante una entrevista en Radio 3 que ya ha escuchado Lux, el \u00faltimo disco de <a href=\"https:\/\/www.20minutos.es\/tags\/personas\/rosalia.html\" title=\"Rosal\u00eda\" rel=\"nofollow noopener\" target=\"_blank\">Rosal\u00eda<\/a>. \u00ab<b>Me ha parecido una maravilla<\/b>. Algunas veces hab\u00e9is comentado que ahora en los discos no escuchas todas las canciones. Escuchas una, dos, tres&#8230;lo que te d\u00e9 tiempo. Y este <b>tengo que decir que lo he escuchado del tir\u00f3n<\/b>\u00ab, ha admitido a los periodistas S\u00e1nchez, que ha acudido a la entrevista con camiseta y chaqueta vaquera negra. Adem\u00e1s, ha dicho que recomendar\u00e1 una de las canciones del disco en su cuenta de TikTok este fin de semana.<\/p>\n<p class=\"c-paragraph\">S\u00e1nchez ha reconocido que, por falta de tiempo, suele escuchar canciones sueltas pero que con este disco decidi\u00f3 hacer una excepci\u00f3n. \u00abComo hab\u00eda le\u00eddo no s\u00e9 d\u00f3nde que este disco hab\u00eda que escucharlo del tir\u00f3n, me reserv\u00e9 una hora para escucharlo\u00bb, ha expresado el presidente del Gobierno. \u00ab<b>Me han gustado todas las canciones<\/b>. En mi Tiktok este s\u00e1bado voy a recomendar una de las canciones, as\u00ed que ah\u00ed lo dejo\u00bb, ha sostenido entre risas antes de afirmar que ha escuchado el \u00e1lbum en streaming y no la versi\u00f3n en f\u00edsico, que cuenta con tres canciones in\u00e9ditas: Focu ranni, Jeanne y Novia robot.<\/p>\n<p class=\"c-paragraph\">El mandatario ha precisado que, aunque es \u00abm\u00e1s de mujeres cantantes que de hombres cantantes\u00bb \u2014como Sharon Van Etten\u2014, le gusta Destroyer o la banda Cala Vento. Tambi\u00e9n ha recordado uno de los conciertos m\u00e1s \u00abm\u00edticos\u00bb a los que ha asistido: el de <b>Guns N&#8217; Roses<\/b> en el Estadio Vicente Calder\u00f3n cuando ten\u00eda 15 a\u00f1os.\u00a0Por otro lado, ha reconocido que echa de menos asistir a festivales y ha bromeado explicando que cuando deje las responsabilidad pol\u00edticas <b>\u00abdentro de muchos a\u00f1os\u00bb<\/b>, volver\u00e1 a ir.<\/p>\n<p class=\"c-paragraph\">\u00abLa pena es que ahora no puedo ir a muchos festivales de m\u00fasica. Pero eso es algo que, cuando deje estas responsabilidades dentro de muchos a\u00f1os, volver\u00e9 a retomar. <b>Volver\u00e9 a retomar los festivales <\/b>porque me parece que es otra forma de disfrutar la m\u00fasica\u00bb, ha apuntado. As\u00ed, ha asegurado que tiene pendiente asistir al Festival S\u00f3nar de Barcelona, que este verano ha sido una de las citas musicales que ha sufrido las cancelaciones de 28 artistas que alegaban que el festival estaba vinculado al fondo estadounidense KKR.<\/p>\n<p class=\"c-paragraph\">El presidente tambi\u00e9n ha asegurado que escucha Radio 3 desde hace a\u00f1os. \u00ab<b>Me nutro de vuestras propuestas musicales<\/b>, de las combinaciones que hac\u00e9is. Y realmente toda la cultura musical que tengo respecto a lo que es Espa\u00f1a es gracias a Radio 3&#8243;, le ha dicho a los periodistas. Adem\u00e1s, ha afirmado que oye la radio los fines de semana y alg\u00fan viernes por la noche. \u00ab<b>Al final encuentras un rato<\/b> [para escucharla]\u00bb, ha continuado.<\/p>\n<p class=\"c-paragraph\">\u00abEl reto para una persona que, por la responsabilidad de tiene, cuenta con tanta informaci\u00f3n, es que muchas veces al escuchar programas de informaci\u00f3n o tertulia pol\u00edtica <b>realmente me apetece participar<\/b> y decir: &#8216;Pero esto no es as\u00ed. Esto es de otra manera\u00bb, ha declarado S\u00e1nchez. \u00abEntonces<b> prefiero desconectar <\/b>algunas veces escuchando m\u00fasica y abstray\u00e9ndome un poco de esos debates y al final enriqueci\u00e9ndote desde el punto de vista m\u00e1s espiritual\u00bb, ha sostenido.<\/p>\n<p class=\"c-paragraph\">Tras la entrevista, S\u00e1nchez ha publicado en redes sociales un mensaje acompa\u00f1ado de una fotograf\u00eda en la que aparece con una camiseta de Radio 3. \u00ab<b>\u00a1Ya tengo mi nueva camiseta! <\/b>Muchas gracias a todo el equipo de Radio 3 por vuestra acogida. He disfrutado mucho compartiendo con vosotros esta tarde. Sois la mejor emisora del mundo. Os seguir\u00e9, como siempre, muy de cerca\u00bb, ha afirmado el presidente.<\/p>\n","protected":false},"excerpt":{"rendered":"El presidente del Gobierno, Pedro S\u00e1nchez, ha afirmado este jueves durante una entrevista en Radio 3 que ya&hellip;\n","protected":false},"author":2,"featured_media":234453,"comment_status":"","ping_status":"","sticky":false,"template":"","format":"standard","meta":{"footnotes":""},"categories":[5],"tags":[17,18,24171,25,24,13,14,11,3133,19,20,7486,1179,9,10,15,16,199,23,12,21,22],"class_list":{"0":"post-234452","1":"post","2":"type-post","3":"status-publish","4":"format-standard","5":"has-post-thumbnail","7":"category-titulares","8":"tag-breaking-news","9":"tag-breakingnews","10":"tag-con","11":"tag-es","12":"tag-espana","13":"tag-featured-news","14":"tag-featurednews","15":"tag-headlines","16":"tag-juvenil","17":"tag-latest-news","18":"tag-latestnews","19":"tag-look","20":"tag-mas","21":"tag-news","22":"tag-noticias","23":"tag-noticias-destacadas","24":"tag-noticiasdestacadas","25":"tag-sanchez","26":"tag-spain","27":"tag-titulares","28":"tag-ultimas-noticias","29":"tag-ultimasnoticias"},"share_on_mastodon":{"url":"https:\/\/pubeurope.com\/@es\/115544799573802151","error":""},"_links":{"self":[{"href":"https:\/\/www.europesays.com\/es\/wp-json\/wp\/v2\/posts\/234452","targetHints":{"allow":["GET"]}}],"collection":[{"href":"https:\/\/www.europesays.com\/es\/wp-json\/wp\/v2\/posts"}],"about":[{"href":"https:\/\/www.europesays.com\/es\/wp-json\/wp\/v2\/types\/post"}],"author":[{"embeddable":true,"href":"https:\/\/www.europesays.com\/es\/wp-json\/wp\/v2\/users\/2"}],"replies":[{"embeddable":true,"href":"https:\/\/www.europesays.com\/es\/wp-json\/wp\/v2\/comments?post=234452"}],"version-history":[{"count":0,"href":"https:\/\/www.europesays.com\/es\/wp-json\/wp\/v2\/posts\/234452\/revisions"}],"wp:featuredmedia":[{"embeddable":true,"href":"https:\/\/www.europesays.com\/es\/wp-json\/wp\/v2\/media\/234453"}],"wp:attachment":[{"href":"https:\/\/www.europesays.com\/es\/wp-json\/wp\/v2\/media?parent=234452"}],"wp:term":[{"taxonomy":"category","embeddable":true,"href":"https:\/\/www.europesays.com\/es\/wp-json\/wp\/v2\/categories?post=234452"},{"taxonomy":"post_tag","embeddable":true,"href":"https:\/\/www.europesays.com\/es\/wp-json\/wp\/v2\/tags?post=234452"}],"curies":[{"name":"wp","href":"https:\/\/api.w.org\/{rel}","templated":true}]}}