{"id":234454,"date":"2025-11-13T22:45:10","date_gmt":"2025-11-13T22:45:10","guid":{"rendered":"https:\/\/www.europesays.com\/es\/234454\/"},"modified":"2025-11-13T22:45:10","modified_gmt":"2025-11-13T22:45:10","slug":"musetti-confirma-que-no-jugara-en-las-finales-copa-davis-2025-punto-de-break","status":"publish","type":"post","link":"https:\/\/www.europesays.com\/es\/234454\/","title":{"rendered":"Musetti confirma que no jugar\u00e1 en las Finales Copa Davis 2025 &#8211; Punto de Break"},"content":{"rendered":"<ol>\n<li><a href=\"https:\/\/news.google.com\/rss\/articles\/CBMilAFBVV95cUxNOHFtQThUc3ViWlBQV184c0VxTzBJMWd6OGw3YldrdEk4Y0NtNmk0YUszaEl5YlJ3WjdQd1I4QTY3M1NJQW5iLXVzX3p6QWNJaFdjU3JrWEZ4Q2x6VVM4TGszQmNySU1QelJ2Z2c3Y3NTQTItZHV5QVJ0SmpJeWkybzN3Vk5jc1M2QlFlcHl0U3BqaFlo?oc=5\" target=\"_blank\" rel=\"nofollow noopener\">Musetti confirma que no jugar\u00e1 en las Finales Copa Davis 2025<\/a>&nbsp;&nbsp;Punto de Break<\/li>\n<li><a href=\"https:\/\/news.google.com\/rss\/articles\/CBMiugFBVV95cUxPdEJwZDBhOVc1elRJbGE1WG1SdF9Rc1hiRENBejF6U3VxZHBGVnRhbFQxUTFoenJFU1duMC1Gc3RGN1VFZEQ2QXgtT2NDVVkwVWVQWFpvaHRpSTlLcWFpX2tGZlFpaUx1cXVsQUI4UW9zV0o4dDBKUEx6eXJwLVk3MjBEZGtaaEtMSWZaaVBPdDZJemlSeGRFV09maFhrUnJ4dUtlb0hMM293dzI4TDdSNGVHN1ZteGc5Y2fSAb8BQVVfeXFMTk5MUnc5QVRDeElrTWpLZkM3bnBpQ2VQY1hHUWt1R3ZJdmh5UGoyQjZTRVJheDlvTmJDaXpZcHBuQWVHcF9Hd3pkYmlpUFhwbG02YUp4N0dYOTVrbGVFc2dTYjVmaGRid0F6NzlJS2lGSWNQRE54Ykd2QUpIMGZIMVBNazR6cGdkdXF0YWhwZ0VWS0p6dVZlY2wzZURyWnZzdjh6bGNpX0FaZEhHSUJ5ajRkRDhLUUVkYkoyd0MzR2M?oc=5\" target=\"_blank\" rel=\"nofollow noopener\">Camino algo m\u00e1s despejado para Alcaraz y Espa\u00f1a en la Davis: Musetti se une a Sinner y no ir\u00e1 con Italia<\/a>&nbsp;&nbsp;OkDiario<\/li>\n<li><a href=\"https:\/\/news.google.com\/rss\/articles\/CBMilgFBVV95cUxNNG45bTVEQk1ObFM3ejl0TzNWU2RTemtRcjAyY2xDN1F2V2ZpZy04X2QwTkpkWm8xZkpReDFidGtqWUtYQWtDTlJlbVl2X0dMbVM4OHo0Z0Z3QWVuazhvYnNlQzRxNkFJd0F5TU5NOEp3MEFHUXRmRTVHLVB2VF9IclZWXzk0Zi1RdjZCeXRmT0JNMFdQZVHSAaMBQVVfeXFMTnlIU1lEangtcDBSWkZMYUtNNXNNQ3U0RGpXRTJEZlN1SzJGc0pLWGcxbG1zMjVudnBHd1A1X1ZMQmdaY1dnMFFaNUxBcFgwcTFfMDVkdG9HV21xNEJrV2ExZ2NxUm56UThpNHdXRjQxRHJfT3VRTnVVTGxEUW55Y2pUZ3VJQ1BxZ0huQ2ZKQ1JDRG9FN1EzaFA2THJrRmZVNVpnSQ?oc=5\" target=\"_blank\" rel=\"nofollow noopener\">\u00a1Musetti se une a Sinner y se baja de la Davis!<\/a>&nbsp;&nbsp;Mundo Deportivo<\/li>\n<li><a href=\"https:\/\/news.google.com\/rss\/articles\/CBMixAFBVV95cUxOZUxVNmJYYm9keUxUcDdzZDFlU0g2LWdRdTU4aGVweERwQ1JZa00yT0ZzSmNmUHNrX25ZVENxMGVqWGhQbEswQmJ4alpWMTFON3RtcXNITlJBNG4xMWpwX0FJN0pVa1VSbjFheUo2SmhMd2VpSE9FLWRtaWVYM052QlJJbEVBcEN6cTRaSHZuNjdqeFFGMF9OWEJBcE4tRUJQdlFSVUFsSWNmOFlHQl9FaXJXRUJOb05VVnpIMFRQTTk2SnZG0gHKAUFVX3lxTE5rX05ib1hZb01EaUlCb2hOU3A5cjRaN2FuYzFxRV96amREU29EMk1iYkZiX1UtcXpsb3JGZmFNdUFWOVItVWdlRi1sOERGZXZsR1Y4SHV4U2JWLXRSUE9WMTE2dWlCX0FUTjVZdExFQ2VBZlBPZEZDSDR0b2FONktsTUcyRmdHQThSLXBkcW0wX0xDd3dEaW1CenZfWmk1dlF1d2VVbmNHcWYwelkwVHNtYVl6aUV0d0NSWU13b1BkRmhva2duaW9qTWc?oc=5\" target=\"_blank\" rel=\"nofollow noopener\">Musetti en duda<\/a>&nbsp;&nbsp;ANSA Latina<\/li>\n<li><a href=\"https:\/\/news.google.com\/rss\/articles\/CBMikgFBVV95cUxONlpOTU5Wc24wX0pUSFl2RWpOUGlWM2RYeUstUlI4OWd4QnJ2SnBDSnVzZ0lNdXhRZU10bC1MRVNEQUktaGVMaENZN3lfWVk2aExVdGRiLXFwT1N3VF9Ud2VUblh0ckRFeEFYYzM3ZDBkcG4xZHhfSTFjb3lBQ2d6Q0VObVZCQ1IyNk45RFZVWjIwQQ?oc=5\" target=\"_blank\" rel=\"nofollow noopener\">Peligra la participaci\u00f3n de Musetti en las Finales de Copa Davis<\/a>&nbsp;&nbsp;Punto de Break<\/li>\n<\/ol>\n","protected":false},"excerpt":{"rendered":"Musetti confirma que no jugar\u00e1 en las Finales Copa Davis 2025&nbsp;&nbsp;Punto de Break Camino algo m\u00e1s despejado para&hellip;\n","protected":false},"author":2,"featured_media":234455,"comment_status":"","ping_status":"","sticky":false,"template":"","format":"standard","meta":{"footnotes":""},"categories":[274],"tags":[168,25,24,23,167,327,326],"class_list":{"0":"post-234454","1":"post","2":"type-post","3":"status-publish","4":"format-standard","5":"has-post-thumbnail","7":"category-tenis","8":"tag-deportes","9":"tag-es","10":"tag-espana","11":"tag-spain","12":"tag-sports","13":"tag-tenis","14":"tag-tennis"},"share_on_mastodon":{"url":"https:\/\/pubeurope.com\/@es\/115544819381818048","error":""},"_links":{"self":[{"href":"https:\/\/www.europesays.com\/es\/wp-json\/wp\/v2\/posts\/234454","targetHints":{"allow":["GET"]}}],"collection":[{"href":"https:\/\/www.europesays.com\/es\/wp-json\/wp\/v2\/posts"}],"about":[{"href":"https:\/\/www.europesays.com\/es\/wp-json\/wp\/v2\/types\/post"}],"author":[{"embeddable":true,"href":"https:\/\/www.europesays.com\/es\/wp-json\/wp\/v2\/users\/2"}],"replies":[{"embeddable":true,"href":"https:\/\/www.europesays.com\/es\/wp-json\/wp\/v2\/comments?post=234454"}],"version-history":[{"count":0,"href":"https:\/\/www.europesays.com\/es\/wp-json\/wp\/v2\/posts\/234454\/revisions"}],"wp:featuredmedia":[{"embeddable":true,"href":"https:\/\/www.europesays.com\/es\/wp-json\/wp\/v2\/media\/234455"}],"wp:attachment":[{"href":"https:\/\/www.europesays.com\/es\/wp-json\/wp\/v2\/media?parent=234454"}],"wp:term":[{"taxonomy":"category","embeddable":true,"href":"https:\/\/www.europesays.com\/es\/wp-json\/wp\/v2\/categories?post=234454"},{"taxonomy":"post_tag","embeddable":true,"href":"https:\/\/www.europesays.com\/es\/wp-json\/wp\/v2\/tags?post=234454"}],"curies":[{"name":"wp","href":"https:\/\/api.w.org\/{rel}","templated":true}]}}