{"id":234456,"date":"2025-11-13T22:46:11","date_gmt":"2025-11-13T22:46:11","guid":{"rendered":"https:\/\/www.europesays.com\/es\/234456\/"},"modified":"2025-11-13T22:46:11","modified_gmt":"2025-11-13T22:46:11","slug":"estuve-hospitalizada-cinco-dias-y-los-doctores-me-decian-que-no-podria-seguir-mi-carrera-la-salud-mental-fue-muy-importante","status":"publish","type":"post","link":"https:\/\/www.europesays.com\/es\/234456\/","title":{"rendered":"\u201cEstuve hospitalizada cinco d\u00edas y los doctores me dec\u00edan que no podr\u00eda seguir mi carrera&#8230; La salud mental fue muy importante\u201d"},"content":{"rendered":"<p class=\"\"><b>A inicios de 2023, Catalina Vidaurre enfrent\u00f3 uno de los momentos m\u00e1s dif\u00edciles de su vida. <\/b>Una extra\u00f1a enfermedad, asociada a una trombosis respiratoria, tuvo a la deportista chilena al borde de dejar al ciclismo para siempre.<\/p>\n<p class=\"\"><b>\u201cDespu\u00e9s de esa enfermedad, desde que los doctores me dec\u00edan que no podr\u00eda seguir en este deporte y estar hospitalizada cinco d\u00edas, si fue un cambio en mi, en decir que este deporte es m\u00edo, es mi identidad\u201d<\/b>, se\u00f1al\u00f3 a AS la hermana del tambi\u00e9n distinguido ciclista chileno, Mart\u00edn Vidaurre, en el \u2018Media Day\u2019 de Red Bull.<\/p>\n<p class=\"\"><b>&#8211; \u00bfAquella enfermedad marc\u00f3 un antes y un despu\u00e9s en su vida y en su carrera profesional?<\/b><\/p>\n<p class=\"\">&#8211; Han pasado dos a\u00f1os&#8230; Fue un cambio muy grande en mi vida. Desde muy peque\u00f1a he estado ligado al deporte, al ciclismo. Era algo que me apasionaba, que me hac\u00eda feliz pero todav\u00eda no lo sent\u00eda como algo propio. Despu\u00e9s de todo lo que pas\u00f3 (en 2023), cambi\u00f3 todo. Tener ese cambio a nivel de motivaci\u00f3n, fue como un reseteo, part\u00ed desde cero en todo sentido y me ayud\u00f3 mucho a crecer como persona y deportista.<\/p>\n<p class=\"\"><b>&#8211; Debido a los obst\u00e1culos que ha tenido en el camino, \u00bfc\u00f3mo ha sobrellevado el factor mental?<\/b><\/p>\n<p>Noticias relacionadas<\/p>\n<p class=\"\">&#8211; S\u00ed, al final en este deporte uno tiene que estar pendiente de todos los factores y el nivel mental es muy importante. Es un deporte que partimos todos juntos, en una l\u00ednea de largada, hay que tener confianza y creerse el cuento. A mi personalmente me ha costado porque he venido de a\u00f1os con altibajos, con tema de lesiones, entonces me ha costado mucho trabajar la constancia. Este a\u00f1o fue esencial poder mejorar aquello, el apoyo psicol\u00f3gico para todo lo que es entrenamiento y carreras, mantenerse motivada es important\u00edsimo. <\/p>\n<p><img decoding=\"async\" src=\"https:\/\/www.europesays.com\/es\/wp-content\/uploads\/2025\/11\/UQMWDHJSJVDRXMPSKIWOJ6TBHY.png\" alt=\"\u201cEstuve hospitalizada cinco d\u00edas y los doctores me dec\u00edan que no podr\u00eda seguir mi carrera... La salud mental fue muy importante\u201d \" height=\"3024\" width=\"4032\"   loading=\"lazy\"\/><\/p>\n<p class=\"\"><b>\u00a1Tus opiniones importan!<\/b> Comenta en los art\u00edculos y suscr\u00edbete gratis a nuestra <a href=\"https:\/\/asfan.as.com\/newsletters\/\" target=\"_blank\" rel=\"nofollow noopener\" title=\"https:\/\/asfan.as.com\/newsletters\/\">newsletter<\/a> y a las alertas informativas en la <a href=\"https:\/\/as.com\/aplicacion-de-as-n\/\" target=\"_blank\" rel=\"nofollow noopener\" title=\"https:\/\/as.com\/aplicacion-de-as-n\/\">App<\/a> o el canal de <a href=\"https:\/\/www.whatsapp.com\/channel\/0029VaAasdA7j6g745nz9M10\" target=\"_blank\" rel=\"nofollow noopener\" title=\"https:\/\/www.whatsapp.com\/channel\/0029VaAasdA7j6g745nz9M10\">WhatsApp<\/a>. \u00bfBuscas licenciar contenido? Haz clic <a href=\"https:\/\/profesional.elpais.com\/soluciones-sindicacion?utm_medium=interno&amp;utm_source=crosslinking&amp;utm_campaign=sindicacion_as_pie_articulos\" target=\"_blank\" rel=\"nofollow noopener\" title=\"https:\/\/profesional.elpais.com\/soluciones-sindicacion?utm_medium=interno&amp;utm_source=crosslinking&amp;utm_campaign=sindicacion_as_pie_articulos\">aqu\u00ed<\/a><\/p>\n","protected":false},"excerpt":{"rendered":"A inicios de 2023, Catalina Vidaurre enfrent\u00f3 uno de los momentos m\u00e1s dif\u00edciles de su vida. Una extra\u00f1a&hellip;\n","protected":false},"author":2,"featured_media":234457,"comment_status":"","ping_status":"","sticky":false,"template":"","format":"standard","meta":{"footnotes":""},"categories":[273],"tags":[313,312,168,25,24,23,167],"class_list":{"0":"post-234456","1":"post","2":"type-post","3":"status-publish","4":"format-standard","5":"has-post-thumbnail","7":"category-ciclismo","8":"tag-ciclismo","9":"tag-cycling","10":"tag-deportes","11":"tag-es","12":"tag-espana","13":"tag-spain","14":"tag-sports"},"share_on_mastodon":{"url":"https:\/\/pubeurope.com\/@es\/115544823507230063","error":""},"_links":{"self":[{"href":"https:\/\/www.europesays.com\/es\/wp-json\/wp\/v2\/posts\/234456","targetHints":{"allow":["GET"]}}],"collection":[{"href":"https:\/\/www.europesays.com\/es\/wp-json\/wp\/v2\/posts"}],"about":[{"href":"https:\/\/www.europesays.com\/es\/wp-json\/wp\/v2\/types\/post"}],"author":[{"embeddable":true,"href":"https:\/\/www.europesays.com\/es\/wp-json\/wp\/v2\/users\/2"}],"replies":[{"embeddable":true,"href":"https:\/\/www.europesays.com\/es\/wp-json\/wp\/v2\/comments?post=234456"}],"version-history":[{"count":0,"href":"https:\/\/www.europesays.com\/es\/wp-json\/wp\/v2\/posts\/234456\/revisions"}],"wp:featuredmedia":[{"embeddable":true,"href":"https:\/\/www.europesays.com\/es\/wp-json\/wp\/v2\/media\/234457"}],"wp:attachment":[{"href":"https:\/\/www.europesays.com\/es\/wp-json\/wp\/v2\/media?parent=234456"}],"wp:term":[{"taxonomy":"category","embeddable":true,"href":"https:\/\/www.europesays.com\/es\/wp-json\/wp\/v2\/categories?post=234456"},{"taxonomy":"post_tag","embeddable":true,"href":"https:\/\/www.europesays.com\/es\/wp-json\/wp\/v2\/tags?post=234456"}],"curies":[{"name":"wp","href":"https:\/\/api.w.org\/{rel}","templated":true}]}}