{"id":234505,"date":"2025-11-13T23:20:15","date_gmt":"2025-11-13T23:20:15","guid":{"rendered":"https:\/\/www.europesays.com\/es\/234505\/"},"modified":"2025-11-13T23:20:15","modified_gmt":"2025-11-13T23:20:15","slug":"mas-de-12-000-futbolistas-podran-cambiar-de-equipo-sin-una-de-las-principales-limitaciones-tras-anos-de-reivindicacion-de-afe","status":"publish","type":"post","link":"https:\/\/www.europesays.com\/es\/234505\/","title":{"rendered":"M\u00e1s de 12.000 futbolistas podr\u00e1n cambiar de equipo sin una de las principales limitaciones tras a\u00f1os de reivindicaci\u00f3n de AFE"},"content":{"rendered":"<p>La <strong>Real Federaci\u00f3n Espa\u00f1ola de F\u00fatbol (RFEF)<\/strong> y el <strong>Consejo Superior de Deportes (CSD) <\/strong>han atendido, tras a\u00f1os de reivindicaci\u00f3n de la Asociaci\u00f3n de Futbolistas Espa\u00f1oles (AFE), la modificaci\u00f3n del Reglamento de Competiciones y, como consecuencia, del Reglamento General de la Federaci\u00f3n, que <strong>elimina una de las grandes limitaciones que se encontraban los\/as futbolistas a la hora de tramitar varias licencias en una misma temporada<\/strong>.<\/p>\n<p>Con esta reforma, m\u00e1s de 12.000 futbolistas de Tercera Federaci\u00f3n y de todas las categor\u00edas de f\u00fatbol femenino (Primera Divisi\u00f3n, Primera Federaci\u00f3n FUTFEM, Segunda Federaci\u00f3n FUTFEM y Tercera Federaci\u00f3n FUTFEM) <strong>podr\u00e1n cambiar de equipo, dentro de una misma temporada, en cualquier categor\u00eda y grupo, sin ninguna limitaci\u00f3n <\/strong>de partidos jugados previamente.<\/p>\n<blockquote class=\"wp-block-quote is-layout-flow wp-block-quote-is-layout-flow\"><p>\nRFEF y CSD atienden, al fin, una de las principales y grandes reivindicaciones de AFE para eliminar la posible retenci\u00f3n de jugadores en Tercera Federaci\u00f3n y en todas las categor\u00edas de f\u00fatbol femenino\n<\/p><\/blockquote>\n<p>La modificaci\u00f3n del Reglamento de Competiciones, que entra en vigor de forma inmediata, deroga la exclusi\u00f3n que recoge el Reglamento General de la RFEF y, por tanto, <strong>impide la posibilidad de retenci\u00f3n, por parte de los clubes<\/strong>, de aquellos y aquellas futbolistas que, tras disputar ocho o m\u00e1s partidos oficiales con un club durante una misma temporada, quisieran cambiar a otro de la misma categor\u00eda o, en su caso, grupo, siempre que su contrato se hubiera resuelto o su compromiso, cancelado.<\/p>\n<p>La modificaci\u00f3n, ratificada por el CSD el pasado 7 de octubre y comunicada por la RFEF en la ma\u00f1ana de este jueves, resuelve una de las principales reivindicaciones de AFE de los \u00faltimos a\u00f1os y permite que cualquier futbolista, independientemente de la categor\u00eda o grupo en el que compita, pueda <strong>cambiar de equipo en la misma categor\u00eda o grupo de competici\u00f3n sin que ninguna limitaci\u00f3n de partidos jugados con anterioridad se lo impida.<\/strong><\/p>\n","protected":false},"excerpt":{"rendered":"La Real Federaci\u00f3n Espa\u00f1ola de F\u00fatbol (RFEF) y el Consejo Superior de Deportes (CSD) han atendido, tras a\u00f1os&hellip;\n","protected":false},"author":2,"featured_media":234506,"comment_status":"","ping_status":"","sticky":false,"template":"","format":"standard","meta":{"footnotes":""},"categories":[93],"tags":[168,25,24,26058,23,167],"class_list":{"0":"post-234505","1":"post","2":"type-post","3":"status-publish","4":"format-standard","5":"has-post-thumbnail","7":"category-deportes","8":"tag-deportes","9":"tag-es","10":"tag-espana","11":"tag-sindical","12":"tag-spain","13":"tag-sports"},"share_on_mastodon":{"url":"https:\/\/pubeurope.com\/@es\/115544956951256845","error":""},"_links":{"self":[{"href":"https:\/\/www.europesays.com\/es\/wp-json\/wp\/v2\/posts\/234505","targetHints":{"allow":["GET"]}}],"collection":[{"href":"https:\/\/www.europesays.com\/es\/wp-json\/wp\/v2\/posts"}],"about":[{"href":"https:\/\/www.europesays.com\/es\/wp-json\/wp\/v2\/types\/post"}],"author":[{"embeddable":true,"href":"https:\/\/www.europesays.com\/es\/wp-json\/wp\/v2\/users\/2"}],"replies":[{"embeddable":true,"href":"https:\/\/www.europesays.com\/es\/wp-json\/wp\/v2\/comments?post=234505"}],"version-history":[{"count":0,"href":"https:\/\/www.europesays.com\/es\/wp-json\/wp\/v2\/posts\/234505\/revisions"}],"wp:featuredmedia":[{"embeddable":true,"href":"https:\/\/www.europesays.com\/es\/wp-json\/wp\/v2\/media\/234506"}],"wp:attachment":[{"href":"https:\/\/www.europesays.com\/es\/wp-json\/wp\/v2\/media?parent=234505"}],"wp:term":[{"taxonomy":"category","embeddable":true,"href":"https:\/\/www.europesays.com\/es\/wp-json\/wp\/v2\/categories?post=234505"},{"taxonomy":"post_tag","embeddable":true,"href":"https:\/\/www.europesays.com\/es\/wp-json\/wp\/v2\/tags?post=234505"}],"curies":[{"name":"wp","href":"https:\/\/api.w.org\/{rel}","templated":true}]}}