{"id":234508,"date":"2025-11-13T23:22:13","date_gmt":"2025-11-13T23:22:13","guid":{"rendered":"https:\/\/www.europesays.com\/es\/234508\/"},"modified":"2025-11-13T23:22:13","modified_gmt":"2025-11-13T23:22:13","slug":"con-el-me-llevo-bien-o-creia","status":"publish","type":"post","link":"https:\/\/www.europesays.com\/es\/234508\/","title":{"rendered":"&#8216;Con \u00e9l me llevo bien, o cre\u00eda&#8230;&#8217;"},"content":{"rendered":"<p><a href=\"https:\/\/www.huffingtonpost.es\/virales\/el-comentarioonico-pablo-motos-juan-val-sobre-pedro-sanchez-pasar-desapercibido.html\" rel=\"nofollow noopener\" target=\"_blank\">Juan del Val gan\u00f3 el premio Planeta<\/a>, dotado con un mill\u00f3n de euros, con su novela Vera, una historia de amor y casi un mes despu\u00e9s de la gala <b>su galard\u00f3n sigue trayendo cola en sectores de todo tipo.\u00a0<\/b><\/p>\n<p>Despu\u00e9s de toda la pol\u00e9mica por el premio baj\u00f3 el sufl\u00e9 pero ahora ha vuelto a subir desde la publicaci\u00f3n del libro el pasado 5 de noviembre y las feroces cr\u00edticas que ha recibido de los expertos literarios <a href=\"https:\/\/www.huffingtonpost.es\/virales\/juan-val-reacciona-criticas-ganar-premio-planeta-ojonade-pablo-motos-justo.html\" rel=\"nofollow noopener\" target=\"_blank\">de El Pa\u00eds y de ABC<\/a>, que han <b>descrito la novela como \u00abmuy mala\u00bb.\u00a0<\/b><\/p>\n<p>Hablando de sufl\u00e9, hasta Karlos Argui\u00f1ano ha tenido tiempo para dejar un comentario sobre el Planeta de Juan del Val. Coincidiendo con la publicaci\u00f3n de su tradicional libro de recetas anual, el cocinero ha dejado un comentario sobre el premio por el que despu\u00e9s le han preguntado al escritor.\u00a0<\/p>\n<p>\u00abCon Argui\u00f1ano me llevo bien. Bueno, o cre\u00eda\u00bb<\/p>\n<p><b>\u00abCualquier d\u00eda me cae el premio Planeta si seguimos as\u00ed.<\/b> En cuanto aprenda a escribir, empiezo\u00bb, ha dicho el cocinero en su programa gastron\u00f3mico de Atresmedia, cadena en la que trabaja del Val.\u00a0<\/p>\n<p><b>\u00abCon Argui\u00f1ano me llevo bien. Bueno, o cre\u00eda.<\/b> No s\u00e9 lo que dijo ayer pero seguro que si dijo algo estoy convencido de que no fue malintencionado. Estoy segur\u00edsimo\u00bb, ha afirmado Juan del Val en los micr\u00f3fonos de Radio Euskadi.\u00a0<\/p>\n<p>El colaborador de El Hormiguero se ha tomado a broma el comentario del cocinero y ha a\u00f1adido que para \u00e9l \u00abes muy importante el humor\u00bb: \u00abNos salva de todo. Me r\u00edo mucho de m\u00ed mismo. Es algo que creo que hago moderadamente bien\u00bb.\u00a0<\/p>\n<p>Tambi\u00e9n le han comentado a del Val lo que el diputado de ERC Gabriel Rufi\u00e1n ha dicho de \u00e9l en el Congreso \u00abcon menos humor\u00bb: \u00abEso tiene que ver con la brillantez de cada uno. Argui\u00f1ano lo es mucho m\u00e1s\u00bb.\u00a0<\/p>\n<p>Ha se\u00f1alado el escritor que \u00abacepta las cr\u00edticas de la gente que ha le\u00eddo la novela\u00bb tanto las que son \u00abmuy buenas, que las ha habido, como las que son muy malas, que tambi\u00e9n las ha habido\u00bb.\u00a0<\/p>\n<p>\u00abEl odio no lo concibo, las cr\u00edticas naturalmente que s\u00ed\u00bb, ha zanjado.\u00a0<\/p>\n","protected":false},"excerpt":{"rendered":"Juan del Val gan\u00f3 el premio Planeta, dotado con un mill\u00f3n de euros, con su novela Vera, una&hellip;\n","protected":false},"author":2,"featured_media":234509,"comment_status":"","ping_status":"","sticky":false,"template":"","format":"standard","meta":{"footnotes":""},"categories":[91],"tags":[146,147,25,24,4260,21736,4042,23],"class_list":{"0":"post-234508","1":"post","2":"type-post","3":"status-publish","4":"format-standard","5":"has-post-thumbnail","7":"category-entretenimiento","8":"tag-entertainment","9":"tag-entretenimiento","10":"tag-es","11":"tag-espana","12":"tag-juan-del-val","13":"tag-karlos-arguinano","14":"tag-premio-planeta","15":"tag-spain"},"share_on_mastodon":{"url":"https:\/\/pubeurope.com\/@es\/115544964946969976","error":""},"_links":{"self":[{"href":"https:\/\/www.europesays.com\/es\/wp-json\/wp\/v2\/posts\/234508","targetHints":{"allow":["GET"]}}],"collection":[{"href":"https:\/\/www.europesays.com\/es\/wp-json\/wp\/v2\/posts"}],"about":[{"href":"https:\/\/www.europesays.com\/es\/wp-json\/wp\/v2\/types\/post"}],"author":[{"embeddable":true,"href":"https:\/\/www.europesays.com\/es\/wp-json\/wp\/v2\/users\/2"}],"replies":[{"embeddable":true,"href":"https:\/\/www.europesays.com\/es\/wp-json\/wp\/v2\/comments?post=234508"}],"version-history":[{"count":0,"href":"https:\/\/www.europesays.com\/es\/wp-json\/wp\/v2\/posts\/234508\/revisions"}],"wp:featuredmedia":[{"embeddable":true,"href":"https:\/\/www.europesays.com\/es\/wp-json\/wp\/v2\/media\/234509"}],"wp:attachment":[{"href":"https:\/\/www.europesays.com\/es\/wp-json\/wp\/v2\/media?parent=234508"}],"wp:term":[{"taxonomy":"category","embeddable":true,"href":"https:\/\/www.europesays.com\/es\/wp-json\/wp\/v2\/categories?post=234508"},{"taxonomy":"post_tag","embeddable":true,"href":"https:\/\/www.europesays.com\/es\/wp-json\/wp\/v2\/tags?post=234508"}],"curies":[{"name":"wp","href":"https:\/\/api.w.org\/{rel}","templated":true}]}}