{"id":234551,"date":"2025-11-13T23:55:13","date_gmt":"2025-11-13T23:55:13","guid":{"rendered":"https:\/\/www.europesays.com\/es\/234551\/"},"modified":"2025-11-13T23:55:13","modified_gmt":"2025-11-13T23:55:13","slug":"carlos-alcaraz-recibira-el-trofeo-de-numero-1-atp-este-viernes","status":"publish","type":"post","link":"https:\/\/www.europesays.com\/es\/234551\/","title":{"rendered":"Carlos Alcaraz recibir\u00e1 el trofeo de n\u00famero 1 ATP este viernes"},"content":{"rendered":"<p data-mrf-recirculation=\"Links P\u00e1rrafos\" class=\"ue-c-article__paragraph paragraph ue-c-article--first-letter-highlighted\">Carlos Alcaraz, una vez ya ha asegurado su condici\u00f3n de mejor tenista de la presente temporada, recibir\u00e1 el reconocimiento y el trofeo <strong>que le acredita este viernes, a las 14.00 horas, en la central del Inalpi Arena<\/strong>. Ser\u00e1 justo antes de que salte a la cancha <strong>Jannik Sinner para disputar su tercer partido del grupo Bj\u00f6rn Borg contra Ben Shelton<\/strong>.\u00a0<br \/>\u200b<br \/><strong>Andrea Gaudenzi<\/strong>, presidente de la ATP, ser\u00e1 el encargado de dar la enorme copa al campe\u00f3n espa\u00f1ol, que repetir\u00e1 la instant\u00e1nea de 2022. <strong>Esa vez no pudo competir en el torneo por una lesi\u00f3n en el abdominal<\/strong>. Tres a\u00f1os despu\u00e9s, sigue aspirando al doblete en casa de su gran enemigo.\u00a0<\/p>\n","protected":false},"excerpt":{"rendered":"Carlos Alcaraz, una vez ya ha asegurado su condici\u00f3n de mejor tenista de la presente temporada, recibir\u00e1 el&hellip;\n","protected":false},"author":2,"featured_media":234552,"comment_status":"","ping_status":"","sticky":false,"template":"","format":"standard","meta":{"footnotes":""},"categories":[274],"tags":[168,25,24,23,167,327,326],"class_list":{"0":"post-234551","1":"post","2":"type-post","3":"status-publish","4":"format-standard","5":"has-post-thumbnail","7":"category-tenis","8":"tag-deportes","9":"tag-es","10":"tag-espana","11":"tag-spain","12":"tag-sports","13":"tag-tenis","14":"tag-tennis"},"share_on_mastodon":{"url":"https:\/\/pubeurope.com\/@es\/115545094712756806","error":""},"_links":{"self":[{"href":"https:\/\/www.europesays.com\/es\/wp-json\/wp\/v2\/posts\/234551","targetHints":{"allow":["GET"]}}],"collection":[{"href":"https:\/\/www.europesays.com\/es\/wp-json\/wp\/v2\/posts"}],"about":[{"href":"https:\/\/www.europesays.com\/es\/wp-json\/wp\/v2\/types\/post"}],"author":[{"embeddable":true,"href":"https:\/\/www.europesays.com\/es\/wp-json\/wp\/v2\/users\/2"}],"replies":[{"embeddable":true,"href":"https:\/\/www.europesays.com\/es\/wp-json\/wp\/v2\/comments?post=234551"}],"version-history":[{"count":0,"href":"https:\/\/www.europesays.com\/es\/wp-json\/wp\/v2\/posts\/234551\/revisions"}],"wp:featuredmedia":[{"embeddable":true,"href":"https:\/\/www.europesays.com\/es\/wp-json\/wp\/v2\/media\/234552"}],"wp:attachment":[{"href":"https:\/\/www.europesays.com\/es\/wp-json\/wp\/v2\/media?parent=234551"}],"wp:term":[{"taxonomy":"category","embeddable":true,"href":"https:\/\/www.europesays.com\/es\/wp-json\/wp\/v2\/categories?post=234551"},{"taxonomy":"post_tag","embeddable":true,"href":"https:\/\/www.europesays.com\/es\/wp-json\/wp\/v2\/tags?post=234551"}],"curies":[{"name":"wp","href":"https:\/\/api.w.org\/{rel}","templated":true}]}}