{"id":234588,"date":"2025-11-14T00:22:04","date_gmt":"2025-11-14T00:22:04","guid":{"rendered":"https:\/\/www.europesays.com\/es\/234588\/"},"modified":"2025-11-14T00:22:04","modified_gmt":"2025-11-14T00:22:04","slug":"bakambu-jugara-la-final-africana-por-el-mundial-con-derbi-ante-nigeria-tras-ganar-a-camerun-0-1","status":"publish","type":"post","link":"https:\/\/www.europesays.com\/es\/234588\/","title":{"rendered":"Bakambu jugar\u00e1 la final africana por el Mundial con &#8216;derbi&#8217; ante Nigeria tras ganar a Camer\u00fan (0-1)"},"content":{"rendered":"<p>13\/11\/2025<br \/>\n<br \/><strong><br \/>\nActualizado a las 22:57h.<br \/>\n<\/strong><\/p>\n<p class=\"voc-p\" style=\"\">La <strong>RD Congo<\/strong> jugar\u00e1 la final africana para estar en la Copa del Mundo 2026. La selecci\u00f3n del delantero del <strong>Betis<\/strong>\u00a0<strong>Cedric Bakambu<\/strong> venci\u00f3 en la segunda semifinal a Camer\u00fan (0-1), gracias a un tanto de Mbemba en el primer minuto  &#8230; de la prolongaci\u00f3n, con lo que este domingo se medir\u00e1 a Nigeria, que venci\u00f3 a Gab\u00f3n en la otra semifinal, para sellar el pase al Torneo de repesca de la FIFA, que se jugar\u00e1 en M\u00e9xico en el mes de marzo del pr\u00f3ximo a\u00f1o 2026.<\/p>\n<p class=\"voc-p\" style=\"\">Un paso m\u00e1s cerca de hacer historia con la RD Congo y regresar a una cita mundialista 52 a\u00f1os despu\u00e9s, tras <strong>esa \u00fanica presencia en el Mundial de Alemania en 1974<\/strong>. Con Bakambu como delantero titular, aunque en esta ocasi\u00f3n el b\u00e9tico no marc\u00f3. Disput\u00f3 75 minutos de un partido igualado hasta los instantes finales, cuando Mbemba anot\u00f3 ese tanto de la victoria que llev\u00f3 la locura a la RD Congo.<\/p>\n<p class=\"voc-p\" style=\"\"><strong>En la final africana le espera a Bakambu casi una previa del derbi<\/strong>. Los sevillistas Akor Adams y Chidera Ejuke anotaron dos de los cuatro goles en el triunfo de Nigeria ante Gab\u00f3n y ambos esperar\u00e1n al verdiblanco en busca de esa plaza extra en la repesca. Un duelo para seguir haciendo historia y citarse con otras cuatro selecciones por esas dos plazas extra del Torneo de la FIFA.<\/p>\n<p class=\"voc-p\" style=\"\">Bolivia, por la Conmebol y Nueva Caledonia, por la Confederaci\u00f3n de Ocean\u00eda, ya aguardan rivales para el mes de marzo. De las seis clasificadas, las cuatro peor situadas en la Clasificaci\u00f3n Mundial FIFA se enfrentar\u00e1n en semifinales. Los dos combinados mejor clasificados pasar\u00e1n directamente a las dos finales. <strong>Los vencedores de las dos finales acceder\u00e1n a la Copa Mundial de la FIFA 2026<\/strong>. Ah\u00ed quiere estar Bakambu, que el domingo jugar\u00e1 otro partido clave ante Nigeria.<\/p>\n<p class=\"voc-p\" style=\"\">La selecci\u00f3n de la RD de Congo tambi\u00e9n participar\u00e1 en la <strong>Copa de \u00c1frica<\/strong>, que se disputar\u00e1 en Marruecos entre el 21 de diciembre y el 18 de enero. El combinado congole\u00f1o empezar\u00e1 su participaci\u00f3n el 23 de diciembre ante Ben\u00edn; el segundo encuentro de la fase de grupos ser\u00e1 frente a Senegal el d\u00eda 27; y cerrar\u00e1 la primera fase del campeonato contra Bostwana el 30 de diciembre.<\/p>\n<p>\nArt\u00edculo solo para suscriptores\n<\/p>\n<p>Reportar un error<\/p>\n","protected":false},"excerpt":{"rendered":"13\/11\/2025 Actualizado a las 22:57h. La RD Congo jugar\u00e1 la final africana para estar en la Copa del&hellip;\n","protected":false},"author":2,"featured_media":234589,"comment_status":"","ping_status":"","sticky":false,"template":"","format":"standard","meta":{"footnotes":""},"categories":[268],"tags":[1575,36138,30728,168,25,24,1058,280,282,10660,1070,25639,281,23,167,575,28388],"class_list":{"0":"post-234588","1":"post","2":"type-post","3":"status-publish","4":"format-standard","5":"has-post-thumbnail","7":"category-futbol","8":"tag-ante","9":"tag-bakambu","10":"tag-camerun","11":"tag-deportes","12":"tag-es","13":"tag-espana","14":"tag-final","15":"tag-football","16":"tag-futbol","17":"tag-jugara","18":"tag-mundial","19":"tag-nigeria","20":"tag-soccer","21":"tag-spain","22":"tag-sports","23":"tag-tras","24":"tag-vencer"},"share_on_mastodon":{"url":"https:\/\/pubeurope.com\/@es\/115545200722677596","error":""},"_links":{"self":[{"href":"https:\/\/www.europesays.com\/es\/wp-json\/wp\/v2\/posts\/234588","targetHints":{"allow":["GET"]}}],"collection":[{"href":"https:\/\/www.europesays.com\/es\/wp-json\/wp\/v2\/posts"}],"about":[{"href":"https:\/\/www.europesays.com\/es\/wp-json\/wp\/v2\/types\/post"}],"author":[{"embeddable":true,"href":"https:\/\/www.europesays.com\/es\/wp-json\/wp\/v2\/users\/2"}],"replies":[{"embeddable":true,"href":"https:\/\/www.europesays.com\/es\/wp-json\/wp\/v2\/comments?post=234588"}],"version-history":[{"count":0,"href":"https:\/\/www.europesays.com\/es\/wp-json\/wp\/v2\/posts\/234588\/revisions"}],"wp:featuredmedia":[{"embeddable":true,"href":"https:\/\/www.europesays.com\/es\/wp-json\/wp\/v2\/media\/234589"}],"wp:attachment":[{"href":"https:\/\/www.europesays.com\/es\/wp-json\/wp\/v2\/media?parent=234588"}],"wp:term":[{"taxonomy":"category","embeddable":true,"href":"https:\/\/www.europesays.com\/es\/wp-json\/wp\/v2\/categories?post=234588"},{"taxonomy":"post_tag","embeddable":true,"href":"https:\/\/www.europesays.com\/es\/wp-json\/wp\/v2\/tags?post=234588"}],"curies":[{"name":"wp","href":"https:\/\/api.w.org\/{rel}","templated":true}]}}