{"id":234622,"date":"2025-11-14T00:45:09","date_gmt":"2025-11-14T00:45:09","guid":{"rendered":"https:\/\/www.europesays.com\/es\/234622\/"},"modified":"2025-11-14T00:45:09","modified_gmt":"2025-11-14T00:45:09","slug":"el-valencia-cf-destituye-a-miguel-angel-corona","status":"publish","type":"post","link":"https:\/\/www.europesays.com\/es\/234622\/","title":{"rendered":"El Valencia CF destituye a Miguel \u00c1ngel Corona"},"content":{"rendered":"<p>Una de las figuras m\u00e1s controvertidas del Valencia ya es historia en el club. A las 23 horas, casi en la madrugada, el club blanquinegro  &#8230; lanzaba un comunicado para anunciar el despido de Miguel \u00c1ngel Corona. Con dos frases han puesto fin a una trayectoria de seis a\u00f1os en el club. \u00abEl Valencia CF anuncia la finalizaci\u00f3n de su relaci\u00f3n contractual con Miguel \u00c1ngel Corona. El club quiere agradecerle su compromiso durante los \u00faltimos cinco a\u00f1os y le desea \u00e9xito en el futuro\u00bb, rezaba el texto.<\/p>\n<p class=\"v-p\">Ron Gourlay ha decidido que Miguel \u00c1ngel Corona no sumaba en la estructura deportiva que pretende poner en marcha en el Valencia, y ha decidido sacarlo de la entidad a mes y medio del mercado de invierno de fichajes. El escoc\u00e9s lleva desde su llegada confeccionando un informe con las deficiencias en la parcela de f\u00fatbol de la entidad y ya ten\u00eda claro desde hace un tiempo que la direcci\u00f3n deportiva iba a ser reemplazada. El anuncio llega, adem\u00e1s, cuando el CEO de f\u00fatbol del Valencia tiene previsto reunirse, previsiblemente en Singapur, con el m\u00e1ximo accionista del Valencia, Peter Lim, y su hijo Kiat, presidente de la entidad de Mestalla.<\/p>\n<p class=\"v-p\">Era un despido que estaba cantado. Ya Gourlay en sus primeras palabras en el cargo habl\u00f3 de reforzar el \u00e1rea deportiva del Valencia, y habl\u00f3 tanto de metodolog\u00eda y, sobre todo, de nuevas personas en esa responsabilidad. Adem\u00e1s, el viaje a Singapur en el que Corona se qued\u00f3 en Valencia ya evidenci\u00f3 que la confianza en el responsable de los fichajes hab\u00eda finalizado. All\u00ed volaron Sol\u00eds y Corber\u00e1n para acompa\u00f1ar al entonces nuevo CEO de f\u00fatbol del Valencia. Desde ese momento su presencia p\u00fablica se redujo considerablemente, ya ni ejerc\u00eda de portavoz antes de los partidos ni destacaba en las presentaciones de los nuevos futbolistas. Ahora su futuro parece ligado al Panathinaikos griego, donde entrena el exvalencianista Rafa Ben\u00edtez.<\/p>\n<p class=\"v-p\">En enero 2020 apareci\u00f3 en Valencia de la mano de C\u00e9sar S\u00e1nchez, en ese momento m\u00e1ximo responsable deportivo de la entidad. Corona proven\u00eda del Almer\u00eda. El exportero dimiti\u00f3 seis meses despu\u00e9s tras el despido de Albert Celades sin hab\u00e9rselo comunicado, y entonces Corona qued\u00f3 como cabeza visible del departamento, siempre bajo la atenta mirada de Anil Murthy, presidente en aquella \u00e9poca.<\/p>\n<p class=\"v-p\">Ya en 2023 pas\u00f3 a ser director de f\u00fatbol del Valencia, con plenos poderes para confeccionar la plantilla. En esta \u00e9poca han sido m\u00e1s los fracasos en los fichajes que los aciertos, pero bien es cierto que las limitaciones financieras han hecho que tuviera que agudizar mucho el ingenio para buscar jugadores baratos y que dieran rendimiento.<\/p>\n<p class=\"v-p\">La afici\u00f3n valencianista ha expresado siempre su desacuerdo con el quehacer del director deportivo, al que acusaban de c\u00f3mplice de los desmanes de Meriton y de asumir la escasa inversi\u00f3n. Entre los mayores fracasos a la hora de elegir futbolistas est\u00e1 Caufriez, Comert o Cenk. Pero el pasado mercado de invierno fue su sentencia. Corber\u00e1n iba marcando las directrices de los puestos prioritarios, como era un mediocentro y un delantero, y entre las opciones que ofreci\u00f3 Corona finalmente se fich\u00f3 a Santamaria para acompa\u00f1ar a Pepelu y a Lucas Beltr\u00e1n cuando el mayor deseo era la vuelta de Sadiq.<\/p>\n<p class=\"v-p\">Con esta destituci\u00f3n tambi\u00e9n gana protagonismo en la toma de decisiones el entrenador del Valencia, discutido tras los \u00faltimos resultados. Corber\u00e1n ya ha manifestado a Gourlay que necesita refuerzos, principalmente un lateral derecho, un central, un mediocentro y un delantero. Veremos a qu\u00e9 accede Peter Lim.<\/p>\n","protected":false},"excerpt":{"rendered":"Una de las figuras m\u00e1s controvertidas del Valencia ya es historia en el club. A las 23 horas,&hellip;\n","protected":false},"author":2,"featured_media":234623,"comment_status":"","ping_status":"","sticky":false,"template":"","format":"standard","meta":{"footnotes":""},"categories":[268],"tags":[2594,8842,8929,4182,168,25,24,280,282,4098,281,23,167,235],"class_list":{"0":"post-234622","1":"post","2":"type-post","3":"status-publish","4":"format-standard","5":"has-post-thumbnail","7":"category-futbol","8":"tag-angel","9":"tag-cese","10":"tag-comunica","11":"tag-corona","12":"tag-deportes","13":"tag-es","14":"tag-espana","15":"tag-football","16":"tag-futbol","17":"tag-miguel","18":"tag-soccer","19":"tag-spain","20":"tag-sports","21":"tag-valencia"},"share_on_mastodon":{"url":"https:\/\/pubeurope.com\/@es\/115545291131858087","error":""},"_links":{"self":[{"href":"https:\/\/www.europesays.com\/es\/wp-json\/wp\/v2\/posts\/234622","targetHints":{"allow":["GET"]}}],"collection":[{"href":"https:\/\/www.europesays.com\/es\/wp-json\/wp\/v2\/posts"}],"about":[{"href":"https:\/\/www.europesays.com\/es\/wp-json\/wp\/v2\/types\/post"}],"author":[{"embeddable":true,"href":"https:\/\/www.europesays.com\/es\/wp-json\/wp\/v2\/users\/2"}],"replies":[{"embeddable":true,"href":"https:\/\/www.europesays.com\/es\/wp-json\/wp\/v2\/comments?post=234622"}],"version-history":[{"count":0,"href":"https:\/\/www.europesays.com\/es\/wp-json\/wp\/v2\/posts\/234622\/revisions"}],"wp:featuredmedia":[{"embeddable":true,"href":"https:\/\/www.europesays.com\/es\/wp-json\/wp\/v2\/media\/234623"}],"wp:attachment":[{"href":"https:\/\/www.europesays.com\/es\/wp-json\/wp\/v2\/media?parent=234622"}],"wp:term":[{"taxonomy":"category","embeddable":true,"href":"https:\/\/www.europesays.com\/es\/wp-json\/wp\/v2\/categories?post=234622"},{"taxonomy":"post_tag","embeddable":true,"href":"https:\/\/www.europesays.com\/es\/wp-json\/wp\/v2\/tags?post=234622"}],"curies":[{"name":"wp","href":"https:\/\/api.w.org\/{rel}","templated":true}]}}