{"id":234628,"date":"2025-11-14T00:49:18","date_gmt":"2025-11-14T00:49:18","guid":{"rendered":"https:\/\/www.europesays.com\/es\/234628\/"},"modified":"2025-11-14T00:49:18","modified_gmt":"2025-11-14T00:49:18","slug":"tengo-ganas-de-subirme-a-un-autobus-en-el-que-nadie-me-conozca","status":"publish","type":"post","link":"https:\/\/www.europesays.com\/es\/234628\/","title":{"rendered":"Tengo ganas de subirme a un autob\u00fas en el que nadie me conozca\u00bb"},"content":{"rendered":"<p id=\"eA18V7SDEpi\" data-wc=\"80\"><strong>El estreno de\u00a0<\/strong><strong>Hasta el fin del mundo<\/strong>\u00a0de ayer en RTVE ha dejado varios <strong>momentazos televisivos<\/strong>. Este reality\u00a0de aventura y emociones, que consta de un casting\u00a0lleno de celebridades muy conocidas, protagoniz\u00f3 tambi\u00e9n un momento muy entra\u00f1able. <strong>Roc\u00edo Carrasco record\u00f3 a su madre, la inigualable Roc\u00edo Jurado, en plena aventura en Costa Rica.\u00a0<\/strong>Asimismo, quiso subrayar <strong>la libertad<\/strong> de la que est\u00e1 gozando en el programa al estar al otro lado del charco y <strong>no ser tan conocida.\u00a0<\/strong><\/p>\n<p> <img src=\"https:\/\/www.europesays.com\/es\/wp-content\/uploads\/2025\/11\/e9d131c6aaea-dlu594222026-1.jpg\"   width=\"1024\" height=\"682\" loading=\"lazy\" decoding=\"async\" alt=\" Rocio Carrasco en la presentaci\u00f3n de 'Hasta el fin del mundo'\" fetchpriority=\"auto\" class=\"image ho-image\"\/>\u00a9 GTRES Roc\u00edo Carrasco en la presentaci\u00f3n de &#8216;Hasta el fin del mundo&#8217;<\/p>\n<p id=\"eMawym7aOxP\" data-wc=\"65\">En general, Roc\u00edo Carrasco parece muy emocionada de poder gozar de un anonimato que en Espa\u00f1a no posee. <strong>\u201cTengo ganas de subirme a un autob\u00fas en el que nadie me conozca, hacer lo que tenga que hacer sin preocuparme de que me vean.<\/strong> De cosas cotidianas. A m\u00ed eso me apetece mucho. <strong>Vais a conocer a una nueva Roc\u00edo\u201d,\u00a0<\/strong>asegur\u00f3 la presentadora y colaboradora televisiva.<\/p>\n<p id=\"e0XbCFC_zHL\" data-wc=\"96\">Este reality show\u00a0cuenta con la participaci\u00f3n de seis parejas. Carrasco y su compa\u00f1era <strong>Anabel Due\u00f1as, Alba Carrillo y Cristina Cifuentes, Yolanda Ramos y su sobrina Ainoa Olivares, Jedet y<\/strong> <strong>Andrea Compton<\/strong>, <strong>Nia<\/strong> y <strong>J Kbello<\/strong>, y <strong>Aldo Comas<\/strong> y <strong>Jos\u00e9 Lamu\u00f1o.\u00a0<\/strong>Todos ellos se tendr\u00e1n que enfrentar en estas semanas a un recorrido de m\u00e1s de 15.000 kil\u00f3metros por ocho pa\u00edses. <strong data-gid=\"e6Gv5a65qJ\">Las condiciones del programa son muy duras.\u00a0<\/strong>As\u00ed lo confirm\u00f3 <strong data-gid=\"e6Gv5a65qJ\">Paula V\u00e1zquez,<\/strong> la presentadora del programa. Cada pareja s\u00f3lo consta de dos mochilas, un GPS, un mapa y 1.300 euros para toda la experiencia.\u00a0<\/p>\n<p> <img src=\"https:\/\/www.europesays.com\/es\/wp-content\/uploads\/2025\/11\/0bb4d55fe38f-lidera.jpg\"   width=\"1024\" height=\"576\" loading=\"lazy\" decoding=\"async\" alt=\"Los 12 concursantes en el estreno del programa\" fetchpriority=\"auto\" class=\"image ho-image\"\/>Los 12 concursantes en el estreno del programa<br \/>\nUn \u00abregateo\u00bb heredado\u00a0<\/p>\n<p id=\"eY50jarpuuf\" data-wc=\"141\">Esto hace que haya <strong>mucha tensi\u00f3n, muchos lloros y estr\u00e9s<\/strong> en la experiencia, pero tambi\u00e9n <strong>ha habido lugar para\u00a0<\/strong><strong>las risas<\/strong>. Un ejemplo de ello ha sido la situaci\u00f3n que han generado <strong>Roc\u00edo Carrasco y Anabel Due\u00f1as<\/strong>, en el que han explicado el origen de su capacidad <strong>\u00abpara regatear\u00bb<\/strong>. Y es que, con un presupuesto tan reducido con el que cuentan los concursantes, deben utilizar su astucia y carisma para sacar r\u00e9dito de cualquier parte. \u201cCreo que nos va a ir bien en el concurso, pero no te voy a decir por qu\u00e9. <strong>Nosotras somos de regateo.\u00a0<\/strong><strong>Regateo la Jurado<\/strong>\u2026 <strong>Ella llegaba, cog\u00eda una medallita, unos pendientes, cog\u00eda de todo para todo el mundo. Y cuando llegaba a la caja dec\u00eda: \u2018Bueno, y a los de Chipiona, \u00bfa cu\u00e1nto se nos queda?\u2019<\/strong>. Yo me pon\u00eda roja, roja, pero <strong>aprend\u00ed de ella<\/strong>.\u201d\u00a0<\/p>\n<p> <img src=\"https:\/\/www.europesays.com\/es\/wp-content\/uploads\/2025\/11\/4543967ecfd7-dlu594222022.jpg\"   width=\"1024\" height=\"682\" loading=\"lazy\" decoding=\"async\" alt=\"&#10;\" fetchpriority=\"auto\" class=\"image ho-image\"\/>\u00a9 GTRESLa pareja formada por Roc\u00edo Carrasco y Anabel Due\u00f1as<\/p>\n<p id=\"e9Bq-rgvF8\" data-wc=\"98\">De esta manera, hemos podido ver a una Roc\u00edo Carrasco m\u00e1s suelta, m\u00e1s libre. <strong>Gracias a este \u00abregateo\u00bb aprendido de su madre, las dos concursantes lograron billetes m\u00e1s baratos<\/strong> y encima pudieron trabajar por dos horas en un establecimiento local. Adem\u00e1s, ambas bailaron con los lugare\u00f1os, ofreciendo un momento muy divertido para los televidentes. En referencia a su situaci\u00f3n familiar y en concreto a la relaci\u00f3n que mantiene con su hija <strong>Roc\u00edo Flores<\/strong>, tambi\u00e9n solt\u00f3 alguna que otra referencia: \u00abYo como no tengo followers me da igual, yo <strong>solo tengo a mi marido y a mis dos perros<\/strong>\u201d.<\/p>\n","protected":false},"excerpt":{"rendered":"El estreno de\u00a0Hasta el fin del mundo\u00a0de ayer en RTVE ha dejado varios momentazos televisivos. Este reality\u00a0de aventura&hellip;\n","protected":false},"author":2,"featured_media":234629,"comment_status":"","ping_status":"","sticky":false,"template":"","format":"standard","meta":{"footnotes":""},"categories":[171],"tags":[517,146,147,25,24,3157,23,214],"class_list":{"0":"post-234628","1":"post","2":"type-post","3":"status-publish","4":"format-standard","5":"has-post-thumbnail","7":"category-tv","8":"tag-actualidad","9":"tag-entertainment","10":"tag-entretenimiento","11":"tag-es","12":"tag-espana","13":"tag-rocio-carrasco","14":"tag-spain","15":"tag-tv"},"share_on_mastodon":{"url":"https:\/\/pubeurope.com\/@es\/115545307503748955","error":""},"_links":{"self":[{"href":"https:\/\/www.europesays.com\/es\/wp-json\/wp\/v2\/posts\/234628","targetHints":{"allow":["GET"]}}],"collection":[{"href":"https:\/\/www.europesays.com\/es\/wp-json\/wp\/v2\/posts"}],"about":[{"href":"https:\/\/www.europesays.com\/es\/wp-json\/wp\/v2\/types\/post"}],"author":[{"embeddable":true,"href":"https:\/\/www.europesays.com\/es\/wp-json\/wp\/v2\/users\/2"}],"replies":[{"embeddable":true,"href":"https:\/\/www.europesays.com\/es\/wp-json\/wp\/v2\/comments?post=234628"}],"version-history":[{"count":0,"href":"https:\/\/www.europesays.com\/es\/wp-json\/wp\/v2\/posts\/234628\/revisions"}],"wp:featuredmedia":[{"embeddable":true,"href":"https:\/\/www.europesays.com\/es\/wp-json\/wp\/v2\/media\/234629"}],"wp:attachment":[{"href":"https:\/\/www.europesays.com\/es\/wp-json\/wp\/v2\/media?parent=234628"}],"wp:term":[{"taxonomy":"category","embeddable":true,"href":"https:\/\/www.europesays.com\/es\/wp-json\/wp\/v2\/categories?post=234628"},{"taxonomy":"post_tag","embeddable":true,"href":"https:\/\/www.europesays.com\/es\/wp-json\/wp\/v2\/tags?post=234628"}],"curies":[{"name":"wp","href":"https:\/\/api.w.org\/{rel}","templated":true}]}}