{"id":234642,"date":"2025-11-14T00:56:11","date_gmt":"2025-11-14T00:56:11","guid":{"rendered":"https:\/\/www.europesays.com\/es\/234642\/"},"modified":"2025-11-14T00:56:11","modified_gmt":"2025-11-14T00:56:11","slug":"murtra-y-emilio-gayo-compran-un-millon-de-euros-en-acciones-de-telefonica-para-respaldar-su-plan-estrategico-empresas","status":"publish","type":"post","link":"https:\/\/www.europesays.com\/es\/234642\/","title":{"rendered":"Murtra y Emilio Gayo compran un mill\u00f3n de euros en acciones de Telef\u00f3nica para respaldar su plan estrat\u00e9gico | Empresas"},"content":{"rendered":"<p class=\"\">Marc Murtra, presidente de Telef\u00f3nica, y Emilio Gayo, consejero delegado, han efectuado la compra de 271.743 acciones de la entidad, por un valor total aproximado de un mill\u00f3n de euros, seg\u00fan han comunicado los informes de la Comisi\u00f3n Nacional del Mercado de Valores (CNMV). Este movimiento se interpreta como una muestra de confianza de los dos m\u00e1ximos directivos en el futuro de la compa\u00f1\u00eda tras la presentaci\u00f3n el pasado 4 de noviembre del Plan Estrat\u00e9gico 2026-2030. <\/p>\n<p class=\"\">Murtra concret\u00f3 la adquisici\u00f3n de 136.241 acciones en dos operaciones distintas, una el 11 de noviembre con 54.274 acciones a un precio de 3,69 euros cada una, y la otra el 12 de noviembre, donde adquiri\u00f3 81.967 acciones a 3,66 euros cada una, sumando un total de 500.270 euros. Por su parte, Gayo compr\u00f3 135.502 acciones el 11 de noviembre por un precio de 3,69 euros por t\u00edtulo, representando una inversi\u00f3n de 500.002 euros.<\/p>\n<p class=\"\">Estas compras se suman a la realizada por Anna Mart\u00ednez Bala\u00f1\u00e1, consejera de Telef\u00f3nica, quien el 6 de noviembre adquiri\u00f3 1.000 acciones a 3,64 euros cada una, invirtiendo 3.640 euros. Anteriormente, la directora financiera Laura Abasolo, comunic\u00f3 la compra el 7 de abril de 216.200 t\u00edtulos a un precio de 4,28 euros; y el pasado 30 de junio, se hizo con 17.027 t\u00edtulos por un valor unitario de 4,48 euros. <\/p>\n<p class=\"\">La acci\u00f3n de Telef\u00f3nica ha cerrado este jueves a un precio de 3,72 euros, lo que supone una revalorizaci\u00f3n el 1,98%. La presentaci\u00f3n del nuevo Plan Estrat\u00e9gico, bautizado como Transform &amp; Grow, provoc\u00f3 un desplome de la cotizaci\u00f3n del 13% ante la falta de operaciones corporativas y el objetivo moderado de generaci\u00f3n de caja y reducci\u00f3n de deuda. La ca\u00edda se mantuvo durante los siguientes d\u00edas, de forma que a pesar de dos subidas esta semana, el precio actual sigue estando un 15% por debajo de los 4,38 euros por t\u00edtulo que marcaba la v\u00edspera de la presentaci\u00f3n del plan.<\/p>\n<p class=\"\">En ese repunte de la sesi\u00f3n de este jueves ha influido un informe de Fitch Ratings, que ha se\u00f1alado que el plan estrat\u00e9gico mejorar\u00e1 la flexibilidad financiera de Telef\u00f3nica y su capacidad para reducir deuda, que al cierre de septiembre se ubicaba en 28.233 millones de euros. \u201cLa reducci\u00f3n prevista de dividendos por parte de Telef\u00f3nica y su enfoque en la optimizaci\u00f3n de recursos mejorar\u00e1n la capacidad de desapalancamiento org\u00e1nico de la compa\u00f1\u00eda y su margen de calificaci\u00f3n. Una reducci\u00f3n sostenida del apalancamiento, acompa\u00f1ada de mejoras suficientes en la estructura de costes y el perfil operativo, podr\u00eda ejercer presi\u00f3n al alza sobre la calificaci\u00f3n a medio y largo plazo\u201d, han valorado los analistas de Fitch.<\/p>\n","protected":false},"excerpt":{"rendered":"Marc Murtra, presidente de Telef\u00f3nica, y Emilio Gayo, consejero delegado, han efectuado la compra de 271.743 acciones de&hellip;\n","protected":false},"author":2,"featured_media":234643,"comment_status":"","ping_status":"","sticky":false,"template":"","format":"standard","meta":{"footnotes":""},"categories":[80],"tags":[2300,82,95,94,61031,2308,25,24,8335,23,6538,1826],"class_list":{"0":"post-234642","1":"post","2":"type-post","3":"status-publish","4":"format-standard","5":"has-post-thumbnail","7":"category-economia","8":"tag-bolsa","9":"tag-business","10":"tag-economia","11":"tag-economy","12":"tag-emilio-gayo","13":"tag-empresas","14":"tag-es","15":"tag-espana","16":"tag-marc-murtra","17":"tag-spain","18":"tag-telecomunicaciones","19":"tag-telefonica"},"share_on_mastodon":{"url":"https:\/\/pubeurope.com\/@es\/115545334329785891","error":""},"_links":{"self":[{"href":"https:\/\/www.europesays.com\/es\/wp-json\/wp\/v2\/posts\/234642","targetHints":{"allow":["GET"]}}],"collection":[{"href":"https:\/\/www.europesays.com\/es\/wp-json\/wp\/v2\/posts"}],"about":[{"href":"https:\/\/www.europesays.com\/es\/wp-json\/wp\/v2\/types\/post"}],"author":[{"embeddable":true,"href":"https:\/\/www.europesays.com\/es\/wp-json\/wp\/v2\/users\/2"}],"replies":[{"embeddable":true,"href":"https:\/\/www.europesays.com\/es\/wp-json\/wp\/v2\/comments?post=234642"}],"version-history":[{"count":0,"href":"https:\/\/www.europesays.com\/es\/wp-json\/wp\/v2\/posts\/234642\/revisions"}],"wp:featuredmedia":[{"embeddable":true,"href":"https:\/\/www.europesays.com\/es\/wp-json\/wp\/v2\/media\/234643"}],"wp:attachment":[{"href":"https:\/\/www.europesays.com\/es\/wp-json\/wp\/v2\/media?parent=234642"}],"wp:term":[{"taxonomy":"category","embeddable":true,"href":"https:\/\/www.europesays.com\/es\/wp-json\/wp\/v2\/categories?post=234642"},{"taxonomy":"post_tag","embeddable":true,"href":"https:\/\/www.europesays.com\/es\/wp-json\/wp\/v2\/tags?post=234642"}],"curies":[{"name":"wp","href":"https:\/\/api.w.org\/{rel}","templated":true}]}}