{"id":234644,"date":"2025-11-14T00:57:10","date_gmt":"2025-11-14T00:57:10","guid":{"rendered":"https:\/\/www.europesays.com\/es\/234644\/"},"modified":"2025-11-14T00:57:10","modified_gmt":"2025-11-14T00:57:10","slug":"los-populares-europeos-ganan-una-votacion-estrategica-en-la-ue-gracias-al-apoyo-de-la-extrema-derecha","status":"publish","type":"post","link":"https:\/\/www.europesays.com\/es\/234644\/","title":{"rendered":"Los populares europeos ganan una votaci\u00f3n estrat\u00e9gica en la UE gracias al apoyo de la extrema derecha"},"content":{"rendered":"<p style=\"\">Por primera vez en una votaci\u00f3n sobre un tr\u00e1mite legislativo vinculante, el <strong>Partido Popular Europeo<\/strong> ha ganado este jueves una votaci\u00f3n gracias al apoyo de los grupos de la <strong>derecha radical<\/strong> y a pesar de la oposici\u00f3n de su aliado tradicional en la  &#8230; Uni\u00f3n Europea, el grupo socialdem\u00f3crata (S&amp;D).<\/p>\n<p class=\"voc-p\" style=\"\">Los populares aseguran que no ha habido concertaci\u00f3n con <a href=\"https:\/\/www.abc.es\/economia\/von-der-leyen-afronta-presupuestos-mayor-desafio-20251112195718-nt.html\" target=\"_self\" data-voc-vtm-id=\"in-text-traffic\" title=\"los partidos situados a su derecha\" rel=\"nofollow noopener\">los partidos situados a su derecha<\/a>, pero los socialistas han calificado este hecho como <strong>\u00abun d\u00eda negro para la democracia europea\u00bb.<\/strong> Con este resultado se ha aprobado la posici\u00f3n del parlamento sobre el llamado <strong>&#8216;paquete \u00f3mnibus&#8217;<\/strong> que pretende reducir las obligaciones burocr\u00e1ticas de las empresas en materias medioambientales y que estaba siendo reclamado por varios gobiernos para no perjudicar a la competitividad de sus econom\u00edas.<\/p>\n<p class=\"voc-p\" style=\"\">Ren\u00e9 Repasi, el socialista alem\u00e1n que estaba encargado de intentar llegar a un punto de convergencia con los populares, ha calificado este hecho como \u00abun d\u00eda negro para la democracia europea\u00bb porque \u00abcasi sin darnios cuenta estamos rompiendo un tab\u00fa cuyas consecuencias son impredecibles\u00bb .<\/p>\n<p class=\"voc-p\" style=\"\">Sin embargo, el grupo de extrema derecha <strong>Patriotas por Europa<\/strong>, el que milita Vox, public\u00f3 en redes sociales que celebraba que \u00abpor primera vez, se haya roto el llamado cord\u00f3n sanitario en una votaci\u00f3n legislativa\u00bb, lo que a su juicio demuestra que existe una mayor\u00eda alternativa a la tradicional basada en el acuerdo entre populares, socialistas y liberales junto a los verdes. Esa coalici\u00f3n ha sido tradicionalmente la base de la estabilidad pol\u00edtica en las instituciones europeas.<\/p>\n<p class=\"voc-p\" style=\"\">Mientras que la ecologista danesa <strong>Kira Marie Peter-Hansen<\/strong> considera que esta decisi\u00f3n de los populares \u00abdificultar\u00e1 la b\u00fasqueda de soluciones proeuropeas en el futuro\u00bb, el popular sueco<strong> J\u00f6rgen Warborn,<\/strong> que ha llevado este asunto, ha declarado que el PPE \u00abha cumplido sus promesas, hemos vuelto a poner la competitividad en la agenda y hemos demostrado que Europa puede ser sostenible y competitiva a la vez\u00bb.<\/p>\n<p>\nLa explicaci\u00f3n de los populares europeos\n<\/p>\n<p class=\"voc-p\" style=\"\">La versi\u00f3n del PPE es que no ha sido posible negociar con el resto del llamado \u00e1mbito proeuropeo porque tampoco hab\u00edan logrado un consenso entre socialistas y liberales. En el pleno del mes pasado, un primer intento de aprobar esta medida fracas\u00f3 porque un n\u00famero significativo de diputados socialistas no siguieron la consigna pactada con los populares.<\/p>\n<p class=\"voc-p\" style=\"\">La propuesta de reducir las obligaciones medioambientales y de impacto a los derechos humanos a las <strong>empresas de menos de 5.000 empleados<\/strong> fue aprobada por 382 votos a favor, 249 en contra y 13 abstenciones. Al menos dos delegaciones del grupo liberal (las de Alemania y Holanda) han votado a favor de la propuesta popular que han apoyado los grupos de ultraderecha.<\/p>\n","protected":false},"excerpt":{"rendered":"Por primera vez en una votaci\u00f3n sobre un tr\u00e1mite legislativo vinculante, el Partido Popular Europeo ha ganado este&hellip;\n","protected":false},"author":2,"featured_media":234645,"comment_status":"","ping_status":"","sticky":false,"template":"","format":"standard","meta":{"footnotes":""},"categories":[42],"tags":[6635,17,18,8197,13177,9062,9636,13,14,8776,2837,11,61,62,63,64,19,20,9,10,15,16,13541,12,943,21,22,20964,65,66,67],"class_list":{"0":"post-234644","1":"post","2":"type-post","3":"status-publish","4":"format-standard","5":"has-post-thumbnail","7":"category-internacional","8":"tag-apoyo","9":"tag-breaking-news","10":"tag-breakingnews","11":"tag-derecha","12":"tag-estrategica","13":"tag-europeos","14":"tag-extrema","15":"tag-featured-news","16":"tag-featurednews","17":"tag-ganan","18":"tag-gracias","19":"tag-headlines","20":"tag-internacional","21":"tag-international","22":"tag-international-news","23":"tag-internationalnews","24":"tag-latest-news","25":"tag-latestnews","26":"tag-news","27":"tag-noticias","28":"tag-noticias-destacadas","29":"tag-noticiasdestacadas","30":"tag-populares","31":"tag-titulares","32":"tag-ue","33":"tag-ultimas-noticias","34":"tag-ultimasnoticias","35":"tag-votacion","36":"tag-world","37":"tag-world-news","38":"tag-worldnews"},"share_on_mastodon":{"url":"","error":"Validation failed: Text character limit of 500 exceeded"},"_links":{"self":[{"href":"https:\/\/www.europesays.com\/es\/wp-json\/wp\/v2\/posts\/234644","targetHints":{"allow":["GET"]}}],"collection":[{"href":"https:\/\/www.europesays.com\/es\/wp-json\/wp\/v2\/posts"}],"about":[{"href":"https:\/\/www.europesays.com\/es\/wp-json\/wp\/v2\/types\/post"}],"author":[{"embeddable":true,"href":"https:\/\/www.europesays.com\/es\/wp-json\/wp\/v2\/users\/2"}],"replies":[{"embeddable":true,"href":"https:\/\/www.europesays.com\/es\/wp-json\/wp\/v2\/comments?post=234644"}],"version-history":[{"count":0,"href":"https:\/\/www.europesays.com\/es\/wp-json\/wp\/v2\/posts\/234644\/revisions"}],"wp:featuredmedia":[{"embeddable":true,"href":"https:\/\/www.europesays.com\/es\/wp-json\/wp\/v2\/media\/234645"}],"wp:attachment":[{"href":"https:\/\/www.europesays.com\/es\/wp-json\/wp\/v2\/media?parent=234644"}],"wp:term":[{"taxonomy":"category","embeddable":true,"href":"https:\/\/www.europesays.com\/es\/wp-json\/wp\/v2\/categories?post=234644"},{"taxonomy":"post_tag","embeddable":true,"href":"https:\/\/www.europesays.com\/es\/wp-json\/wp\/v2\/tags?post=234644"}],"curies":[{"name":"wp","href":"https:\/\/api.w.org\/{rel}","templated":true}]}}