{"id":234646,"date":"2025-11-14T00:58:04","date_gmt":"2025-11-14T00:58:04","guid":{"rendered":"https:\/\/www.europesays.com\/es\/234646\/"},"modified":"2025-11-14T00:58:04","modified_gmt":"2025-11-14T00:58:04","slug":"la-interpretacion-generosa-del-abogado-general-del-tjue-causa-sorpresa-en-bruselas","status":"publish","type":"post","link":"https:\/\/www.europesays.com\/es\/234646\/","title":{"rendered":"La \u00abinterpretaci\u00f3n generosa\u00bb del abogado general del TJUE causa sorpresa en Bruselas"},"content":{"rendered":"<p style=\"\">El <a href=\"https:\/\/www.abc.es\/espana\/cataluna\/abogado-general-tjue-considera-20251113174637-nt.html\" target=\"_self\" data-voc-vtm-id=\"in-text-traffic\" title=\"dictamen\" data-mrf-link=\"www.abc.es\" rel=\"nofollow noopener\">dictamen<\/a> del abogado general <strong>Dean Spielmann (Luxemburgo, 1962)<\/strong> sobre las dos primeras cuestiones prejudiciales que afectan a la interpretaci\u00f3n de la ley de Amnist\u00eda ha sido recibido con cierta sorpresa por los expertos jur\u00eddicos de la Comisi\u00f3n Europea, encargados de defender la  &#8230; legislaci\u00f3n comunitaria, por considerar que hace una \u00abinterpretaci\u00f3n muy generosa\u00bb de determinados puntos, sobre todo en lo que se refiere a la directiva de lucha contra el terrorismo.<\/p>\n<p class=\"voc-p\" style=\"\">En algunos medios se ha recordado su etapa como presidente del Tribunal Europeo de Derechos Humanos de Estrasburgo, organismo al que hab\u00eda llegado como juez en 2004, por haber participado en algunas decisiones que perjudicaban los intereses de Espa\u00f1a, entre otras cosas para formalizar la que luego se llam\u00f3 <a href=\"https:\/\/www.abc.es\/noticias\/doctrina-parot\/\" target=\"_self\" data-voc-vtm-id=\"in-text-traffic\" title=\"&#039;doctrina Parot&#039;\" data-mrf-link=\"www.abc.es\" rel=\"nofollow noopener\">&#8216;doctrina Parot&#8217;<\/a> y que permiti\u00f3 la excarcelaci\u00f3n de numerosos terroristas en medio de un proceso de negociaci\u00f3n con la banda ETA por parte del entonces presidente del Gobierno, <strong>Jos\u00e9 Luis Rodr\u00edguez Zapatero.<\/strong> A pesar de las interpretaciones que se hicieron entonces, hay que recordar tambi\u00e9n que aquella sentencia se tom\u00f3 por unanimidad de 17 jueces.<\/p>\n<p class=\"voc-p\" style=\"\">El Tribunal Europeo de Derechos Humanos no forma parte de la Uni\u00f3n Europea. En su posici\u00f3n actual de abogado general del <strong>Tribunal de Justicia de la Uni\u00f3n Europa,<\/strong> su papel no es dictar sentencia, sino orientar a los jueces que son quienes deber\u00e1n decidir sobre ello dentro de varios meses. Y esa decisi\u00f3n es la que servir\u00e1 a su vez a los jueces espa\u00f1oles que han solicitado esta opini\u00f3n para adoptar su decisi\u00f3n final.<\/p>\n<p class=\"voc-p\" style=\"\">Es verdad que en la inmensa mayor\u00eda de los casos los jueces de Luxemburgo siguen las orientaciones del abogado general que haya preparado el caso, pero no siempre es as\u00ed. Recientemente ha habido varias sentencias en las que no se ha tenido en cuenta \u2013o solo parcialmente\u2013 la opini\u00f3n de este letrado. En todo caso, entre los expertos jur\u00eddicos de Bruselas recuerdan siempre que en Luxemburgo lo que se dirime es si un asunto est\u00e1 o no de acuerdo con la legislaci\u00f3n europea, no se est\u00e1 hablando de la nacional. La verdadera sentencia ser\u00e1 <strong>la que pronunciar\u00e1n los jueces espa\u00f1oles,<\/strong> que son los que han pedido la opini\u00f3n de la Justicia europea con sus prejudiciales.<\/p>\n<p class=\"voc-p\" style=\"\">Por ello, en medios jur\u00eddicos comunitarios ha causado cierta extra\u00f1eza que en su dictamen Spielmann se haya apoyado de forma tan expresa en que la ley de Amnist\u00eda proclama como su objetivo contribuir a la <strong>\u00abnormalizaci\u00f3n pol\u00edtica\u00bb en Catalu\u00f1a<\/strong> como un elemento a tener en cuenta, cuando eso no tiene nada que ver con la cuesti\u00f3n que se estaba dirimiendo. <\/p>\n<p class=\"voc-p\" style=\"\">Sin embargo, en las cuestiones de principios, como el hecho de que le reproche a la ley org\u00e1nica que no respeta los plazos necesarios para garantizar el debido respeto a todas las partes, el dictamen de Spielmann parece estar claramente de acuerdo con <strong>las tesis defendidas por la Comisi\u00f3n Europea<\/strong> en la vista del caso, <\/p>\n<p class=\"voc-p\" style=\"\">Spielmann se licenci\u00f3 en Derecho en 1988 por la Universidad Cat\u00f3lica de Lovaina (B\u00e9lgica) y obtuvo el m\u00e1ster en leyes dos a\u00f1os despu\u00e9s en la Universidad de Cambridge (Reino Unido). R\u00e1pidamente se incorpor\u00f3 como abogado en su pa\u00eds natal, donde ejerci\u00f3 hasta 2004 y compagin\u00f3 su carrera profesional con la actividad acad\u00e9mica centrada, sobre todo, <strong>en el Derecho Penal y los Derechos Humanos,<\/strong> campo en el que se le considera un especialista. Ha sido miembro de la Comisi\u00f3n Consultiva de Derechos Humanos en Luxemburgo y es miembro de los Comit\u00e9s de DD.HH. y de Derecho Penal del Consejo de la Abogac\u00eda Europea y de la Red de Expertos Independientes de la UE.<\/p>\n","protected":false},"excerpt":{"rendered":"El dictamen del abogado general Dean Spielmann (Luxemburgo, 1962) sobre las dos primeras cuestiones prejudiciales que afectan a&hellip;\n","protected":false},"author":2,"featured_media":234647,"comment_status":"","ping_status":"","sticky":false,"template":"","format":"standard","meta":{"footnotes":""},"categories":[8],"tags":[17,18,2317,11072,2347,25,24,61032,13,14,11,52119,19,20,9,10,15,16,23,12,21,22],"class_list":{"0":"post-234646","1":"post","2":"type-post","3":"status-publish","4":"format-standard","5":"has-post-thumbnail","7":"category-espana","8":"tag-breaking-news","9":"tag-breakingnews","10":"tag-bruselas","11":"tag-causa","12":"tag-decision","13":"tag-es","14":"tag-espana","15":"tag-extraneza","16":"tag-featured-news","17":"tag-featurednews","18":"tag-headlines","19":"tag-jurista","20":"tag-latest-news","21":"tag-latestnews","22":"tag-news","23":"tag-noticias","24":"tag-noticias-destacadas","25":"tag-noticiasdestacadas","26":"tag-spain","27":"tag-titulares","28":"tag-ultimas-noticias","29":"tag-ultimasnoticias"},"share_on_mastodon":{"url":"https:\/\/pubeurope.com\/@es\/115545342287994363","error":""},"_links":{"self":[{"href":"https:\/\/www.europesays.com\/es\/wp-json\/wp\/v2\/posts\/234646","targetHints":{"allow":["GET"]}}],"collection":[{"href":"https:\/\/www.europesays.com\/es\/wp-json\/wp\/v2\/posts"}],"about":[{"href":"https:\/\/www.europesays.com\/es\/wp-json\/wp\/v2\/types\/post"}],"author":[{"embeddable":true,"href":"https:\/\/www.europesays.com\/es\/wp-json\/wp\/v2\/users\/2"}],"replies":[{"embeddable":true,"href":"https:\/\/www.europesays.com\/es\/wp-json\/wp\/v2\/comments?post=234646"}],"version-history":[{"count":0,"href":"https:\/\/www.europesays.com\/es\/wp-json\/wp\/v2\/posts\/234646\/revisions"}],"wp:featuredmedia":[{"embeddable":true,"href":"https:\/\/www.europesays.com\/es\/wp-json\/wp\/v2\/media\/234647"}],"wp:attachment":[{"href":"https:\/\/www.europesays.com\/es\/wp-json\/wp\/v2\/media?parent=234646"}],"wp:term":[{"taxonomy":"category","embeddable":true,"href":"https:\/\/www.europesays.com\/es\/wp-json\/wp\/v2\/categories?post=234646"},{"taxonomy":"post_tag","embeddable":true,"href":"https:\/\/www.europesays.com\/es\/wp-json\/wp\/v2\/tags?post=234646"}],"curies":[{"name":"wp","href":"https:\/\/api.w.org\/{rel}","templated":true}]}}