{"id":234648,"date":"2025-11-14T00:59:06","date_gmt":"2025-11-14T00:59:06","guid":{"rendered":"https:\/\/www.europesays.com\/es\/234648\/"},"modified":"2025-11-14T00:59:06","modified_gmt":"2025-11-14T00:59:06","slug":"se-podria-perder-partidos-del-mundial","status":"publish","type":"post","link":"https:\/\/www.europesays.com\/es\/234648\/","title":{"rendered":"se podr\u00eda perder partidos del Mundial"},"content":{"rendered":"<p data-gtm-element-container=\"modulo-texto-link\" class=\"paragraph\">La expulsi\u00f3n esta noche de <strong>Cristiano Ronaldo <\/strong>tras su codazo al irland\u00e9s<strong> O\u00b4Shea<\/strong> alrededor de la hora de juego puede traer una sanci\u00f3n muy importante para el futbolista portugu\u00e9s. M\u00e1s cuando la acci\u00f3n se produjo al margen del juego y sin disputa de por medio. Una sanci\u00f3n que, a falta de ser determinada por la Comisi\u00f3n de Disciplina de la FIFA, podr\u00eda incluso afectar para el Mundial del pr\u00f3ximo verano.<\/p>\n<p data-gtm-element-container=\"modulo-texto-link\" class=\"paragraph\">M\u00e1s que nada porque el C\u00f3digo Disciplinario de la FIFA recoge claramente en su cap\u00edtulo 2 relativo a las infracciones en partidos, y m\u00e1s concretamente en su art\u00edculo 14 sobre la conducta incorrecta de jugadores y oficiales, que un futbolista ser\u00e1 sancionado con \u00abal menos tres partidos o un periodo de tiempo adecuado por agredir (se incluye propinar codazos, pu\u00f1etazos, patadas o mordiscos; escupir o golpear) a un adversario u otra persona que no sea un oficial de partido\u00bb. El punto anterior adem\u00e1s ya deja claro que \u00abal menos tres partidos por conducta violenta\u00bb<\/p>\n<p>    Lee tambi\u00e9n<\/p>\n<p data-gtm-element-container=\"modulo-texto-link\" class=\"paragraph\">Luego esto supone que Cristiano Ronaldo ya no jugar\u00e1 seguro el pr\u00f3ximo compromiso de este pr\u00f3ximo domingo ante Armenia como tampoco los dos encuentros de la ventana del pr\u00f3ximo mes de marzo del 2026. Es decir, en condiciones normales, no volver\u00eda a jugar hasta los amistosos previos a la cita mundialista, en caso de que finalmente se clasifique la selecci\u00f3n lusa.<\/p>\n<p data-gtm-element-container=\"modulo-texto-link\" class=\"paragraph\">En el mejor de los escenarios no volver\u00eda a vestir la camiseta de su pa\u00eds hasta el 1 de junio que es la fecha que FIFA otorga hasta el 9 de ese mismo mes para que las selecciones que vayan a disputar el Mundial puedan jugar amistosos.<\/p>\n<p data-gtm-element-container=\"modulo-texto-link\" class=\"paragraph\">En el mejor de los escenarios, pero parece improbable, la sanci\u00f3n podr\u00eda quedar en dos partidos si fuera considerado como un juego brusco. En ese caso el C\u00f3digo Disciplinario de la FIFA dice literalmente que \u00abal menos dos partidos por juego brusco y grave\u00bb.\u00a0<\/p>\n","protected":false},"excerpt":{"rendered":"La expulsi\u00f3n esta noche de Cristiano Ronaldo tras su codazo al irland\u00e9s O\u00b4Shea alrededor de la hora de&hellip;\n","protected":false},"author":2,"featured_media":234649,"comment_status":"","ping_status":"","sticky":false,"template":"","format":"standard","meta":{"footnotes":""},"categories":[5],"tags":[17,18,25,24,13,14,11,19,20,9,10,15,16,23,12,21,22],"class_list":{"0":"post-234648","1":"post","2":"type-post","3":"status-publish","4":"format-standard","5":"has-post-thumbnail","7":"category-titulares","8":"tag-breaking-news","9":"tag-breakingnews","10":"tag-es","11":"tag-espana","12":"tag-featured-news","13":"tag-featurednews","14":"tag-headlines","15":"tag-latest-news","16":"tag-latestnews","17":"tag-news","18":"tag-noticias","19":"tag-noticias-destacadas","20":"tag-noticiasdestacadas","21":"tag-spain","22":"tag-titulares","23":"tag-ultimas-noticias","24":"tag-ultimasnoticias"},"share_on_mastodon":{"url":"https:\/\/pubeurope.com\/@es\/115545346107398617","error":""},"_links":{"self":[{"href":"https:\/\/www.europesays.com\/es\/wp-json\/wp\/v2\/posts\/234648","targetHints":{"allow":["GET"]}}],"collection":[{"href":"https:\/\/www.europesays.com\/es\/wp-json\/wp\/v2\/posts"}],"about":[{"href":"https:\/\/www.europesays.com\/es\/wp-json\/wp\/v2\/types\/post"}],"author":[{"embeddable":true,"href":"https:\/\/www.europesays.com\/es\/wp-json\/wp\/v2\/users\/2"}],"replies":[{"embeddable":true,"href":"https:\/\/www.europesays.com\/es\/wp-json\/wp\/v2\/comments?post=234648"}],"version-history":[{"count":0,"href":"https:\/\/www.europesays.com\/es\/wp-json\/wp\/v2\/posts\/234648\/revisions"}],"wp:featuredmedia":[{"embeddable":true,"href":"https:\/\/www.europesays.com\/es\/wp-json\/wp\/v2\/media\/234649"}],"wp:attachment":[{"href":"https:\/\/www.europesays.com\/es\/wp-json\/wp\/v2\/media?parent=234648"}],"wp:term":[{"taxonomy":"category","embeddable":true,"href":"https:\/\/www.europesays.com\/es\/wp-json\/wp\/v2\/categories?post=234648"},{"taxonomy":"post_tag","embeddable":true,"href":"https:\/\/www.europesays.com\/es\/wp-json\/wp\/v2\/tags?post=234648"}],"curies":[{"name":"wp","href":"https:\/\/api.w.org\/{rel}","templated":true}]}}