{"id":234664,"date":"2025-11-14T01:13:15","date_gmt":"2025-11-14T01:13:15","guid":{"rendered":"https:\/\/www.europesays.com\/es\/234664\/"},"modified":"2025-11-14T01:13:15","modified_gmt":"2025-11-14T01:13:15","slug":"hijos-de-britney-spears-intentan-reconciliarse-con-ella-tras-anos-distanciados","status":"publish","type":"post","link":"https:\/\/www.europesays.com\/es\/234664\/","title":{"rendered":"Hijos de Britney Spears intentan reconciliarse con ella tras a\u00f1os distanciados"},"content":{"rendered":"<p>\n          Hijos de Britney Spears intentan reconciliarse con ella tras a\u00f1os distanciados<\/p>\n<p>En una reciente entrevista,  <a class=\"Link\" href=\"https:\/\/www.quien.com\/espectaculos\/2025\/10\/23\/justin-timberlake-respalda-a-britney-spears-tras-las-polemicas-acusaciones-de-kevin-federline?utm_source=internal&amp;utm_medium=link-recommended\" rel=\"nofollow noopener\" target=\"_blank\">Kevin Federline, <\/a>  exesposo de Britney Spears, revel\u00f3 c\u00f3mo sus hijos,<b> Sean Preston de 20 a\u00f1os, y Jayden James de 19,<\/b> est\u00e1n dando los primeros pasos para reconstruir su relaci\u00f3n con la cantante.<\/p>\n<p>Durante su aparici\u00f3n en el episodio del lunes de Talk Shop Live, Federline explic\u00f3 que ambos j\u00f3venes \u201cest\u00e1n tratando de encontrar una forma de reconstruir el v\u00ednculo\u201d con su mam\u00e1 y que ya han retomado el contacto.<\/p>\n<p>             <img loading=\"lazy\" decoding=\"async\" src=\"https:\/\/www.europesays.com\/es\/wp-content\/uploads\/2025\/11\/1763082794_878_\" class=\"lazyload\" alt=\"Despu\u00e9s de levantar una orden de restricci\u00f3n contra la cantante por el robo de su tarjeta de cr\u00e9dito, confiesa haber tenido un romance con Britney y ser el verdadro padre del hijo mayor de la artista.\"  width=\"600\" height=\"581\"\/> <\/p>\n<p>              Despu\u00e9s de levantar una orden de restricci\u00f3n contra la cantante por el robo de su tarjeta de cr\u00e9dito, confiesa haber tenido un romance con Britney y ser el verdadro padre del hijo mayor de la artista.<br \/>\n              (AP Images)<\/p>\n<p>\u201cNunca dejaron de amarla. Siempre lo han hecho\u201d, asegur\u00f3 Federline, quien actualmente promociona su libro You Thought You Knew, donde aborda su vida junto a la \u201cPrincesa del Pop\u201d y la crianza de sus hijos.<\/p>\n<p>\u201cLo llevan en la sangre. Y siempre he querido que tengan una conexi\u00f3n con su mam\u00e1, como la que yo tengo con la m\u00eda\u201d, agreg\u00f3.<\/p>\n<p>Aunque el rapero y la int\u00e9rprete de Toxic no han hablado desde la publicaci\u00f3n del pol\u00e9mico libro del bailar\u00edn en octubre, sus hijos han comenzado a comunicarse con Spears.<\/p>\n<p>             <img loading=\"lazy\" decoding=\"async\" src=\"https:\/\/www.europesays.com\/es\/wp-content\/uploads\/2025\/11\/1763082795_650_\" class=\"lazyload\" alt=\"La cantante se fue de vacaciones con su novio, David Lucado y sus hijos Sean y Jayden en la isla. Ella presumi\u00f3 sus &quot;family trip&quot; por medio de Instagram.\"  width=\"600\" height=\"600\"\/> <\/p>\n<p>              La cantante se fue de vacaciones con su novio, David Lucado y sus hijos Sean y Jayden en la isla. Ella presumi\u00f3 sus \u00abfamily trip\u00bb por medio de Instagram.<br \/>\n              (Instagram Britney Spears)<\/p>\n<p>\u201cNo hemos hablado espec\u00edficamente, pero s\u00e9 que ella ha hablado con nuestros hijos, lo cual es bueno\u201d, dijo.<\/p>\n<p>Asimismo, <b>Federline <\/b>explic\u00f3 c\u00f3mo el lanzamiento de su libro facilit\u00f3 sus \u00faltimas iniciativas de reconciliaci\u00f3n: \u00abS\u00e9 que mucha gente piensa que este libro empeora la situaci\u00f3n, pero hemos hecho todo lo dem\u00e1s\u00bb, dijo. \u00abLo hemos intentado todo. Y cuando te enfrentas a una situaci\u00f3n como esta, si tengo que ser el malo y que todos me odien, pues que as\u00ed sea\u00bb.<\/p>\n","protected":false},"excerpt":{"rendered":"Hijos de Britney Spears intentan reconciliarse con ella tras a\u00f1os distanciados En una reciente entrevista, Kevin Federline, exesposo&hellip;\n","protected":false},"author":2,"featured_media":234665,"comment_status":"","ping_status":"","sticky":false,"template":"","format":"standard","meta":{"footnotes":""},"categories":[170],"tags":[23845,61035,37999,146,147,25,24,2793,61036,61037,53127,61038,184,185,23],"class_list":{"0":"post-234664","1":"post","2":"type-post","3":"status-publish","4":"format-standard","5":"has-post-thumbnail","7":"category-musica","8":"tag-britney-spears","9":"tag-britney-spears-hijos-reconciliacion","10":"tag-britney-spears-y-sus-hijos","11":"tag-entertainment","12":"tag-entretenimiento","13":"tag-es","14":"tag-espana","15":"tag-espectaculos","16":"tag-hijos-britney-spears-quieren-reconciliarse-con-ella","17":"tag-kevin-federline-habla-britney-spears","18":"tag-kevin-federline-libro","19":"tag-kevin-federline-y-britney-spears","20":"tag-music","21":"tag-musica","22":"tag-spain"},"share_on_mastodon":{"url":"https:\/\/pubeurope.com\/@es\/115545402002662091","error":""},"_links":{"self":[{"href":"https:\/\/www.europesays.com\/es\/wp-json\/wp\/v2\/posts\/234664","targetHints":{"allow":["GET"]}}],"collection":[{"href":"https:\/\/www.europesays.com\/es\/wp-json\/wp\/v2\/posts"}],"about":[{"href":"https:\/\/www.europesays.com\/es\/wp-json\/wp\/v2\/types\/post"}],"author":[{"embeddable":true,"href":"https:\/\/www.europesays.com\/es\/wp-json\/wp\/v2\/users\/2"}],"replies":[{"embeddable":true,"href":"https:\/\/www.europesays.com\/es\/wp-json\/wp\/v2\/comments?post=234664"}],"version-history":[{"count":0,"href":"https:\/\/www.europesays.com\/es\/wp-json\/wp\/v2\/posts\/234664\/revisions"}],"wp:featuredmedia":[{"embeddable":true,"href":"https:\/\/www.europesays.com\/es\/wp-json\/wp\/v2\/media\/234665"}],"wp:attachment":[{"href":"https:\/\/www.europesays.com\/es\/wp-json\/wp\/v2\/media?parent=234664"}],"wp:term":[{"taxonomy":"category","embeddable":true,"href":"https:\/\/www.europesays.com\/es\/wp-json\/wp\/v2\/categories?post=234664"},{"taxonomy":"post_tag","embeddable":true,"href":"https:\/\/www.europesays.com\/es\/wp-json\/wp\/v2\/tags?post=234664"}],"curies":[{"name":"wp","href":"https:\/\/api.w.org\/{rel}","templated":true}]}}