{"id":234672,"date":"2025-11-14T01:17:09","date_gmt":"2025-11-14T01:17:09","guid":{"rendered":"https:\/\/www.europesays.com\/es\/234672\/"},"modified":"2025-11-14T01:17:09","modified_gmt":"2025-11-14T01:17:09","slug":"rtve-no-renueva-culturas-2-tras-3-anos-y-anuncia-un-nuevo-magacin-cultural-diario-para-la-2","status":"publish","type":"post","link":"https:\/\/www.europesays.com\/es\/234672\/","title":{"rendered":"RTVE no renueva &#8216;Culturas 2&#8217; tras 3 a\u00f1os, y anuncia un nuevo magac\u00edn cultural diario para La 2"},"content":{"rendered":"<p class=\"article-text\">\n        Tres a\u00f1os despu\u00e9s de su estreno en La 2, <strong>Culturas 2<\/strong> se despide de la audiencia para siempre. <strong>RTVE <\/strong>ha decidido no producir m\u00e1s temporadas del programa cultural que presenta <strong>T\u00e0nia Sarrias<\/strong>, aunque, en contrapartida, la cadena p\u00fablica est\u00e1 preparando \u201cun gran magac\u00edn cultural\u201d para La 2.\n    <\/p>\n<p>    <a href=\"https:\/\/www.eldiario.es\/vertele\/noticias\/arguinano-bromea-presentar-nuevo-libro-polemica-juan-val-dia-cae-premio-planeta_1_12766105.html\" data-mrf-recirculation=\"saber-mas\" data-dl-event=\"saber-mas\" rel=\"nofollow noopener\" target=\"_blank\"><\/p>\n<p class=\"know-more__title\">Argui\u00f1ano bromea al presentar su nuevo libro tras la pol\u00e9mica con Juan del Val: \u201cCualquier d\u00eda me cae el Premio Planeta\u201d<\/p>\n<p>            <img decoding=\"async\" class=\"lazy\" loading=\"lazy\" data-src=\"https:\/\/static.eldiario.es\/clip\/e0210808-39a4-4e87-994f-57d13ec9082c_16-9-aspect-ratio_default_0.jpg\" src=\"data:image\/svg+xml,%3Csvg xmlns=\" http:=\"\" viewbox=\"0 0 880 495\" alt=\"Argui\u00f1ano bromea al presentar su nuevo libro tras la pol\u00e9mica con Juan del Val: \u201cCualquier d\u00eda me cae el Premio Planeta\u201d\"\/><\/p>\n<p>                        <\/a><\/p>\n<p class=\"article-text\">\n        La \u00faltima entrega de Culturas 2 se emitir\u00e1 el pr\u00f3ximo <strong>27 de noviembre<\/strong>, seg\u00fan avanza <a href=\"https:\/\/www.20minutos.es\/television\/rtve-cancela-programa-culturas-2_6897568_0.html\" target=\"_blank\" data-mrf-recirculation=\"links-noticia\" class=\"link\" rel=\"nofollow noopener\">20 Minutos<\/a>. La noticia ha sido trasladada este jueves al equipo del programa, encabezado por <strong>Miguel \u00c1ngel Hoyos<\/strong> y <strong>N\u00faria Ram\u00edrez<\/strong>.\n    <\/p>\n<p class=\"article-text\">\n        Culturas 2 lleg\u00f3 a La 2 en octubre de 2022 para abordar la cultura desde el \u201centretenimiento\u201d y \u201csin fronteras\u201d. El programa se ha emitido siempre de lunes a jueves, pero primero lo hizo en horario de tarde (a las 20:20) y despu\u00e9s fue trasladado a las ma\u00f1anas (11:30). El cambio le ocasion\u00f3 una <strong>p\u00e9rdida de audiencia considerable<\/strong>, pues muchos de sus seguidores no pudieron acompa\u00f1arlo en este salto a la franja matinal.\n    <\/p>\n<p class=\"article-text\">\n        A lo largo de todo este tiempo han pasado por su plat\u00f3 \u201ctanto artistas consagrados como talentos emergentes de las diferentes disciplinas art\u00edsticas que enriquecen la cultura de nuestro pa\u00eds\u201d, se\u00f1alan desde RTVE. Llegando a erigirse como <strong>el mejor programa de cultura en television, seg\u00fan el \u00faltimo <\/strong><a href=\"https:\/\/www.rtve.es\/rtve\/20250130\/programas-culturales-rtve-mas-valorados-segun-observatorio-cultura-2024\/16428876.shtml\" target=\"_blank\" rel=\"nofollow noopener\" data-mrf-recirculation=\"links-noticia\" class=\"link\"><strong>informe del Observatorio de la Cultura<\/strong><\/a><strong>. <\/strong>\n    <\/p>\n<p>            <img decoding=\"async\" class=\"lazy\" loading=\"lazy\" data-src=\"https:\/\/static.eldiario.es\/clip\/0cb51b6a-05d0-422a-8ad8-1846d8ec1278_16-9-discover-aspect-ratio_default_0.jpg\" src=\"data:image\/svg+xml,%3Csvg xmlns=\" http:=\"\" viewbox=\"0 0 1200 675\" alt=\"T\u00e0nia Sarrias entrevista a la cantante Ruth Lorenzo en 'Culturas 2'\"\/><\/p>\n<p class=\"article-text\">\n        Adem\u00e1s de entrevistas y actuaciones en directo de m\u00fasica, danza o teatro, el programa cuenta con varias secciones: Sof\u00e1, manta y series con la cr\u00edtica televisiva <strong>Paula Hergar<\/strong> (periodista de verTele); Cultureando con <strong>Dolo Beltr\u00e1n<\/strong> (Pastora); la secci\u00f3n de m\u00fasica con <strong>V\u00edctor Clares<\/strong> (Ladilla Rusa); cine con <strong>Desir\u00e9e de Fez<\/strong>; cocina con <strong>Maria Nicolau<\/strong>; y ciencia con <strong>Nazaret Castellanos<\/strong>.\n    <\/p>\n<p class=\"article-text\">\n        <strong>Culturas 2<\/strong> ha sido una de las apuestas m\u00e1s potentes por la cultura que ha hecho RTVE en los \u00faltimos a\u00f1os, reconocida tanto por los artistas que han pasado por el programa, como por los espectadores que han plasmado su inter\u00e9s llegando <strong>hasta los 2 millones de visualizacones <\/strong>en las<a href=\"https:\/\/www.instagram.com\/culturas2_tve?igsh=MW1kNnlldnNxbmV6MA==\" target=\"_blank\" rel=\"nofollow noopener\" data-mrf-recirculation=\"links-noticia\" class=\"link\"> redes sociales<\/a> del formato.\n    <\/p>\n<p>    RTVE anuncia \u201cun gran magac\u00edn cultural diario para La 2\u201d<\/p>\n<p class=\"article-text\">\n        Tras conocerse el final de Culturas 2, RTVE ha anunciado que en enero de 2026 llegar\u00e1 a La 2 <strong>\u201cun gran magac\u00edn cultural diario\u201d de \u201cproducci\u00f3n propia\u201d<\/strong>. Ese programa, dicen desde Torrespa\u00f1a, \u201campliar\u00e1 y potenciar\u00e1 la actual oferta cultural de la Corporaci\u00f3n\u201d y \u201creforzar\u00e1 la vocaci\u00f3n de servicio p\u00fablico de RTVE con una nueva propuesta de divulgaci\u00f3n cultural ambiciosa e innovadora\u201d.\n    <\/p>\n<p>    <a href=\"https:\/\/www.eldiario.es\/vertele\/noticias\/angy-fernandez-palabras-maxi-iglesias-bullying-fisica-o-quimica_1_12765910.html\" data-mrf-recirculation=\"saber-mas-abajo\" data-dl-event=\"saber-mas-abajo\" rel=\"nofollow noopener\" target=\"_blank\"><\/p>\n<p class=\"know-more__title\">Angy Fern\u00e1ndez pide no sacar de contexto sus palabras sobre Maxi Iglesias: \u201cJam\u00e1s frivolizar\u00eda con algo tan delicado\u201d<\/p>\n<p>            <img decoding=\"async\" class=\"lazy\" loading=\"lazy\" data-src=\"https:\/\/static.eldiario.es\/clip\/58fe0058-dec2-43a6-a777-078d6d0a14d7_16-9-aspect-ratio_default_0.jpg\" src=\"data:image\/svg+xml,%3Csvg xmlns=\" http:=\"\" viewbox=\"0 0 880 495\" alt=\"Angy Fern\u00e1ndez pide no sacar de contexto sus palabras sobre Maxi Iglesias: &quot;Jam\u00e1s frivolizar\u00eda con algo tan delicado&quot;\"\/><\/p>\n<p>                        <\/a><\/p>\n<p class=\"article-text\">\n        El nuevo formato de La 2 se grabar\u00e1 en los madrile\u00f1os estudios de Prado del Rey \u2013Culturas 2 se emit\u00eda desde Sant Cugat (Barcelona)\u2013 y \u201cdar\u00e1 cabida a diferentes contenidos culturales: m\u00fasica, literatura, cine, artes esc\u00e9nicas y nuevas tendencias, con secciones que incluir\u00e1n entrevistas, cr\u00edticas y recomendaciones\u201d.\n    <\/p>\n<blockquote class=\"twitter-tweet\" data-lang=\"es\"><p><a href=\"https:\/\/twitter.com\/X\/status\/1988972234682298787?ref_src=twsrc%5Etfw\" rel=\"nofollow noopener\" target=\"_blank\"><\/p><\/blockquote>\n<p>                                    <script async src=\"https:\/\/platform.twitter.com\/widgets.js\" charset=\"utf-8\"><\/script><script async src=\"\/\/www.instagram.com\/embed.js\"><\/script><\/p>\n","protected":false},"excerpt":{"rendered":"Tres a\u00f1os despu\u00e9s de su estreno en La 2, Culturas 2 se despide de la audiencia para siempre.&hellip;\n","protected":false},"author":2,"featured_media":234673,"comment_status":"","ping_status":"","sticky":false,"template":"","format":"standard","meta":{"footnotes":""},"categories":[91],"tags":[10903,8332,4804,204,146,147,25,24,9745,524,2145,518,23,3667],"class_list":{"0":"post-234672","1":"post","2":"type-post","3":"status-publish","4":"format-standard","5":"has-post-thumbnail","7":"category-entretenimiento","8":"tag-10903","9":"tag-cultural","10":"tag-culturas","11":"tag-despedida","12":"tag-entertainment","13":"tag-entretenimiento","14":"tag-es","15":"tag-espana","16":"tag-magacin","17":"tag-nuevo","18":"tag-programa","19":"tag-rtve","20":"tag-spain","21":"tag-ultimo"},"share_on_mastodon":{"url":"https:\/\/pubeurope.com\/@es\/115545417057816869","error":""},"_links":{"self":[{"href":"https:\/\/www.europesays.com\/es\/wp-json\/wp\/v2\/posts\/234672","targetHints":{"allow":["GET"]}}],"collection":[{"href":"https:\/\/www.europesays.com\/es\/wp-json\/wp\/v2\/posts"}],"about":[{"href":"https:\/\/www.europesays.com\/es\/wp-json\/wp\/v2\/types\/post"}],"author":[{"embeddable":true,"href":"https:\/\/www.europesays.com\/es\/wp-json\/wp\/v2\/users\/2"}],"replies":[{"embeddable":true,"href":"https:\/\/www.europesays.com\/es\/wp-json\/wp\/v2\/comments?post=234672"}],"version-history":[{"count":0,"href":"https:\/\/www.europesays.com\/es\/wp-json\/wp\/v2\/posts\/234672\/revisions"}],"wp:featuredmedia":[{"embeddable":true,"href":"https:\/\/www.europesays.com\/es\/wp-json\/wp\/v2\/media\/234673"}],"wp:attachment":[{"href":"https:\/\/www.europesays.com\/es\/wp-json\/wp\/v2\/media?parent=234672"}],"wp:term":[{"taxonomy":"category","embeddable":true,"href":"https:\/\/www.europesays.com\/es\/wp-json\/wp\/v2\/categories?post=234672"},{"taxonomy":"post_tag","embeddable":true,"href":"https:\/\/www.europesays.com\/es\/wp-json\/wp\/v2\/tags?post=234672"}],"curies":[{"name":"wp","href":"https:\/\/api.w.org\/{rel}","templated":true}]}}