{"id":23469,"date":"2025-08-03T19:40:08","date_gmt":"2025-08-03T19:40:08","guid":{"rendered":"https:\/\/www.europesays.com\/es\/23469\/"},"modified":"2025-08-03T19:40:08","modified_gmt":"2025-08-03T19:40:08","slug":"alicante-es-un-laboratorio-perfecto-para-recrear-la-ciudad-mediterranea-ideal","status":"publish","type":"post","link":"https:\/\/www.europesays.com\/es\/23469\/","title":{"rendered":"Alicante es un laboratorio perfecto para recrear la ciudad mediterr\u00e1nea ideal"},"content":{"rendered":"<p class=\"ft-text ft-helper-closenews\"><strong>Jorge Almaz\u00e1n<\/strong> dej\u00f3 su <a class=\"ft-link ft-link--decoration\" href=\"https:\/\/www.informacion.es\/alicante\/\" rel=\"nofollow noopener\" target=\"_blank\">Alicante<\/a> natal para estudiar <strong>Arquitectura <\/strong>en la <strong>Universidad Polit\u00e9cnica de Madrid.<\/strong> Con la carrera terminada, una beca le llev\u00f3 a Jap\u00f3n con la idea de pasar dos a\u00f1os de aprendizaje en una trayectoria que daba sus primeros pasos. \u00ab<strong>Llevo diez veces m\u00e1s tiempo del previsto inicialmente\u00bb<\/strong>, bromea el arquitecto alicantino, que se ha convertido en noticia por <strong>Tokio emergente. Dise\u00f1ar la ciudad espont\u00e1nea<\/strong>, un libro pensado para estudiantes que public\u00f3 hace tres a\u00f1os en ingl\u00e9s y que ahora ha sido traducido al espa\u00f1ol tras el \u00e9xito que ha despertado m\u00e1s all\u00e1 de las aulas.<\/p>\n<p class=\"ft-text\">El texto habla del dinamismo de una ciudad rodeada de clich\u00e9s que<strong> suma unos 40 millones de habitantes contando su \u00e1rea metropolitana<\/strong>. De su <strong>orden<\/strong>, distinto al occidental; de su <strong>espontaneidad<\/strong>, en lo humano y en lo arquitect\u00f3nico. De sus entornos <strong>creativos<\/strong>, con el valor de la peque\u00f1a escala, de los<strong> l\u00edmites permeables y de su huida de lo permanente<\/strong>. Tambi\u00e9n de una sociedad que vive la calle, donde el <strong>espacio p\u00fablico<\/strong> tiene una importancia capital.<\/p>\n<p class=\"ft-text\">Una ciudad que, lejos de esa imagen <strong>ex\u00f3tica <\/strong>que transmite, <strong>permite aprender de ella aunque sea a una distancia de 15.000 kil\u00f3metros<\/strong>, como es el caso de Alicante. Donde el <strong>comercio <\/strong>singular (tradicional y moderno pero siempre idiosincr\u00e1sico) es fundamental (con licencias para negocios r\u00e1pidas de conseguir) y donde los <strong>coches <\/strong>no tienen la presencia predominante en la v\u00eda p\u00fablica de la que gozan en occidente.<\/p>\n<p>Tokio y mucho m\u00e1s<\/p>\n<p class=\"ft-text\">De todo eso habla Jorge Almaz\u00e1n en Tokio emergente. Dise\u00f1ar la ciudad espont\u00e1nea, pero <strong>una conversaci\u00f3n con \u00e9l, con siete horas de diferencia, da para mucho m\u00e1s. <\/strong>Porque con la perspectiva que dan la distancia y los a\u00f1os fuera de casa, el arquitecto alicantino <strong>no se resiste a conversar sobre la que considera su ciudad, Alicante, a la que vuelve siempre que puede.<\/strong> \u00abEste julio, sin ir m\u00e1s lejos, he estado ah\u00ed\u00bb, asegura ya de vuelta a Tokio, donde da clase en la Universidad de Keio. Tambi\u00e9n combina proyectos desde su oficina con la investigaci\u00f3n y un laboratorio en el que, junto a estudiantes, impulsa proyectos de impacto social. Eso sin perder contacto con sus ra\u00edces. De hecho, colabora con universidades como la de Alicante.<\/p>\n<p class=\"ft-text\"><strong>De su ciudad, tras ver mucho mundo, dice que tiene una \u00abestructura excelente\u00bb. \u00abCaminando por el centro puedes disfrutar de diferentes morfolog\u00edas, algo t\u00edpico de las ciudades mediterr\u00e1neas<\/strong>. Tenemos la medina, en el Casco Antiguo, luego la zona medieval, junto a las expansiones de distintos siglos. Pasear por Alicante es como ver un cat\u00e1logo de diferentes texturas urbanas que hay que preservar\u00bb, relata.<\/p>\n<p class=\"ft-text\"><strong>Tambi\u00e9n destaca que se trata de una ciudad \u00abcaminable, compacta, densa y muy equilibrada en su escala\u00bb. <\/strong>Es, por tanto, un ejemplo de esa \u00abmoda\u00bb de las<strong> ciudades de 15 minutos<\/strong>, que recuerda que es un objetivo para lugares como Estados Unidos. \u00abLo que para muchos es un sue\u00f1o en Alicante es su cotidianidad\u00bb, apunta Jorge Almaz\u00e1n, quien no pasa por alto una de las im\u00e1genes de postal de la capital alicantina: su frente mar\u00edtimo. \u00ab<strong>Hace que sea m\u00e1s especial si cabe, al estar tan integrado en la ciudad\u00bb<\/strong>, apunta el arquitecto, quien sostiene que Alicante es \u00abun laboratorio perfecto para recrear la ciudad mediterr\u00e1nea ideal\u00bb.<\/p>\n<p>Retos pendientes<\/p>\n<p class=\"ft-text\">Tambi\u00e9n pone deberes a la ciudad y a sus gestores, destacando como retos inaplazables la necesidad de <strong>ofrecer vivienda asequible y la gesti\u00f3n del turismo,<\/strong> dos cuestiones que forman parte del actual debate pol\u00edtico y social ante la <a href=\"https:\/\/www.informacion.es\/economia\/2025\/05\/29\/oferta-pisos-agota-dispara-precios-alicante-117997076.html\" class=\"ft-link ft-link--decoration\" rel=\"nofollow noopener\" target=\"_blank\">crisis habitacional<\/a> y una turistificaci\u00f3n que <a href=\"https:\/\/www.informacion.es\/alicante\/2025\/07\/25\/tiempo-record-freno-bloques-turisticos-alicante-dogv-120049727.html\" class=\"ft-link ft-link--decoration\" rel=\"nofollow noopener\" target=\"_blank\">ha obligado a poner freno a la proliferaci\u00f3n de apartamentos, tanto en bloques residenciales como en tur\u00edsticos<\/a>. \u00ab<strong>El turismo en Alicante es muy importante, pero hay que trabajar en encontrar el equilibrio. Es un reto interesante\u00bb<\/strong>, sostiene, a la vez que destaca como clave para el futuro de la ciudad la \u00ab<strong>presencia del comercio<\/strong>\u00bb para seguir haciendo \u00ab<strong>vida de barrio\u00bb<\/strong>.<\/p>\n<p class=\"ft-text\">Tampoco se olvida de poner el foco en la adaptaci\u00f3n de la ciudad al <strong>cambio clim\u00e1tico<\/strong>. \u00ab<a href=\"https:\/\/www.informacion.es\/alicante\/2025\/07\/28\/refugios-climaticos-sombras-vecinos-asociaciones-alicante-120121257.html\" class=\"ft-link ft-link--decoration\" rel=\"nofollow noopener\" target=\"_blank\"><strong>Hay que integrar m\u00e1s sombras, reduciendo la superficie de asfalto<\/strong><\/a><strong>. <\/strong>Eso es otro reto que confirm\u00e9 la \u00faltima vez que estuve. <strong>Debemos dejar las discusiones ideol\u00f3gicas y potenciar lo que objetivamente funciona\u00bb<\/strong>, se\u00f1ala Jorge Almaz\u00e1n, que lanza preguntas que podr\u00eda hacerse cualquier ciudadano, a las que adem\u00e1s da respuesta. \u00ab<strong>\u00bfSi colocamos m\u00e1s \u00e1rboles se va a estar mejor en la ciudad? S\u00ed.<\/strong> Pues hag\u00e1moslo. El frescor y el verdor es agradable para todos. \u00bf<a href=\"https:\/\/www.informacion.es\/alicante\/2025\/01\/16\/proyectos-peatonales-alicante-acumulan-cajon-barcala-113455343.html\" class=\"ft-link ft-link--decoration\" rel=\"nofollow noopener\" target=\"_blank\"><strong>Si se reduce el tr\u00e1fico se avanza en una ciudad m\u00e1s amable y se favorece al comercio<\/strong><\/a><strong>? Pues adelante\u00bb<\/strong>, a\u00f1ade.<\/p>\n<p>Proclamas al margen<\/p>\n<p class=\"ft-text\">Y ante esos debates, el urbanista pide \u00abactuar sin <strong>proclamas ideol\u00f3gicas\u00bb<\/strong>. Y lo hace dando vital importancia a los datos. \u00ab<strong>Tenemos muchas herramientas para testear las ideas<\/strong>. Para eso tambi\u00e9n est\u00e1 el urbanismo t\u00e1ctico\u00bb, a\u00f1ade el experto, quien se muestra a favor de iniciativas como \u00ab<strong>probar a cerrar calles durante un tiempo limitado al tr\u00e1fico, obtener datos y dejar que expertos los estudien con objetividad\u00bb<\/strong>.<\/p>\n<p class=\"ft-text\">Por todo ello, anima a los gobernantes, con independencia del color pol\u00edtico, a \u00abatreverse a probar\u00bb, como hizo <strong>Par\u00eds con la orilla del Sena o Barcelona con las supermanzanas <\/strong>en busca de espacios m\u00e1s amables. Porque, como subraya, en Alicante el caminar est\u00e1 ya interiorizado. \u00c9l, siempre que puede, admite que le gusta <strong>recorrer Canalejas, la Explanada para perderse en el laberinto del Casco Antiguo de su Alicante, <\/strong>de la que presume de tener una \u00abvisi\u00f3n muy positiva\u00bb.<\/p>\n<p data-close=\"closedContent\" class=\"subscribeHideForDisplay\">Suscr\u00edbete para seguir leyendo<\/p>\n","protected":false},"excerpt":{"rendered":"Jorge Almaz\u00e1n dej\u00f3 su Alicante natal para estudiar Arquitectura en la Universidad Polit\u00e9cnica de Madrid. Con la carrera&hellip;\n","protected":false},"author":2,"featured_media":23470,"comment_status":"","ping_status":"","sticky":false,"template":"","format":"standard","meta":{"footnotes":""},"categories":[173],"tags":[2206,5861,839,801,229,233,231,230,232,234,146,147,25,24,2224,23,13536,589,13537,2965],"class_list":{"0":"post-23469","1":"post","2":"type-post","3":"status-publish","4":"format-standard","5":"has-post-thumbnail","7":"category-arte-y-diseno","8":"tag-alicante","9":"tag-almazan","10":"tag-arquitecto","11":"tag-arquitectura","12":"tag-arte","13":"tag-arte-y-diseno","14":"tag-arts","15":"tag-arts-and-design","16":"tag-design","17":"tag-diseno","18":"tag-entertainment","19":"tag-entretenimiento","20":"tag-es","21":"tag-espana","22":"tag-jorge","23":"tag-spain","24":"tag-tokio","25":"tag-trafico","26":"tag-universidad-politecnica-de-madrid","27":"tag-urbanismo"},"share_on_mastodon":{"url":"","error":""},"_links":{"self":[{"href":"https:\/\/www.europesays.com\/es\/wp-json\/wp\/v2\/posts\/23469","targetHints":{"allow":["GET"]}}],"collection":[{"href":"https:\/\/www.europesays.com\/es\/wp-json\/wp\/v2\/posts"}],"about":[{"href":"https:\/\/www.europesays.com\/es\/wp-json\/wp\/v2\/types\/post"}],"author":[{"embeddable":true,"href":"https:\/\/www.europesays.com\/es\/wp-json\/wp\/v2\/users\/2"}],"replies":[{"embeddable":true,"href":"https:\/\/www.europesays.com\/es\/wp-json\/wp\/v2\/comments?post=23469"}],"version-history":[{"count":0,"href":"https:\/\/www.europesays.com\/es\/wp-json\/wp\/v2\/posts\/23469\/revisions"}],"wp:featuredmedia":[{"embeddable":true,"href":"https:\/\/www.europesays.com\/es\/wp-json\/wp\/v2\/media\/23470"}],"wp:attachment":[{"href":"https:\/\/www.europesays.com\/es\/wp-json\/wp\/v2\/media?parent=23469"}],"wp:term":[{"taxonomy":"category","embeddable":true,"href":"https:\/\/www.europesays.com\/es\/wp-json\/wp\/v2\/categories?post=23469"},{"taxonomy":"post_tag","embeddable":true,"href":"https:\/\/www.europesays.com\/es\/wp-json\/wp\/v2\/tags?post=23469"}],"curies":[{"name":"wp","href":"https:\/\/api.w.org\/{rel}","templated":true}]}}