{"id":234690,"date":"2025-11-14T01:31:11","date_gmt":"2025-11-14T01:31:11","guid":{"rendered":"https:\/\/www.europesays.com\/es\/234690\/"},"modified":"2025-11-14T01:31:11","modified_gmt":"2025-11-14T01:31:11","slug":"las-palabras-de-scariolo-tras-la-derrota-del-real-madrid-ante-panathinaikos","status":"publish","type":"post","link":"https:\/\/www.europesays.com\/es\/234690\/","title":{"rendered":"Las palabras de Scariolo tras la derrota del Real Madrid ante Panathinaikos"},"content":{"rendered":"<p>El entrenador del Real Madrid, Sergio Scariolo, compareci\u00f3 en rueda de prensa tras la <a href=\"https:\/\/www.gigantes.com\/euroliga\/real-madrid-panathinaikos-cronica-resultado-resumen\/\" rel=\"nofollow noopener\" target=\"_blank\">derrota de su equipo en Euroliga ante Panathinaikos<\/a>. Un duelo que llegaba tras el partido del martes, en el que los blancos no pudieron con el Valencia Basket, y en una derrota que supone perder el invicto esta temporada en la Euroliga.<\/p>\n<p>\u00abQuiero felicitar al Panathinaikos. Ha jugado un gran partido. Felicitarles por c\u00f3mo han jugado y tambi\u00e9n por la incorporaci\u00f3n de Kenneth Faried, que ha estado muy bien por segundo partido seguido. Felicidades al rival. Nosotros hemos jugado una excelente segunda parte, con actitud y agresividad. Lamentablemente llev\u00e1bamos una mochila demasiado pesada por una primera parte bastante mala, en la que ellos han controlado muy bien a nuestros manejadores de juego.<\/p>\n<p>Hemos hecho un m\u00e1s que aceptable trabajo contra Kendrick Nunn, pero Shorts y Sloukas han estado fant\u00e1sticos. Tienen grand\u00edsimos manejadores, pero en la segunda parte hemos hecho un excelente trabajo contra los mismos jugadores. Lo que quiere decir es que si t\u00fa ganas la segunda parte, probablemente pod\u00edas haberlo hecho mejor en la primera. Tenemos que entender que el impacto contra esta clase de jugadores, de equipos, tiene que ser buscar golpear primero. Humildemente, tenemos que competir en esas posiciones contra los mejores jugadores de la competici\u00f3n. Tenemos que sacar orgullo, y no solo en uno contra uno, sino como equipo.<\/p>\n<p>Hay que hacer autocr\u00edtica, por la primera parte, felicitar a los jugadores por la segunda y saber que queda obviamente mucho trabajo y que tras una racha muy buena, los jugadores objetivamente est\u00e1n cansados, realmente con muy poca energ\u00eda. Pero ese es el ritmo de esta competici\u00f3n y tenemos que saber que esto va a volver a repetirse. Es lo que hay y hay que saber responder<\/p>\n<p>Andr\u00e9s Feliz ha hecho un buen partido. Hemos decidido ponerlo de inicio porque cre\u00edamos que era un jugador muy capacitado para defender o intentar limitar a los jugadores del equipo rival como Kendrick Nunn. Andr\u00e9s ha respondido muy bien y ha sido muy eficiente en ataque, jugando un buen partido en ambos lados de la cancha.<\/p>\n<p>\t\t\t\t\t<img loading=\"lazy\" decoding=\"async\" src=\"https:\/\/www.europesays.com\/es\/wp-content\/uploads\/2025\/10\/mano.png\" width=\"60\" height=\"60\" alt=\"Deliza hacia abajo\"\/>Sigue deslizando hacia abajo para ver m\u00e1s contenidos<\/p>\n","protected":false},"excerpt":{"rendered":"El entrenador del Real Madrid, Sergio Scariolo, compareci\u00f3 en rueda de prensa tras la derrota de su equipo&hellip;\n","protected":false},"author":2,"featured_media":234691,"comment_status":"","ping_status":"","sticky":false,"template":"","format":"standard","meta":{"footnotes":""},"categories":[268],"tags":[168,25,24,280,282,5631,3048,3049,281,23,167],"class_list":{"0":"post-234690","1":"post","2":"type-post","3":"status-publish","4":"format-standard","5":"has-post-thumbnail","7":"category-futbol","8":"tag-deportes","9":"tag-es","10":"tag-espana","11":"tag-football","12":"tag-futbol","13":"tag-panathinaikos","14":"tag-real-madrid","15":"tag-sergio-scariolo","16":"tag-soccer","17":"tag-spain","18":"tag-sports"},"share_on_mastodon":{"url":"https:\/\/pubeurope.com\/@es\/115545472396671826","error":""},"_links":{"self":[{"href":"https:\/\/www.europesays.com\/es\/wp-json\/wp\/v2\/posts\/234690","targetHints":{"allow":["GET"]}}],"collection":[{"href":"https:\/\/www.europesays.com\/es\/wp-json\/wp\/v2\/posts"}],"about":[{"href":"https:\/\/www.europesays.com\/es\/wp-json\/wp\/v2\/types\/post"}],"author":[{"embeddable":true,"href":"https:\/\/www.europesays.com\/es\/wp-json\/wp\/v2\/users\/2"}],"replies":[{"embeddable":true,"href":"https:\/\/www.europesays.com\/es\/wp-json\/wp\/v2\/comments?post=234690"}],"version-history":[{"count":0,"href":"https:\/\/www.europesays.com\/es\/wp-json\/wp\/v2\/posts\/234690\/revisions"}],"wp:featuredmedia":[{"embeddable":true,"href":"https:\/\/www.europesays.com\/es\/wp-json\/wp\/v2\/media\/234691"}],"wp:attachment":[{"href":"https:\/\/www.europesays.com\/es\/wp-json\/wp\/v2\/media?parent=234690"}],"wp:term":[{"taxonomy":"category","embeddable":true,"href":"https:\/\/www.europesays.com\/es\/wp-json\/wp\/v2\/categories?post=234690"},{"taxonomy":"post_tag","embeddable":true,"href":"https:\/\/www.europesays.com\/es\/wp-json\/wp\/v2\/tags?post=234690"}],"curies":[{"name":"wp","href":"https:\/\/api.w.org\/{rel}","templated":true}]}}