{"id":234694,"date":"2025-11-14T01:33:28","date_gmt":"2025-11-14T01:33:28","guid":{"rendered":"https:\/\/www.europesays.com\/es\/234694\/"},"modified":"2025-11-14T01:33:28","modified_gmt":"2025-11-14T01:33:28","slug":"el-legado-de-le-corbusier","status":"publish","type":"post","link":"https:\/\/www.europesays.com\/es\/234694\/","title":{"rendered":"El legado de Le Corbusier"},"content":{"rendered":"<p>Se cumplen cien a\u00f1os desde la creaci\u00f3n del pabell\u00f3n de L\u2019Esprit Nouveau para la Exposici\u00f3n Internacional de Artes Decorativas en Par\u00eds, que signific\u00f3 la presentaci\u00f3n internacional de las ideas de Le Corbusier. Hoy, sesenta a\u00f1os despu\u00e9s del fallecimiento del arquitecto, muchos de sus planteamientos siguen presentes en nuestras vidas y en nuestras ciudades.<br \/>\n79 edificios construidos en 4 continentes desde 1905 hasta 1965, de los cuales 65 quedan en pie, 17 de ellos declarados Patrimonio de la Humanidad por la UNESCO. M\u00e1s de 200 proyectos sin construir. 450 pinturas, 8.000 dibujos y collages, 100 grabados, 44 esculturas, 30 tapices, 50 esmaltes. Numerosas piezas de mobiliario. Casi 40 libros publicados y multitud de art\u00edculos y ensayos. Adem\u00e1s,\u2026<\/p>\n","protected":false},"excerpt":{"rendered":"Se cumplen cien a\u00f1os desde la creaci\u00f3n del pabell\u00f3n de L\u2019Esprit Nouveau para la Exposici\u00f3n Internacional de Artes&hellip;\n","protected":false},"author":2,"featured_media":234695,"comment_status":"","ping_status":"","sticky":false,"template":"","format":"standard","meta":{"footnotes":""},"categories":[173],"tags":[229,233,231,230,232,234,146,147,25,24,23,17186],"class_list":{"0":"post-234694","1":"post","2":"type-post","3":"status-publish","4":"format-standard","5":"has-post-thumbnail","7":"category-arte-y-diseno","8":"tag-arte","9":"tag-arte-y-diseno","10":"tag-arts","11":"tag-arts-and-design","12":"tag-design","13":"tag-diseno","14":"tag-entertainment","15":"tag-entretenimiento","16":"tag-es","17":"tag-espana","18":"tag-spain","19":"tag-suscriptores"},"share_on_mastodon":{"url":"https:\/\/pubeurope.com\/@es\/115545479798254760","error":""},"_links":{"self":[{"href":"https:\/\/www.europesays.com\/es\/wp-json\/wp\/v2\/posts\/234694","targetHints":{"allow":["GET"]}}],"collection":[{"href":"https:\/\/www.europesays.com\/es\/wp-json\/wp\/v2\/posts"}],"about":[{"href":"https:\/\/www.europesays.com\/es\/wp-json\/wp\/v2\/types\/post"}],"author":[{"embeddable":true,"href":"https:\/\/www.europesays.com\/es\/wp-json\/wp\/v2\/users\/2"}],"replies":[{"embeddable":true,"href":"https:\/\/www.europesays.com\/es\/wp-json\/wp\/v2\/comments?post=234694"}],"version-history":[{"count":0,"href":"https:\/\/www.europesays.com\/es\/wp-json\/wp\/v2\/posts\/234694\/revisions"}],"wp:featuredmedia":[{"embeddable":true,"href":"https:\/\/www.europesays.com\/es\/wp-json\/wp\/v2\/media\/234695"}],"wp:attachment":[{"href":"https:\/\/www.europesays.com\/es\/wp-json\/wp\/v2\/media?parent=234694"}],"wp:term":[{"taxonomy":"category","embeddable":true,"href":"https:\/\/www.europesays.com\/es\/wp-json\/wp\/v2\/categories?post=234694"},{"taxonomy":"post_tag","embeddable":true,"href":"https:\/\/www.europesays.com\/es\/wp-json\/wp\/v2\/tags?post=234694"}],"curies":[{"name":"wp","href":"https:\/\/api.w.org\/{rel}","templated":true}]}}