{"id":234712,"date":"2025-11-14T01:43:14","date_gmt":"2025-11-14T01:43:14","guid":{"rendered":"https:\/\/www.europesays.com\/es\/234712\/"},"modified":"2025-11-14T01:43:14","modified_gmt":"2025-11-14T01:43:14","slug":"trump-rocia-con-su-perfume-al-presidente-sirio-y-le-pregunta-esto","status":"publish","type":"post","link":"https:\/\/www.europesays.com\/es\/234712\/","title":{"rendered":"Trump roc\u00eda con su perfume al presidente sirio y le pregunta esto"},"content":{"rendered":"<p>\n        Este lunes <a href=\"https:\/\/www.noticiasdenavarra.com\/tags\/donald-trump\/\" title=\"Donald Trump\" target=\"_blank\" class=\"link copy\" rel=\"nofollow noopener\">Donald Trump<\/a>, <strong>presidente de Estados Unidos<\/strong>, recibi\u00f3 a su <strong>hom\u00f3logo sirio, Ahmed Al Sharaa<\/strong>, un <strong>excombatiente rebelde<\/strong> que fue <strong>detenido <\/strong>por<strong> fuerzas estadounidenses en Irak en 2005<\/strong> por sus <strong>v\u00ednculos con Al Qaeda<\/strong> (EEUU lleg\u00f3 a poner un precio de <strong>10 millones de d\u00f3lares<\/strong> por su cabeza) y a quien Washington presenta ahora como<strong> \u00abun l\u00edder fuerte\u00bb<\/strong>.\n<\/p>\n<p>            <a href=\"https:\/\/www.noticiasdenavarra.com\/buzz-on\/2025\/09\/26\/real-mallorca-ficha-donald-trump-10134468.html\" title=\"El Mallorca ficha a Donald Trump\" class=\"new__media\" rel=\"nofollow noopener\" target=\"_blank\"><\/p>\n<p>                <img alt=\"El Mallorca ficha a Donald Trump\" data-src=\"https:\/\/www.europesays.com\/es\/wp-content\/uploads\/2025\/11\/5bd27a8c-57a1-49cd-95e7-8884865fbf0f_16-9-aspect-ratio_default_0.jpg\" class=\"lozad\"\/><\/p>\n<p>        <\/a><\/p>\n<p>        <a href=\"https:\/\/www.noticiasdenavarra.com\/buzz-on\/2025\/09\/26\/real-mallorca-ficha-donald-trump-10134468.html\" title=\"El Mallorca ficha a Donald Trump\" class=\"new__headline\" rel=\"nofollow noopener\" target=\"_blank\"><br \/>\n            El Mallorca ficha a Donald Trump<br \/>\n        <\/a><\/p>\n<p class=\"article-body__text \">\n        Era la primera vez que un <strong>presidente sirio<\/strong> era recibido (eso s\u00ed, a puerta cerrada) en la <strong>Casa Blanca<\/strong> desde la <strong>independencia de <\/strong><a href=\"https:\/\/www.noticiasdenavarra.com\/mundo\/2025\/09\/21\/netanyahu-descarta-retirarse-territorio-sirio-10111065.html\" title=\"Siria\" target=\"_blank\" class=\"link copy\" rel=\"nofollow noopener\"><strong>Siria <\/strong><\/a><strong>de Francia en 1946<\/strong>, y <strong>Trump<\/strong> quiso elogiarlo en la <strong>rueda de prensa<\/strong> posterior en el <strong>Despacho Oval<\/strong>. \u00abEs un hombre fuerte, viene de un lugar muy dif\u00edcil y es un hombre duro. Me cae bien. Me llevo bien con \u00e9l, y haremos todo lo posible para que a <strong>Siria le vaya bien<\/strong>, porque forma parte de <strong>Oriente Medio<\/strong> y era un lugar incre\u00edble con gente maravillosa. Queremos que <strong>Siria sea un pa\u00eds exitoso<\/strong>, y \u00e9l puede lograrlo\u00bb, afirm\u00f3.\n<\/p>\n<p>  Un perfume y una pregunta<\/p>\n<p class=\"article-body__text \">\n        Todo buenas palabras, pero trat\u00e1ndose de <strong>Trump<\/strong> ten\u00eda que hacer algo que se saliera del guion esperado y llamara la atenci\u00f3n. Y lo hizo. <strong>Recibi\u00f3 a la delegaci\u00f3n siria<\/strong>, que lleg\u00f3 trajeada, <strong>rociando a todos con una buena cantidad del perfume que \u00e9l mismo comercializa<\/strong> sin consultarles si as\u00ed lo quer\u00edan. <strong>\u201cEsta es la mejor fragancia\u201d<\/strong>, aseguraba mientras los rociaba sin parar.\n<\/p>\n<p class=\"article-body__text \">\n        Y no se conform\u00f3 con eso, porque inici\u00f3 una <strong>surrealista conversaci\u00f3n con el presidente sirio<\/strong>. \u201cAqu\u00ed tienes otra botella para tu esposa\u201d, le anunci\u00f3.<strong> \u201c\u00bfCu\u00e1ntas esposas tienes?\u201d,<\/strong> le pregunt\u00f3. <strong>\u201cS\u00f3lo una\u201d,<\/strong> respondi\u00f3 <strong>Al Sharaa<\/strong>, algo que sorprendi\u00f3 a <strong>Trump<\/strong>, que al parecer daba por sentado que era pol\u00edgamo. <strong>\u201c\u00bfS\u00f3lo una?\u201d,<\/strong> insisti\u00f3, para rematar con: <strong>\u201cBueno, con vosotros nunca se sabe\u201d.<\/strong>\n<\/p>\n<blockquote class=\"twitter-tweet\" data-lang=\"es\" wp_automatic_readability=\"9.405325443787\">\n<p lang=\"en\" dir=\"ltr\">Trump sprays Syrian president and his delegation with his own perfume<\/p>\n<p>\u201cCome here\u2026 this is the best scent! You too \u2014 take some. And here\u2019s a bottle for your wife! How many wives do you have?\u201d<br \/>\u201cJust one.\u201d<br \/>\u201cOnly one? Well, with you guys, you never know!\u201d <a href=\"https:\/\/t.co\/OMlimZX0Ug\" rel=\"nofollow\">pic.twitter.com\/OMlimZX0Ug<\/a><\/p>\n<p>\u2014 NEXTA (@nexta_tv) <a href=\"https:\/\/twitter.com\/nexta_tv\/status\/1988657755591417913?ref_src=twsrc%5Etfw\" rel=\"nofollow noopener\" target=\"_blank\">12 de noviembre de 2025<\/a><\/p><\/blockquote>\n<p>  <strong>Presidente interino<\/strong><\/p>\n<p class=\"article-body__text \">\n        Al Sharaa ejerce como <strong>presidente interino de Siria desde el 29 de enero<\/strong> tras <strong>liderar las fuerzas rebeldes que derrocaron a Bashar al Asad en diciembre de 2024.<\/strong> La <strong>reuni\u00f3n en la Casa Blanca<\/strong> se produce despu\u00e9s de que <strong>Estados Unidos levantara las sanciones impuestas a Siria <\/strong>durante d\u00e9cadas, bajo el gobierno de la <strong>familia Assad<\/strong>, y mientras Al Sharaa busca la derogaci\u00f3n definitiva de las restricciones que a\u00fan afectan la inversi\u00f3n extranjera y la reconstrucci\u00f3n del pa\u00eds.\n<\/p>\n<p>            <a href=\"https:\/\/www.noticiasdenavarra.com\/buzz-on\/2025\/04\/07\/curiosa-relacion-cobi-mascota-barcelona-92-donald-trump-9494716.html\" title=\"La curiosa relaci\u00f3n que une a &#039;Cobi&#039;, la mascota de Barcelona&#039;92, con Donald Trump\" class=\"new__media\" rel=\"nofollow noopener\" target=\"_blank\"><\/p>\n<p>                <img alt=\"La curiosa relaci\u00f3n que une a 'Cobi', la mascota de Barcelona'92, con Donald Trump\" data-src=\"https:\/\/www.europesays.com\/es\/wp-content\/uploads\/2025\/11\/5997dcb5-d01c-4bad-8899-ea883317345a_16-9-aspect-ratio_default_0.jpg\" class=\"lozad\"\/><\/p>\n<p>        <\/a><\/p>\n<p>        <a href=\"https:\/\/www.noticiasdenavarra.com\/buzz-on\/2025\/04\/07\/curiosa-relacion-cobi-mascota-barcelona-92-donald-trump-9494716.html\" title=\"La curiosa relaci\u00f3n que une a &#039;Cobi&#039;, la mascota de Barcelona&#039;92, con Donald Trump\" class=\"new__headline\" rel=\"nofollow noopener\" target=\"_blank\"><br \/>\n            La curiosa relaci\u00f3n que une a &#8216;Cobi&#8217;, la mascota de Barcelona&#8217;92, con Donald Trump<br \/>\n        <\/a><\/p>\n<p class=\"article-body__text \">\n        El gesto de la <strong>Casa Blanca<\/strong> simboliza un <strong>cambio importante en la pol\u00edtica estadounidense hacia Siria<\/strong> tras a\u00f1os de <strong>sanciones y aislamiento diplom\u00e1tico<\/strong>, y marca el <strong>inicio de una nueva etapa <\/strong>en las relaciones entre Estados Unidos y Siria, con potencial impacto en la<strong> estabilidad de Oriente Medio<\/strong> y en los <strong>esfuerzos conjuntos contra Estado Isl\u00e1mico<\/strong>.\n<\/p>\n<p>            <script async src=\"https:\/\/platform.twitter.com\/widgets.js\" charset=\"utf-8\"><\/script><\/p>\n","protected":false},"excerpt":{"rendered":"Este lunes Donald Trump, presidente de Estados Unidos, recibi\u00f3 a su hom\u00f3logo sirio, Ahmed Al Sharaa, un excombatiente&hellip;\n","protected":false},"author":2,"featured_media":234713,"comment_status":"","ping_status":"","sticky":false,"template":"","format":"standard","meta":{"footnotes":""},"categories":[42],"tags":[17,18,29973,13,14,11,61044,61,62,63,64,19,20,9,10,15,16,22595,9464,61043,32787,12,936,21,22,65,66,67],"class_list":{"0":"post-234712","1":"post","2":"type-post","3":"status-publish","4":"format-standard","5":"has-post-thumbnail","7":"category-internacional","8":"tag-breaking-news","9":"tag-breakingnews","10":"tag-delegacion","11":"tag-featured-news","12":"tag-featurednews","13":"tag-headlines","14":"tag-impertinente","15":"tag-internacional","16":"tag-international","17":"tag-international-news","18":"tag-internationalnews","19":"tag-latest-news","20":"tag-latestnews","21":"tag-news","22":"tag-noticias","23":"tag-noticias-destacadas","24":"tag-noticiasdestacadas","25":"tag-perfume","26":"tag-pregunta","27":"tag-rocia","28":"tag-siria","29":"tag-titulares","30":"tag-trump","31":"tag-ultimas-noticias","32":"tag-ultimasnoticias","33":"tag-world","34":"tag-world-news","35":"tag-worldnews"},"share_on_mastodon":{"url":"https:\/\/pubeurope.com\/@es\/115545519214360709","error":""},"_links":{"self":[{"href":"https:\/\/www.europesays.com\/es\/wp-json\/wp\/v2\/posts\/234712","targetHints":{"allow":["GET"]}}],"collection":[{"href":"https:\/\/www.europesays.com\/es\/wp-json\/wp\/v2\/posts"}],"about":[{"href":"https:\/\/www.europesays.com\/es\/wp-json\/wp\/v2\/types\/post"}],"author":[{"embeddable":true,"href":"https:\/\/www.europesays.com\/es\/wp-json\/wp\/v2\/users\/2"}],"replies":[{"embeddable":true,"href":"https:\/\/www.europesays.com\/es\/wp-json\/wp\/v2\/comments?post=234712"}],"version-history":[{"count":0,"href":"https:\/\/www.europesays.com\/es\/wp-json\/wp\/v2\/posts\/234712\/revisions"}],"wp:featuredmedia":[{"embeddable":true,"href":"https:\/\/www.europesays.com\/es\/wp-json\/wp\/v2\/media\/234713"}],"wp:attachment":[{"href":"https:\/\/www.europesays.com\/es\/wp-json\/wp\/v2\/media?parent=234712"}],"wp:term":[{"taxonomy":"category","embeddable":true,"href":"https:\/\/www.europesays.com\/es\/wp-json\/wp\/v2\/categories?post=234712"},{"taxonomy":"post_tag","embeddable":true,"href":"https:\/\/www.europesays.com\/es\/wp-json\/wp\/v2\/tags?post=234712"}],"curies":[{"name":"wp","href":"https:\/\/api.w.org\/{rel}","templated":true}]}}