{"id":234714,"date":"2025-11-14T01:44:09","date_gmt":"2025-11-14T01:44:09","guid":{"rendered":"https:\/\/www.europesays.com\/es\/234714\/"},"modified":"2025-11-14T01:44:09","modified_gmt":"2025-11-14T01:44:09","slug":"junts-no-revisara-su-relacion-con-el-psoe-pero-le-salva-en-las-nucleares","status":"publish","type":"post","link":"https:\/\/www.europesays.com\/es\/234714\/","title":{"rendered":"Junts no revisar\u00e1 su relaci\u00f3n con el PSOE pero le salva en las nucleares"},"content":{"rendered":"<p style=\"\">El <a href=\"https:\/\/www.abc.es\/espana\/cataluna\/abogado-general-tjue-considera-20251113174637-nt.html\" target=\"_self\" data-voc-vtm-id=\"in-text-traffic\" title=\"respaldo del letrado\" data-mrf-link=\"www.abc.es\" rel=\"nofollow noopener\">respaldo del letrado<\/a> de la UE a la Ley de Amnist\u00eda impulsada por el Gobierno de Pedro S\u00e1nchez, a instancias de Junts,<strong> \u00abno cambia nada\u00bb en la relaci\u00f3n de los separatistas con el PSOE<\/strong>. As\u00ed lo dicen a ABC dirigentes de  &#8230; la formaci\u00f3n, aunque dicho pronunciamiento allana mucho el retorno del expresidente de la Generalitat a Espa\u00f1a, ya que las tesis del abogado comunitario son habitualmente recogidas casi en su totalidad en las sentencias del TJUE, que en este caso se espera que llegue antes de acabar el a\u00f1o. Fuentes de Junts lamentan que lo ocurrido ayer en Luxemburgo evidencia que \u00abse ha tratado de dilatar la aplicaci\u00f3n de la ley de forma injusta e ilegal\u00bb como, indican, ellos ven\u00edan avisando.<\/p>\n<p class=\"voc-p\" style=\"\"> Los de Carles Puigdemont insisten en que la <a href=\"https:\/\/www.abc.es\/espana\/cataluna\/puigdemont-defiende-ruptura-psoe-apelando-zurzan-trias-20251109120614-nt.html\" target=\"_self\" data-voc-vtm-id=\"in-text-traffic\" title=\"ruptura con los socialistas\" data-mrf-link=\"www.abc.es\" rel=\"nofollow noopener\">ruptura con los socialistas<\/a> anunciada hace dos semanas, materializada la semana pasada con la enmienda a la totalidad a todas las leyes en curso impulsadas por el Ejecutivo, \u00abno tiene marcha atr\u00e1s, es real y definitiva\u00bb. Un mensaje que choca con lo que vienen trasladando desde Moncloa en los \u00faltimos d\u00edas, que creen que los casi dos meses sin pleno en el Congreso servir\u00e1n para reconducir la situaci\u00f3n\u00ab. \u00bb<strong>Van muy equivocados\u00ab<\/strong>, se\u00f1alan fuentes de Junts, tras desentenderse de la Ley de Movilidad sostenible con una abstenci\u00f3n al cierre de las nucleares que permiti\u00f3 al Gobierno salir victorioso de una votaci\u00f3n que horas antes de producirse daban por perdida.<\/p>\n<p class=\"voc-p\" style=\"\">En las filas postconvergentes hay <strong>satisfacci\u00f3n con el pronunciamiento<\/strong> de <strong>Dean Spielmann<\/strong>, pero m\u00e1s por el espaldarazo a la estrategia jur\u00eddica defendida casi en solitario por Junts y liderada por <strong>Gonzalo Boye<\/strong> que por los efectos tangibles que vaya a tener para sus intereses. En el entorno de Carles Puigdemont hace meses que dan por amortizada la amnist\u00eda en su cuenta particular con el PSOE y defienden que al Tribunal Constitucional \u00abno le queda otra que declarar la constitucionalidad de la norma y dar cobertura al president [Puigdemont]\u00bb. \u00abImag\u00ednate que ahora Pumpido dijera que no es constitucional, el principal damnificado pol\u00edticamente ser\u00eda Pedro S\u00e1nchez\u00bb aseveran. Los separatistas utilizan esta argumentaci\u00f3n para ejemplificar que \u00abla amnist\u00eda est\u00e1 ya en un punto de no retorno\u00bb. \u00abNadie se va a atrever a tumbarla\u00bb, apostillan.<\/p>\n<p>\nPuigdemont da ox\u00edgeno al Gobierno\n<\/p>\n<p class=\"voc-p\" style=\"\">La <strong>abstenci\u00f3n de los siete diputados de Junts<\/strong> impidi\u00f3 que prosperara este jueves la maniobra realizada por el PP en el Senado para incluir en la Ley de Movilidad Sostenible la suspensi\u00f3n del calendario de <a href=\"https:\/\/www.abc.es\/economia\/junts-desentiende-ultimo-momento-prorroga-vida-util-20251113131049-nt.html\" target=\"_self\" data-voc-vtm-id=\"in-text-traffic\" title=\"cierre de la central nuclear de Almaraz\" data-mrf-link=\"www.abc.es\" rel=\"nofollow noopener\">cierre de la central nuclear de Almaraz<\/a>. Antes de la votaci\u00f3n los dos partidos en el Gobierno, tanto PSOE como Sumar, daban por hecho que la enmienda saldr\u00eda adelante y el Ministerio de Transici\u00f3n Ecol\u00f3gica incluso hab\u00eda convocado un briefing informativo para explicar lo que ya se hab\u00edan encargado de deslizar desde el Gobierno: que la enmienda de los populares no cambiaba nada y que el plan con Almaraz continuaba siendo el mismo. El renuncio de Junts, que hace unos d\u00edas anunci\u00f3 su rechazo a todas las leyes impulsadas por el Ejecutivo, <strong>cogi\u00f3 a todo el arco parlamentario con el pie cambiado<\/strong>. El Ministerio de Sara Aagesen mostraba a los pocos minutos del suceso su satisfacci\u00f3n \u00abporque no haya salido una enmienda que solo generaba ruido pol\u00edtico\u00bb.<\/p>\n<p class=\"voc-p\" style=\"\">La enmienda en cuesti\u00f3n aspiraba a suspender la hoja de ruta actual que plantea el <strong>apagado del primer reactor de Almaraz en 2027<\/strong> y el del segundo reactor en 2028. Una situaci\u00f3n que ha generado una tremenda refriega pol\u00edtica y empresarial sobre todo a ra\u00edz del apag\u00f3n del pasado 28 de abril, ya que se ha vinculado por parte del PP y de algunos sectores del sector energ\u00e9tica la seguridad del suministro con el mantenimiento de la actual potencial de generaci\u00f3n de la energ\u00eda nuclear. Por otra parte, estaba el problema pol\u00edtico y social que planteaba el potencial cierre de una central que act\u00faa de sost\u00e9n econ\u00f3mico de una comarca entera ante la convocatoria de elecciones en Extremadura<\/p>\n<p class=\"voc-p\" style=\"\"><strong>La decisi\u00f3n de Junts ha resultado sorprendente<\/strong> tambi\u00e9n porque la enmienda de los populares no solo abr\u00eda la puerta a la extensi\u00f3n de la vida \u00fatil de Almaraz sino tambi\u00e9n a la de las centrales de Cofrentes y Asc\u00f3, que en el caso de esta \u00faltima los nacionalistas tambi\u00e9n est\u00e1n a favor de mantener. La portavoz de Junts, M\u00edriam Nogueras, explic\u00f3 a la salida del hemicicloque la enmienda de los populares estaba mal planteada y que si la hubieran negociado con ellos el resultado habr\u00eda sido distinto. \u00abHemos votado abstenci\u00f3n y no en contra porque si votas que no est\u00e1s negando el problema, y s\u00ed hay un problema\u00bb. Nogueras sostuvo que \u00aben cualquier caso el PP no va a solucionar el problema de Catalu\u00f1a, lo tenemos que solucionar los catalanes, empezando por el PSC que es el primer partido de Catalu\u00f1a\u00bb.<\/p>\n<p class=\"voc-p\" style=\"\">El portavoz econ\u00f3mico del Grupo Popular en el Congreso, Juan Bravo, fue el encargado de <strong>encajar el inesperado golpe propinado<\/strong> por la formaci\u00f3n que lidera M\u00edriam Nogueras en la C\u00e1mara Baja. \u00abHoy hab\u00eda una decisi\u00f3n importante que tomar sobre las centrales nucleares, es sorprendente ver a los partidos independentistas abstenerse o votar en contra de las nucleares, estando ah\u00ed Asc\u00f3 su decisi\u00f3n tendr\u00e1n que explicarla\u00bb, se\u00f1al\u00f3. \u00abSobre todo sorprende mucho ver a diputados socialistas de Extremadura votar a favor del cierre de las nucleares\u00bb, prosigui\u00f3 Bravo, para sentenciar que \u00abentiendo que tendr\u00e1n dificultades para explic\u00e1rselo al conjunto de los extreme\u00f1os, que tienen que saber que sus diputados socialistas han votado a favor del cierre de Almaraz\u00bb.<\/p>\n","protected":false},"excerpt":{"rendered":"El respaldo del letrado de la UE a la Ley de Amnist\u00eda impulsada por el Gobierno de Pedro&hellip;\n","protected":false},"author":2,"featured_media":234715,"comment_status":"","ping_status":"","sticky":false,"template":"","format":"standard","meta":{"footnotes":""},"categories":[8],"tags":[17,18,25,24,13,14,11,5216,19,20,9,10,15,16,12468,1699,5977,61045,10439,23,12,21,22],"class_list":{"0":"post-234714","1":"post","2":"type-post","3":"status-publish","4":"format-standard","5":"has-post-thumbnail","7":"category-espana","8":"tag-breaking-news","9":"tag-breakingnews","10":"tag-es","11":"tag-espana","12":"tag-featured-news","13":"tag-featurednews","14":"tag-headlines","15":"tag-junts","16":"tag-latest-news","17":"tag-latestnews","18":"tag-news","19":"tag-noticias","20":"tag-noticias-destacadas","21":"tag-noticiasdestacadas","22":"tag-nucleares","23":"tag-psoe","24":"tag-relacion","25":"tag-revisara","26":"tag-salva","27":"tag-spain","28":"tag-titulares","29":"tag-ultimas-noticias","30":"tag-ultimasnoticias"},"share_on_mastodon":{"url":"https:\/\/pubeurope.com\/@es\/115545523156079646","error":""},"_links":{"self":[{"href":"https:\/\/www.europesays.com\/es\/wp-json\/wp\/v2\/posts\/234714","targetHints":{"allow":["GET"]}}],"collection":[{"href":"https:\/\/www.europesays.com\/es\/wp-json\/wp\/v2\/posts"}],"about":[{"href":"https:\/\/www.europesays.com\/es\/wp-json\/wp\/v2\/types\/post"}],"author":[{"embeddable":true,"href":"https:\/\/www.europesays.com\/es\/wp-json\/wp\/v2\/users\/2"}],"replies":[{"embeddable":true,"href":"https:\/\/www.europesays.com\/es\/wp-json\/wp\/v2\/comments?post=234714"}],"version-history":[{"count":0,"href":"https:\/\/www.europesays.com\/es\/wp-json\/wp\/v2\/posts\/234714\/revisions"}],"wp:featuredmedia":[{"embeddable":true,"href":"https:\/\/www.europesays.com\/es\/wp-json\/wp\/v2\/media\/234715"}],"wp:attachment":[{"href":"https:\/\/www.europesays.com\/es\/wp-json\/wp\/v2\/media?parent=234714"}],"wp:term":[{"taxonomy":"category","embeddable":true,"href":"https:\/\/www.europesays.com\/es\/wp-json\/wp\/v2\/categories?post=234714"},{"taxonomy":"post_tag","embeddable":true,"href":"https:\/\/www.europesays.com\/es\/wp-json\/wp\/v2\/tags?post=234714"}],"curies":[{"name":"wp","href":"https:\/\/api.w.org\/{rel}","templated":true}]}}