{"id":234726,"date":"2025-11-14T01:56:26","date_gmt":"2025-11-14T01:56:26","guid":{"rendered":"https:\/\/www.europesays.com\/es\/234726\/"},"modified":"2025-11-14T01:56:26","modified_gmt":"2025-11-14T01:56:26","slug":"unos-antiguos-abanicos-chinos-heredados-son-la-inspiracion-para-esta-casa-que-habita-una-joven-familia-en-moscu","status":"publish","type":"post","link":"https:\/\/www.europesays.com\/es\/234726\/","title":{"rendered":"Unos antiguos abanicos chinos heredados son la inspiraci\u00f3n para esta casa que habita una joven familia en Mosc\u00fa"},"content":{"rendered":"<p>En este piso de 152 m\u00b2 en Mosc\u00fa, la interiorista Ekaterina Vladimirova ha creado un espacio sereno y lleno de car\u00e1cter para una familia joven. <strong>La historia del proyecto nace de un detalle personal: unos antiguos abanicos chinos heredados que hoy decoran el dormitorio principal<\/strong>. \u00abQuise dar personalidad a un espacio minimalista inspir\u00e1ndome en la <a href=\"https:\/\/www.arquitecturaydiseno.es\/arquitectura\/edificios-que-sudan-solucion-arquitectonica-singapur-para-hacer-frente-altas-temperaturas_12070\" rel=\"nofollow noopener\" target=\"_blank\">est\u00e9tica del sudeste asi\u00e1tico<\/a> e incorporando elementos de chinoiserie\u00bb, explica la dise\u00f1adora. La vivienda, ubicada en un edificio de nueva construcci\u00f3n, contaba inicialmente con los acabados finales y la distribuci\u00f3n planificada por el promotor, que Ekaterina adapt\u00f3 a las necesidades de la familia. <strong>\u00abLa distribuci\u00f3n result\u00f3 acertada y la conservamos casi por completo, haciendo solo peque\u00f1as correcciones\u00bb<\/strong>, a\u00f1ade.<\/p>\n","protected":false},"excerpt":{"rendered":"En este piso de 152 m\u00b2 en Mosc\u00fa, la interiorista Ekaterina Vladimirova ha creado un espacio sereno y&hellip;\n","protected":false},"author":2,"featured_media":234727,"comment_status":"","ping_status":"","sticky":false,"template":"","format":"standard","meta":{"footnotes":""},"categories":[173],"tags":[229,233,231,230,232,234,146,147,25,24,23],"class_list":{"0":"post-234726","1":"post","2":"type-post","3":"status-publish","4":"format-standard","5":"has-post-thumbnail","7":"category-arte-y-diseno","8":"tag-arte","9":"tag-arte-y-diseno","10":"tag-arts","11":"tag-arts-and-design","12":"tag-design","13":"tag-diseno","14":"tag-entertainment","15":"tag-entretenimiento","16":"tag-es","17":"tag-espana","18":"tag-spain"},"share_on_mastodon":{"url":"https:\/\/pubeurope.com\/@es\/115545570219702902","error":""},"_links":{"self":[{"href":"https:\/\/www.europesays.com\/es\/wp-json\/wp\/v2\/posts\/234726","targetHints":{"allow":["GET"]}}],"collection":[{"href":"https:\/\/www.europesays.com\/es\/wp-json\/wp\/v2\/posts"}],"about":[{"href":"https:\/\/www.europesays.com\/es\/wp-json\/wp\/v2\/types\/post"}],"author":[{"embeddable":true,"href":"https:\/\/www.europesays.com\/es\/wp-json\/wp\/v2\/users\/2"}],"replies":[{"embeddable":true,"href":"https:\/\/www.europesays.com\/es\/wp-json\/wp\/v2\/comments?post=234726"}],"version-history":[{"count":0,"href":"https:\/\/www.europesays.com\/es\/wp-json\/wp\/v2\/posts\/234726\/revisions"}],"wp:featuredmedia":[{"embeddable":true,"href":"https:\/\/www.europesays.com\/es\/wp-json\/wp\/v2\/media\/234727"}],"wp:attachment":[{"href":"https:\/\/www.europesays.com\/es\/wp-json\/wp\/v2\/media?parent=234726"}],"wp:term":[{"taxonomy":"category","embeddable":true,"href":"https:\/\/www.europesays.com\/es\/wp-json\/wp\/v2\/categories?post=234726"},{"taxonomy":"post_tag","embeddable":true,"href":"https:\/\/www.europesays.com\/es\/wp-json\/wp\/v2\/tags?post=234726"}],"curies":[{"name":"wp","href":"https:\/\/api.w.org\/{rel}","templated":true}]}}