{"id":234732,"date":"2025-11-14T02:00:11","date_gmt":"2025-11-14T02:00:11","guid":{"rendered":"https:\/\/www.europesays.com\/es\/234732\/"},"modified":"2025-11-14T02:00:11","modified_gmt":"2025-11-14T02:00:11","slug":"todo-canta-un-poco-menos-los-actores","status":"publish","type":"post","link":"https:\/\/www.europesays.com\/es\/234732\/","title":{"rendered":"todo canta un poco menos los actores"},"content":{"rendered":"<p>14\/11\/2025<br \/>\n<br \/><strong><br \/>\nActualizado a las 02:27h.<br \/>\n<\/strong><\/p>\n<p class=\"voc-p\" style=\"\"><a href=\"https:\/\/www.abc.es\/play\/cine\/lados-cama-anos-despues-20251113115459-vi.html\" data-voc-vtm-id=\"in-text-traffic\" title=\"La secuela perfecta de &#039;Los dos lados de la cama&#039;,\" rel=\"nofollow noopener\" target=\"_blank\">La secuela perfecta de &#8216;Los dos lados de la cama&#8217;,<\/a> al menos en el sentido etimol\u00f3gico de lo que sigue, la consecuencia. Han pasado veinte a\u00f1os desde que se estren\u00f3 la pel\u00edcula de <strong>Emilio Mart\u00ednez-L\u00e1zaro<\/strong>, con guion de David Serrano, y recoge  &#8230; a los personajes otra directora y otros guionistas, Samantha L\u00f3pez Speranza y Carlos del Hoyo e Irene Bohoyo. El mismo tr\u00edo de personajes masculinos en sus mismos actores, <a href=\"https:\/\/www.abc.es\/gente\/vida-ernesto-alterio-dura-infancia-relacion-actriz-novia-actual-20250409203000-nt.html\" data-voc-vtm-id=\"in-text-traffic\" title=\"Ernesto Alterio\" rel=\"nofollow noopener\" target=\"_blank\">Ernesto Alterio<\/a>, Alberto San Juan y Guillermo Toledo, y parecido tr\u00edo femenino pero con ciertas alteraciones en sus actrices, siguen <strong>Pilar Castro y Mar\u00eda Esteve<\/strong>, se incorpora Natalia Verbeke y no est\u00e1n a la vista ni Luc\u00eda Jim\u00e9nez ni Ver\u00f3nica S\u00e1nchez.<\/p>\n<p class=\"voc-p\" style=\"\">Y la novedad es que el l\u00edo de lados de la cama alcanza ahora a la <a href=\"https:\/\/www.abc.es\/sevilla\/cultura\/manuel-cristobal-entendia-festival-cine-europeo-premiado-20251107071227-nts.html\" data-voc-vtm-id=\"in-text-traffic\" title=\"siguiente generaci\u00f3n, \" rel=\"nofollow noopener\" target=\"_blank\">siguiente generaci\u00f3n, <\/a>el hijo de Alterio y la hija de Pilar Castro, <strong>Joan Buxaderas y Luc\u00eda Caraballo<\/strong>. Ya no es novedad que el argumento se desarrolla dentro de las leyes del musical, es decir que las canciones y los bailes interrumpen la escena, ni tampoco es novedad que en los a\u00f1os transcurridos los int\u00e9rpretes de entonces no hayan mejorado sus niveles vocales y canten y bailen sus n\u00fameros por debajo del 5. El guion no es ahora tampoco un modelo de sutileza, aunque tiene gracia (si se quiere ver) en lo que se han convertido el tr\u00edo canoso masculino, en un pat\u00e9tico padre, en un fantasma sin sitio y en un gur\u00fa de pacotilla. Y es lo mejor de la pel\u00edcula lo bien que se adaptan a sus personajes Alterio, Toledo y San Juan.<\/p>\n<p class=\"voc-p\" style=\"\">Hay una sobreabundancia de clich\u00e9s y campo trillado, pero puede v\u00e9rsele la chispa a los patrones actuales sobre el amor y el sexo en comparaci\u00f3n con la &#8216;caspa&#8217; noventera que representan la &#8216;generaci\u00f3n padres y amigotes&#8217;, cuyas experiencias en ese sentido no les sirven para otra cosa que hacer el rid\u00edculo. Y profundizan en ello con gracia, adem\u00e1s de Alterio, Pilar Castro, muy bien, como siempre, y con suficiente personaje para darle cuerpo y colmillo, y tambi\u00e9n Mar\u00eda Esteve, que le pone picard\u00eda a su t\u00f3pico andante.<\/p>\n<p class=\"voc-p\" style=\"\">En fin, que no ser\u00e1 f\u00e1cil encontrar algo m\u00e1s que algunos chistes y situaciones graciosas, o casi, ni congraciarse con sus n\u00fameros musicales.<\/p>\n<p><img loading=\"lazy\" decoding=\"async\" width=\"530\" height=\"64\" class=\"logo-premium\" src=\"data:image\/gif;base64,R0lGODlhAQABAAAAACH5BAEKAAEALAAAAAABAAEAAAICTAEAOw==\" alt=\"ABC Premium\"\/><br \/>\nL\u00edmite de sesiones alcanzadas<\/p>\n<ul class=\"listado\">\n<li>El acceso al contenido Premium est\u00e1 abierto por cortes\u00eda del establecimiento donde te encuentras, pero ahora mismo hay demasiados usuarios conectados a la vez. Por favor, int\u00e9ntalo pasados unos minutos.<\/li>\n<\/ul>\n<p>Volver a intentar<\/p>\n<p><img loading=\"lazy\" decoding=\"async\" width=\"530\" height=\"64\" class=\"logo-premium\" src=\"data:image\/gif;base64,R0lGODlhAQABAAAAACH5BAEKAAEALAAAAAABAAEAAAICTAEAOw==\" alt=\"ABC Premium\"\/><br \/>\nHas superado el l\u00edmite de sesiones<\/p>\n<ul class=\"listado\">\n<li>S\u00f3lo puedes tener tres sesiones iniciadas a la vez. Hemos cerrado la sesi\u00f3n m\u00e1s antigua para que sigas navegando sin l\u00edmites en el resto.<\/li>\n<\/ul>\n<p>Sigue navegando<\/p>\n<p>\nArt\u00edculo solo para suscriptores\n<\/p>\n<p>Reportar un error<\/p>\n<p><img decoding=\"async\" loading=\"lazy\" src=\"https:\/\/www.europesays.com\/es\/wp-content\/uploads\/2025\/09\/autor-1721-foto-12.jpeg\" class=\"voc-about-author__img\" alt=\"Oti Rodr\u00edguez Marchante\"\/><\/p>\n","protected":false},"excerpt":{"rendered":"14\/11\/2025 Actualizado a las 02:27h. La secuela perfecta de &#8216;Los dos lados de la cama&#8217;, al menos en&hellip;\n","protected":false},"author":2,"featured_media":234733,"comment_status":"","ping_status":"","sticky":false,"template":"","format":"standard","meta":{"footnotes":""},"categories":[169],"tags":[1014,5109,36328,177,1497,146,147,25,24,176,28098,175,659,23],"class_list":{"0":"post-234732","1":"post","2":"type-post","3":"status-publish","4":"format-standard","5":"has-post-thumbnail","7":"category-cine","8":"tag-actores","9":"tag-cama","10":"tag-canta","11":"tag-cine","12":"tag-critica","13":"tag-entertainment","14":"tag-entretenimiento","15":"tag-es","16":"tag-espana","17":"tag-film","18":"tag-lados","19":"tag-movies","20":"tag-poco","21":"tag-spain"},"share_on_mastodon":{"url":"https:\/\/pubeurope.com\/@es\/115545586213964929","error":""},"_links":{"self":[{"href":"https:\/\/www.europesays.com\/es\/wp-json\/wp\/v2\/posts\/234732","targetHints":{"allow":["GET"]}}],"collection":[{"href":"https:\/\/www.europesays.com\/es\/wp-json\/wp\/v2\/posts"}],"about":[{"href":"https:\/\/www.europesays.com\/es\/wp-json\/wp\/v2\/types\/post"}],"author":[{"embeddable":true,"href":"https:\/\/www.europesays.com\/es\/wp-json\/wp\/v2\/users\/2"}],"replies":[{"embeddable":true,"href":"https:\/\/www.europesays.com\/es\/wp-json\/wp\/v2\/comments?post=234732"}],"version-history":[{"count":0,"href":"https:\/\/www.europesays.com\/es\/wp-json\/wp\/v2\/posts\/234732\/revisions"}],"wp:featuredmedia":[{"embeddable":true,"href":"https:\/\/www.europesays.com\/es\/wp-json\/wp\/v2\/media\/234733"}],"wp:attachment":[{"href":"https:\/\/www.europesays.com\/es\/wp-json\/wp\/v2\/media?parent=234732"}],"wp:term":[{"taxonomy":"category","embeddable":true,"href":"https:\/\/www.europesays.com\/es\/wp-json\/wp\/v2\/categories?post=234732"},{"taxonomy":"post_tag","embeddable":true,"href":"https:\/\/www.europesays.com\/es\/wp-json\/wp\/v2\/tags?post=234732"}],"curies":[{"name":"wp","href":"https:\/\/api.w.org\/{rel}","templated":true}]}}