{"id":234742,"date":"2025-11-14T02:07:18","date_gmt":"2025-11-14T02:07:18","guid":{"rendered":"https:\/\/www.europesays.com\/es\/234742\/"},"modified":"2025-11-14T02:07:18","modified_gmt":"2025-11-14T02:07:18","slug":"vigo-deslumbra-con-su-navidad-entre-los-ultimos-coletazos-del-otono-2","status":"publish","type":"post","link":"https:\/\/www.europesays.com\/es\/234742\/","title":{"rendered":"Vigo deslumbra con su Navidad entre los \u00faltimos coletazos del oto\u00f1o"},"content":{"rendered":"<p>\t\t\t\t\t\tLa m\u00fasica estar\u00e1 asegurada de la mano de Los Secretos en Lugo y Anuel AA en A Coru\u00f1a<br \/>\n\t\t\t\t\t\t<strong>13 nov 2025<\/strong> . Actualizado a las 15:55 h.\t\t\t\t\t\t<\/p>\n<p class=\"first-paragraph txt\">El esp\u00edritu navide\u00f1o comienza a apoderarse de toda Galicia. La ciudad de <strong>Vigo<\/strong>, que arrancaba en pleno julio y a 29 grados bajo el sol el montaje de la <strong>Navidad<\/strong>, deslumbrar\u00e1 a partir de este s\u00e1bado a toda la comunidad con sus 12 millones de luces led.\u00a0Y mientras en la ciudad ol\u00edvica el ambiente navide\u00f1o y los turrones se adelantan, el resto de la comunidad rinde culto a los frutos del oto\u00f1o, ya sea en forma de <strong>magostos<\/strong> como los de la provincia de <strong>Ourense<\/strong> o de fiestas como la<strong> Pisa da casta\u00f1a de Purdeus<\/strong>.\u00a0<\/p>\n<p class=\"txt\">Tampoco faltar\u00e1 la m\u00fasica, con conciertos como el de<strong>\u00a0Los Secretos en Lugo<\/strong> o <strong>Anuel AA en A Coru\u00f1a<\/strong>. Adem\u00e1s, <strong>Santiago<\/strong> se rendir\u00e1 al s\u00e9ptimo arte con las\u00a0proyecciones del <strong>Cineuropa<\/strong>. Como ves, los d\u00edas 14, 15 y 16 de noviembre, vienen cargados de planes para todos los gustos.<\/p>\n<p>\t\t\t\t\t\t \t\t\t\t\t\t\t\t\t\t\t\t\t\t\t\t\t\t\t\t\t\t\tEncendido de las luces de Navidad en Vigo<\/p>\n<p class=\"txt\">Este s\u00e1bado 15 de noviembre\u00a0tendr\u00e1 lugar el <a class=\"link-txt\" href=\"https:\/\/www.lavozdegalicia.es\/noticia\/vigo\/vigo\/2025\/11\/04\/vigo-inaugura-navidad-15-noviembre\/00031762258719231587315.htm\" rel=\"nofollow noopener\" target=\"_blank\">encendido\u00a0de la <strong>Navidad de Vigo<\/strong><\/a>. Abel Caballero ser\u00e1 el encargado,\u00a0bajo el gran \u00e1rbol de la Porta do Sol, de pulsar el bot\u00f3n que da inicio a la temporada navide\u00f1a. A partir de ah\u00ed, una f\u00f3rmula tan conocida como exitosa: 12 millones de luces led, decorados navide\u00f1os en 460 calles,\u00a07.000 motivos ornamentales,\u00a01.461 guirnaldas, cerca de 3.000 \u00e1rboles iluminados, el tradicional bel\u00e9n monumental, la caseta de Pap\u00e1 Noel y el cartero real,\u00a0pistas de hielo, atracciones, mercadillos, exposiciones&#8230; Todo un parque tem\u00e1tico\u00a0de la Navidad que se alargar\u00e1 hasta mediados de enero.\u00a0<\/p>\n<ul>\n<ul>\n<li>D\u00f3nde: el encendido\u00a0ser\u00e1 en el \u00e1rbol de Navidad de la porta do sol, en Vigo<\/li>\n<li>Cu\u00e1ndo: s\u00e1bado 15 de noviembre<\/li>\n<li>Precio: gratis<\/li>\n<\/ul>\n<\/ul>\n<p class=\"txt\">\n<p>\t\t\t\t\t\t\t\t\t\t\t\t&#13;<br \/>\n\t\t\t\t\t\t\t\t&#13;<br \/>\n&#13;<br \/>\n&#13;<\/p>\n<p>\t\t\t&#13;<br \/>\n\t&#13;<\/p>\n<p>\t\t\t<a href=\"https:\/\/www.lavozdegalicia.es\/noticia\/vigo\/vigo\/2025\/11\/12\/vigo-encendera-navidad-sabado-15-noviembre-pese-prevision-lluvia\/00031762948326710635489.htm\" data-analytics=\"link-embed\" rel=\"nofollow noopener\" target=\"_blank\">Navidad de Vigo 2025: \u00bfqu\u00e9 empezar\u00e1 a funcionar el s\u00e1bado 15, d\u00eda del encendido?<\/a><\/p>\n<p class=\"a-min-author\">La Voz<\/p>\n<p>\t&#13;<br \/>\n\t&#13;<br \/>\n&#13;<\/p>\n<p>\t\t\t\t\t\t \t\t\t\t\t\t\t\t\t\t\t\t\t\t\t\t\t\t\t\t\t\t\tCineuropa, Harry on ice, freestyle y Sexy Zebras en Santiago<\/p>\n<p class=\"txt\">La ciudad a\u00fana este fin de semana planes para todos los gustos. Por un lado, se convierte en el epicentro del\u00a0s\u00e9ptimo arte con <strong>Cineuropa<\/strong>, el festival que programa m\u00e1s de 120 filmes y cuenta\u00a0con t\u00edtulos destacados en los circuitos internacionales. El s\u00e1bado destaca el estreno de la pel\u00edcula\u00a0\u00abThe President&#8217;s Cake\u00bb (Teatro Principal, 15.30 horas), aclamada \u00f3pera prima del director iraqu\u00ed Hasan Hadi, galardonada con la C\u00e1mara de Oro en Cannes, una de las revelaciones del a\u00f1o.<\/p>\n<p class=\"txt\">Tambi\u00e9n desembarca este domingo la gira\u00a0mundial de <strong>\u00abHarry on ice\u00bb<\/strong>. Un espect\u00e1culo que combina el universo de Harry Potter con la puesta en escena que caracteriza al Circo del Sol y todo sobre una pista de hielo. Adem\u00e1s, la m\u00fasica tampoco\u00a0faltar\u00e1 en la ciudad.\u00a0El s\u00e1bado a las 21.00 horas la banda de m\u00fasica power rock <strong>Sexy Zebras<\/strong> ofrecer\u00e1 un concierto en la Sala Capitol el que\u00a0presentar\u00e1 los temas de su \u00faltimo \u00e1lbum, \u00abBravo\u00bb. Pero eso no es todo, el s\u00e1bado a las\u00a018:00 h, el Multiusos Fontes do Sar, volver\u00e1 a vibrar con la adrenalina del<strong> freestyle<\/strong>, que celebra ya su segunda edici\u00f3n en la ciudad.\u00a0El p\u00fablico compostelano vivir\u00e1 un show que combina riesgo, emoci\u00f3n y pasi\u00f3n por las dos ruedas, con saltos imposibles y acrobacias que desaf\u00edan todas las leyes de la gravedad.<\/p>\n<ul>\n<ul>\n<li>D\u00d3NDE:-Cineuropa: Auditorio de Galicia, Teatro Principal, Sal\u00f3n Teatro y\u00a0CINE NUMAX\u00a0-Sexy cebras:\u00a0 sala capitol-Harry on ice: palacio de congresos-Freestyle:\u00a0Multiusos Fontes do Sar<\/li>\n<\/ul>\n<\/ul>\n<ul>\n<ul>\n<li>CU\u00c1NDO:-CINEUROPA: DEL 7 AL 23 DE NOVIEMBRE-Sexy cebras: s\u00e1bado 15 de noviembre, a las 21.00 horas-Harry on ice:\u00a0 domingo 16 de noviembre, a las 20.00 horas-Freestyle: S\u00e1bado 15 de noviembre, a las 18.00 horas<\/li>\n<\/ul>\n<\/ul>\n<ul>\n<ul>\n<li>PRECIO:-CINEUROPA: LA ENTRADA PARA UNA PEL\u00cdCULA, 4 EUROS, Y EL BONO PARA DIEZ,\u00a030 EUROS-Sexy cebras: Entadas agotadas-Harry on ice: todav\u00eda hay entradas deste 39 euros-Freestyle: Todav\u00eda hay entradas desde 17 euros<\/li>\n<\/ul>\n<\/ul>\n<p>Concierto de Anuel AA en A Coru\u00f1a\u00a0<\/p>\n<p>\t\t\t \t\t \t\t\t\t\t\t\tConcierto de Anuel AA en O Son do Cami\u00f1o <strong class=\"pd-l\">Sandra Alonso  <\/strong><\/p>\n<p class=\"txt\"><strong>Anuel AA<\/strong> llega al Coliseum herculino con su gira internacional, Real Hasta la Muerte Europe Tour 2025. Anuel, icono del trap y reguet\u00f3n mundial, ofrecer\u00e1 un espect\u00e1culo lleno de energ\u00eda y \u00e9xitos internacionales este s\u00e1bado a partir de las 21.00 horas. Todav\u00eda se pueden adquirir entradas desde 53,46 euros.<\/p>\n<ul>\n<li>Cu\u00e1ndo: s\u00e1bado 15 de noviembre, 21.00 horas<\/li>\n<li>Precio: todav\u00eda hay entradas desde\u00a053,46 euros.<\/li>\n<\/ul>\n<p>Festas do San Marti\u00f1o en Moa\u00f1a<\/p>\n<p class=\"txt\">Este concello de la r\u00eda de Vigo acoge una de las pocas romer\u00edas que quedan a estas alturas del a\u00f1o en Galicia.\u00a0Con el sello de Fiesta de Inter\u00e9s Tur\u00edstico, a\u00fana m\u00fasica, procesiones, pasacalles, fuegos artificiales&#8230; Este s\u00e1bado se podr\u00e1 la guinda a la fiesta con la Festa da Mocidade a partir de las 22.00 horas.<\/p>\n<ul>\n<li>D\u00f3nde:\u00a0San marti\u00f1o (moa\u00f1a)<\/li>\n<\/ul>\n<ul>\n<li>Cu\u00e1ndo: s\u00e1bado 15 de noviembre<\/li>\n<li>Precio: GRATIS<\/li>\n<\/ul>\n<p>Festa da Pisa da Casta\u00f1a de Purdeus<\/p>\n<p>\t\t\t \t\t \t\t\t\t\t\t\tFesta da pisa da casta\u00f1a en Purdeus (Parada de Sil) <strong class=\"pd-l\">Miguel Villar  <\/strong><\/p>\n<p class=\"txt\">La aldea de Purdeus, en la parroquia de Chandrexa (Parada de Sil), celebra este s\u00e1bado la XII Festa da Pisa da Casta\u00f1a.\u00a0La cita, que arranca a las 11.30 horas,\u00a0recrea el proceso tradicional de la preparaci\u00f3n de las casta\u00f1as para almacenarlas durante el invierno, propia de las zonas de interior. Adem\u00e1s, habr\u00e1 un mercado de productos locales y el cl\u00e1sico Xantar Popular a las 14.00 horas a base de cocido, lac\u00f3n, cachucha, androia, ternera, oreja y morro, bica, vino, agua, caf\u00e9 y chupitos, todo por 15 euros por persona.<\/p>\n<ul>\n<li>D\u00f3nde:\u00a0Purdeus, en Parada de Sil<\/li>\n<li>Cu\u00e1ndo: s\u00e1bado 15, a\u00a0partir de las 11.30 horas<\/li>\n<li>Precio: Fiesta, gratis y xantar popular, 15 euros<\/li>\n<\/ul>\n<p>Magosto en Montederramo, Lobios, Carballeda de Avia y A Mezquita<\/p>\n<p class=\"txt\">En pleno\u00a0oto\u00f1o no\u00a0pueden faltar las casta\u00f1as y en Ourense la fiesta gastron\u00f3mica forma parte de su identidad. Para el s\u00e1bado 15 quedan los magostos de la asociaci\u00f3n vecinal de <strong>Carballeda de Avia<\/strong> (14.00, Praza do Palomar) y de<strong> A Mezquita<\/strong> (19.00, Casa da Cultura), con m\u00fasica de artistas locales y DJ Josete, pinchos sorpresa, concurso de postres elaborados con casta\u00f1as, de carrera de sacos y de recoger casta\u00f1as.\u00a0 \u00a0<strong>Montederramo<\/strong>\u00a0(21.00 horas, Nave municipal ) contar\u00e1 con la charanga CLK y DJ Tariro y los asistentes podr\u00e1n degustar las tan ansiadas casta\u00f1as acompa\u00f1adas de empanada, chorizos, panceta, bica y bebidas, por 15 euros. En <strong>Lobios<\/strong>\u00a0(19.30 horas, Pabell\u00f3n de Deportes)\u00a0podr\u00e1n degustar casta\u00f1as, panceta, chorizos, pan, vino, queimada y bica, todo amenizado por la charanga el Tattoo.\u00a0<\/p>\n<ul>\n<li>\u00a0D\u00f3nde: Montederramo (NAVE MUNICIPAL) , CARBALLEDA DE AVIA (PRAZA DO PALOMAR), A meZQUITA (CASA DA CULTURA) y Lobios (Pabell\u00f3n de deportes)<\/li>\n<li>Cu\u00e1ndo: s\u00e1bado 15 de noviembre, a las 14.00 horas (CARBALLEDA DE AVIA), 19.00 horas (A MEZQUITA), 19.30 HORAS (LOBIOS) Y\u00a0 21.00 horas (MONTEDERRAMO)<\/li>\n<li>Precio: SEG\u00daN CONSUMICI\u00d3N<\/li>\n<\/ul>\n<p>Concierto de Los Secretos, fiesta de los 80 y 90, concurso de tapas, y Festival de Jazz en Lugo<\/p>\n<p>\t\t\t \t\t \t\t\t\t\t\t\tImagen de un concierto de Los Secretos <strong class=\"pd-l\">BASILIO BELLO  <\/strong><\/p>\n<p class=\"txt\">M\u00fasica y gastronom\u00eda se dan la mano en la ciudad amurallada. Por un lado, <strong>Los Secretos<\/strong> visitar\u00e1n la ciudad amurallada este viernes para poner a bailar a los lucenses haciendo un recorrido por temas tan emblem\u00e1ticos como \u00abD\u00e9jame\u00bb, \u00abPero a tu Lado\u00bb o \u00abLa Calle del Olvido\u00bb.\u00a0 Por otro lado, el <strong>Festival de Jazz<\/strong> de Lugo ofrece este s\u00e1bado sus \u00faltimos compases con las actuaciones de\u00a0Roberto Nieva Quartet y Kike L\u00f3pez Septeto. Para los m\u00e1s nost\u00e1lgicos, el s\u00e1bado desembarca en Lugo la <strong>fiesta de los 80 y 90<\/strong>, un espect\u00e1culo que transportar\u00e1 a los lucenses a las d\u00e9cadas doradas de la mano de 20 artistas. Y adem\u00e1s, para no tener el est\u00f3mago vac\u00edo, todo ir\u00e1 acompa\u00f1ado de las mejores tapas. 42 locales del centro hist\u00f3rico y alrededores ofrecer\u00e1n sus mejores platos para hacerse con la victoria en el concurso de tapas que se\u00a0prolonga durante\u00a0todo el mes.\u00a0<\/p>\n<ul>\n<li>D\u00d3NDE:\u00a0\u00a0-COncierto de los secretos:\u00a0Auditorio Municipal Gustavo Freire-FESTIVAL DE JAZZ: C\u00cdRCULO DAS ARTEs, CLUb CLAVIC\u00c9MBALO y Casa do sober- Fiesta 80 y 90:\u00a0Pazo de Feiras e Congresos\u00a0\u00a0-CONCURSO DE TAPAS: LOCALES DEL CENTRO HIST\u00d3RICO DE LUGO<\/li>\n<li>CU\u00c1NDO:-COncierto de los secretos:\u00a0 viernes 14 de noviembre, 21 horas-FESTIVAL DE JAZZ: DEL 1 AL 15 DE NOVIEMBRE\u00a0&#8211; Fiesta 80 y 90: s\u00e1bado 15 de noviembre, 20.00 horas\u00a0-CONCURSO DE TAPAS: DEL 7 AL 23 DE NOVIEMBRE<\/li>\n<li>PRECIO:-COncierto de los secretos: entradas desde\u00a049,50 euros-FESTIVAL DE JAZZ: entre 15 y 20 euros\u00a0&#8211; Fiesta 80 y 90: entradas desde 25,30 euros\u00a0\u00a0-CONCURSO DE TAPAS: seg\u00fan consumici\u00f3n<\/li>\n<\/ul>\n<p>Festa dos cogomelos en Vilagarc\u00eda<\/p>\n<p>\t\t\t \t\t \t\t\t\t\t\t\tFesta dos cogomelos <strong class=\"pd-l\">MARTINA MISER  <\/strong><\/p>\n<p class=\"txt\">Vilagarc\u00eda vuelve a rendir homenaje al mundo de las setas con una <a class=\"link-txt\" href=\"https:\/\/www.lavozdegalicia.es\/noticia\/arousa\/vilagarcia-de-arousa\/2025\/11\/09\/semana-completa-actividades-celebrar-outono-micoloxico-vilagarciano\/0003_202511A9C2992.htm\" rel=\"nofollow noopener\" target=\"_blank\">nueva edici\u00f3n del Outono Micol\u00f3xico<\/a>.\u00a0La muestra, organizada por la asociaci\u00f3n Cantarela en colaboraci\u00f3n con el Concello, abrir\u00e1 sus puertas a las ocho de la tarde con entrada libre y gratuita. Estar\u00e1 compuesta por ejemplares recogidos por los miembros del colectivo. Adem\u00e1s, este domingo de 12.00 a 15.30 horas se celebrar\u00e1 en la praza da Peixer\u00eda la XXXI <strong>Festa dos Cogomelos<\/strong> con la degustaci\u00f3n de setas, pan y vino a un precio de 8 euros (cazuela incluida).\u00a0<\/p>\n<ul>\n<li>D\u00f3nde: Praza da peixer\u00eda, en Vilagarc\u00eda<\/li>\n<li>Cu\u00e1ndo: Domingo 16, de 12.00 a 15.30 horas<\/li>\n<li>Precio: 8 euros<\/li>\n<\/ul>\n<p>Pontedetapas y Nymeria en Pontevedra<\/p>\n<p>\t\t\t \t\t \t\t\t\t\t\t\tPontedetapas <strong class=\"pd-l\">Emilio Moldes  <\/strong><\/p>\n<p class=\"txt\">Pontevedra emprende la b\u00fasqueda de la mejor tapa y del mejor c\u00f3ctel.\u00a0Un total de 27 locales de hosteler\u00eda participan en la nueva edici\u00f3n de <strong>Pontedetapas<\/strong> que se extender\u00e1 hasta el pr\u00f3ximo 23 de noviembre. La edici\u00f3n cuenta con\u00a0tres modalidades: tapas tradicionales, creativas y de c\u00f3cteles.\u00a0Las propuestas se podr\u00e1n degustar por 4 euros y los c\u00f3cteles por 6 euros. Y ojo, porque el p\u00fablico que vote por sus elaboraciones favoritas\u00a0entrar\u00e1 en el sorteo de diversos premios.<\/p>\n<p class=\"txt\">Adem\u00e1s, este fin de semana se levantar\u00e1 el tel\u00f3n del auditorio Afundaci\u00f3n de Pontevedra para el estreno del nuevo espect\u00e1culo codirigido por Pablo M\u00e9ndez y Laura Chica, <strong>Nymeria<\/strong>. Una obra que combina el\u00a0teatro visual con circo contempor\u00e1neo y tecnolog\u00eda esc\u00e9nica de vanguardia.<\/p>\n<ul>\n<li>D\u00f3nde- Pontedetapas: locales hosteleros de Pontevedra- Nymeria:\u00a0Auditorio Sede Afundaci\u00f3n<\/li>\n<\/ul>\n<ul>\n<li>Cu\u00e1ndo- Pontedetapas: DEL 5 AL 23 DE NOVIEMBRE- Nymeria:\u00a0 15 de noviembre (20.00 horas) y 16 de noviembre (18.00)<\/li>\n<li>Precio- Pontedetapas: 4 EUROS- Nymeria: quedan entradas para el domingo 16 desde 38 euros<\/li>\n<\/ul>\n<p class=\"txt\">\n<p>\t\t\t\t\t\t\t\t\t\t\t\t&#13;<br \/>\n\t\t\t\t\t\t\t\t&#13;<br \/>\n&#13;<br \/>\n&#13;<\/p>\n<p>\t\t\t&#13;<br \/>\n\t&#13;<\/p>\n<p>\t\t\t<a href=\"https:\/\/www.lavozdegalicia.es\/noticia\/pontevedra\/2025\/11\/02\/nymeria-reto-conseguir-habia-visto-\/0003_202511P2C7991.htm\" data-analytics=\"link-embed\" rel=\"nofollow noopener\" target=\"_blank\">\u00abNymeria\u00bb o el reto de conseguir \u00abesto no lo hab\u00eda visto antes\u00bb<\/a><\/p>\n<p class=\"a-min-author\">\n<p>\t\t\t\t\t\t\t\t\t\t\t<a href=\"https:\/\/venagalicia.gal\/firmas\/alfredo-lopez-penide\" rel=\"nofollow noopener\" target=\"_blank\"> \tL\u00f3pez PEnide<\/a><\/p>\n<p>\t&#13;<br \/>\n\t&#13;<br \/>\n&#13;<\/p>\n<p>\t\t\t\t\t\t \t\t\t\t\t\t\t\t\t\t\t           \t\t        \t\t\t           \t\t\t\t\t\t\t\t\t\t\t\t\t\t\t\t\t\t\t\t\tFeira do Mel en Ortigueira<\/p>\n<p class=\"txt\">Los amantes de este dulce manjar est\u00e1n de suerte. Una amplia variedad de propuestas de agricultores y productores locales estar\u00e1n disponibles este fin de semana en Ortigueira. Habr\u00e1 hasta degustaci\u00f3n gratuita de algunos de los productos.\u00a0 Adem\u00e1s, al evento se suma una Feira Agroalimentaria, que, en conjunto, traen, adem\u00e1s de puestos de venta, charlas, talleres, degustaciones, sorteos o actividades para los m\u00e1s peque\u00f1os.\u00a0<\/p>\n<ul>\n<li>D\u00d3NDE: locales hosteleros\u00a0de AS PONTES<\/li>\n<li>CU\u00c1NDO: DEL 7 AL 17 DE NOVIEMBRE<\/li>\n<li>PRECIO: 2,50\u00a0euros<\/li>\n<\/ul>\n<p>Festa da Zorza en O Porri\u00f1o<\/p>\n<p>\t\t\t \t\t \t\t\t\t\t\t\tFesta da zorza de O Porri\u00f1o <strong class=\"pd-l\">Oscar V\u00e1zquez  <\/strong><\/p>\n<p class=\"txt\">No pod\u00edan faltar las comilonas. La parroquia de Pontellas, en O Porri\u00f1o, celebra este domingo 16 de noviembre la Festa da Zorza. A partir de las 11.00 horas, y hasta agotar existencias, los asistentes podr\u00e1n degustar raciones de zorza \u2014en plato de barro o en empanada\u2014 a precios populares.\u00a0La degustaci\u00f3n estar\u00e1 amenizada por el Grupo de Gaitas Nordes\u00eda, las Cantareiras Vaicheboa y la Rondalla de Pontellas.<\/p>\n<ul>\n<li>D\u00f3nde: Centro Cultural de Pontellas, en O Porri\u00f1o<\/li>\n<li>Cu\u00e1ndo: domingo 16 de noviembre, a las 11.00 horas<\/li>\n<li>Precio:\u00a0precios populares\u00a0<\/li>\n<\/ul>\n","protected":false},"excerpt":{"rendered":"La m\u00fasica estar\u00e1 asegurada de la mano de Los Secretos en Lugo y Anuel AA en A Coru\u00f1a&hellip;\n","protected":false},"author":2,"featured_media":234047,"comment_status":"","ping_status":"","sticky":false,"template":"","format":"standard","meta":{"footnotes":""},"categories":[8],"tags":[17,18,25,24,13,14,11,19,20,9,10,15,16,23,12,21,22],"class_list":{"0":"post-234742","1":"post","2":"type-post","3":"status-publish","4":"format-standard","5":"has-post-thumbnail","7":"category-espana","8":"tag-breaking-news","9":"tag-breakingnews","10":"tag-es","11":"tag-espana","12":"tag-featured-news","13":"tag-featurednews","14":"tag-headlines","15":"tag-latest-news","16":"tag-latestnews","17":"tag-news","18":"tag-noticias","19":"tag-noticias-destacadas","20":"tag-noticiasdestacadas","21":"tag-spain","22":"tag-titulares","23":"tag-ultimas-noticias","24":"tag-ultimasnoticias"},"share_on_mastodon":{"url":"https:\/\/pubeurope.com\/@es\/115545613635829006","error":""},"_links":{"self":[{"href":"https:\/\/www.europesays.com\/es\/wp-json\/wp\/v2\/posts\/234742","targetHints":{"allow":["GET"]}}],"collection":[{"href":"https:\/\/www.europesays.com\/es\/wp-json\/wp\/v2\/posts"}],"about":[{"href":"https:\/\/www.europesays.com\/es\/wp-json\/wp\/v2\/types\/post"}],"author":[{"embeddable":true,"href":"https:\/\/www.europesays.com\/es\/wp-json\/wp\/v2\/users\/2"}],"replies":[{"embeddable":true,"href":"https:\/\/www.europesays.com\/es\/wp-json\/wp\/v2\/comments?post=234742"}],"version-history":[{"count":0,"href":"https:\/\/www.europesays.com\/es\/wp-json\/wp\/v2\/posts\/234742\/revisions"}],"wp:featuredmedia":[{"embeddable":true,"href":"https:\/\/www.europesays.com\/es\/wp-json\/wp\/v2\/media\/234047"}],"wp:attachment":[{"href":"https:\/\/www.europesays.com\/es\/wp-json\/wp\/v2\/media?parent=234742"}],"wp:term":[{"taxonomy":"category","embeddable":true,"href":"https:\/\/www.europesays.com\/es\/wp-json\/wp\/v2\/categories?post=234742"},{"taxonomy":"post_tag","embeddable":true,"href":"https:\/\/www.europesays.com\/es\/wp-json\/wp\/v2\/tags?post=234742"}],"curies":[{"name":"wp","href":"https:\/\/api.w.org\/{rel}","templated":true}]}}