{"id":234753,"date":"2025-11-14T02:17:11","date_gmt":"2025-11-14T02:17:11","guid":{"rendered":"https:\/\/www.europesays.com\/es\/234753\/"},"modified":"2025-11-14T02:17:11","modified_gmt":"2025-11-14T02:17:11","slug":"seria-injusto-que-una-actitud-aislada-empanara-el-compromiso-de-la-plantilla","status":"publish","type":"post","link":"https:\/\/www.europesays.com\/es\/234753\/","title":{"rendered":"Ser\u00eda injusto que una actitud aislada empa\u00f1ara el compromiso de la plantilla"},"content":{"rendered":"<p class=\"paragraph\">La <a href=\"https:\/\/www.heraldo.es\/tags\/instituciones_empresas\/sd_huesca.html\" title=\"SD Huesca\" rel=\"nofollow noopener\" target=\"_blank\">SD Huesca<\/a> anunci\u00f3 el lunes la decisi\u00f3n oficial de cesar al t\u00e9cnico Sergi Guill\u00f3. Este jueves, <b>el preparador ilicitano ha querido enviar un \u00faltimo mensaje a la familia azulgrana<\/b> a trav\u00e9s de una emotiva despedida\u00a0que comenzaba as\u00ed: \u00abConcluye mi etapa al frente de la SD Huesca. Un orgullo y un privilegio que ha durado menos de lo que me gustar\u00eda, aunque no siempre los resultados reflejan el trabajo y el compromiso. Pero as\u00ed es el f\u00fatbol: imprevisible, apasionante y, a veces, incluso injusto\u00bb.<\/p>\n<p class=\"paragraph\">Continuaba que ha sido \u00abun placer haber disfrutado de <a href=\"https:\/\/www.heraldo.es\/tags\/lugares\/estadio_alcoraz.html\" title=\"Estadio El Alcoraz\" rel=\"nofollow noopener\" target=\"_blank\">El Alcoraz <\/a>y su gente, a quienes estoy agradecido por el cari\u00f1o en la calle y en el estadio. En este deporte, la confianza no siempre es un\u00e1nime, pero la pasi\u00f3n siempre se siente. Sin reblar. Gracias, \u00c1ngel (director deportivo), por tu apoyo y por esta oportunidad en el f\u00fatbol profesional. Conf\u00edo en mi trabajo y estoy convencido de que volver\u00e9 a disfrutar de esta categor\u00eda, ojal\u00e1 cruzarnos de nuevo. <b>Eres un gran profesional, mejor persona, y es justo reconocer tu valent\u00eda, tu val\u00eda y tu buen hacer<\/b>\u00ab.<\/p>\n<p>\u00abSeguro que hemos cometido errores futbol\u00edsticos\u00bb<\/p>\n<p class=\"paragraph\">\u00abQuiero dar las gracias tambi\u00e9n por estos meses al club y en particular a todo el equipo de personas que forman la SD Huesca, desde el cuerpo t\u00e9cnico hasta los compa\u00f1eros de oficinas; os deseo lo mejor en el futuro. Esta etapa <b>no acaba como quer\u00edamos, pero nos vamos con la conciencia tranquila por actuar con honestidad <\/b>y hacer lo mejor posible cosas. Asumo esta decisi\u00f3n con respeto, seguro que hemos cometido errores en lo futbol\u00edstico, pero todas las experiencias suman y siempre hay aprendizajes. De lo que estoy seguro es que, en lo humano, hemos acertado de pleno\u00bb.<\/p>\n<p class=\"paragraph\">M\u00e1s adelante, quiso dar las \u00abgracias a los jugadores. En ese vestuario hay una calidad humana y profesional incuestionable. <b>Ser\u00eda injusto que una actitud aislada empa\u00f1ara el compromiso y la integridad del resto de la plantilla<\/b>\u00a0que siempre ha sabido estar a la altura de los valores de este escudo; muchos de ellos con una carrera larga e intachable\u00bb, dejando entrever en este punto el posible conflicto interno y la influencia de determinados jugadores en su salida. Y finalizaba: \u00abNuestra despedida no lo vamos a olvidar nunca, gracias por vuestro respaldo y vuestro cari\u00f1o. El grupo siempre por encima de lo individual. Es mi forma de entender el deporte y la vida. Nos llevamos todo lo que hemos vivido juntos. Hasta siempre, Huesca\u00bb, sentenciaba la carta del exentrenador azulgrana. Para unos, cesado en el momento oportuno. Para otros muchos, destituido de forma injusta y antes de tiempo.<\/p>\n","protected":false},"excerpt":{"rendered":"La SD Huesca anunci\u00f3 el lunes la decisi\u00f3n oficial de cesar al t\u00e9cnico Sergi Guill\u00f3. Este jueves, el&hellip;\n","protected":false},"author":2,"featured_media":234754,"comment_status":"","ping_status":"","sticky":false,"template":"","format":"standard","meta":{"footnotes":""},"categories":[268],"tags":[61050,168,11790,30431,10187,2226,622,25,24,280,282,60302,61052,2713,1429,1526,9547,61051,7640,61048,281,23,167,61049],"class_list":{"0":"post-234753","1":"post","2":"type-post","3":"status-publish","4":"format-standard","5":"has-post-thumbnail","7":"category-futbol","8":"tag-carta-de-despedida","9":"tag-deportes","10":"tag-despedido","11":"tag-destitucion","12":"tag-emotiva","13":"tag-entrenador","14":"tag-equipo","15":"tag-es","16":"tag-espana","17":"tag-football","18":"tag-futbol","19":"tag-guillo","20":"tag-jon-perez-bolo","21":"tag-jugadores","22":"tag-plantilla","23":"tag-polemica","24":"tag-sd-huesca","25":"tag-sdhuesca","26":"tag-segunda-division","27":"tag-sergi-guillo","28":"tag-soccer","29":"tag-spain","30":"tag-sports","31":"tag-tecnico-sergi-guillo"},"share_on_mastodon":{"url":"https:\/\/pubeurope.com\/@es\/115545652998426472","error":""},"_links":{"self":[{"href":"https:\/\/www.europesays.com\/es\/wp-json\/wp\/v2\/posts\/234753","targetHints":{"allow":["GET"]}}],"collection":[{"href":"https:\/\/www.europesays.com\/es\/wp-json\/wp\/v2\/posts"}],"about":[{"href":"https:\/\/www.europesays.com\/es\/wp-json\/wp\/v2\/types\/post"}],"author":[{"embeddable":true,"href":"https:\/\/www.europesays.com\/es\/wp-json\/wp\/v2\/users\/2"}],"replies":[{"embeddable":true,"href":"https:\/\/www.europesays.com\/es\/wp-json\/wp\/v2\/comments?post=234753"}],"version-history":[{"count":0,"href":"https:\/\/www.europesays.com\/es\/wp-json\/wp\/v2\/posts\/234753\/revisions"}],"wp:featuredmedia":[{"embeddable":true,"href":"https:\/\/www.europesays.com\/es\/wp-json\/wp\/v2\/media\/234754"}],"wp:attachment":[{"href":"https:\/\/www.europesays.com\/es\/wp-json\/wp\/v2\/media?parent=234753"}],"wp:term":[{"taxonomy":"category","embeddable":true,"href":"https:\/\/www.europesays.com\/es\/wp-json\/wp\/v2\/categories?post=234753"},{"taxonomy":"post_tag","embeddable":true,"href":"https:\/\/www.europesays.com\/es\/wp-json\/wp\/v2\/tags?post=234753"}],"curies":[{"name":"wp","href":"https:\/\/api.w.org\/{rel}","templated":true}]}}