{"id":234755,"date":"2025-11-14T02:18:15","date_gmt":"2025-11-14T02:18:15","guid":{"rendered":"https:\/\/www.europesays.com\/es\/234755\/"},"modified":"2025-11-14T02:18:15","modified_gmt":"2025-11-14T02:18:15","slug":"la-mujer-del-primo-de-carlos-iii-se-sincera-cuanto-mas-los-conozco-mas-me-doy-cuenta-de-que-sus-vidas-son-un-infierno","status":"publish","type":"post","link":"https:\/\/www.europesays.com\/es\/234755\/","title":{"rendered":"La mujer del primo de Carlos III se sincera: \u201cCuanto m\u00e1s los conozco, m\u00e1s me doy cuenta de que sus vidas son un infierno\u201d"},"content":{"rendered":"<p><img alt=\"Sophie Winkleman y el rey\" class=\"global-image\" decoding=\"async\" fetchpriority=\"high\" height=\"1080\" loading=\"eager\" src=\"https:\/\/www.europesays.com\/es\/wp-content\/uploads\/2025\/11\/MW2TH6TPERE5XES2NELFHRFNUE.jpg\" width=\"1920\"\/>Sophie Winkleman y el rey Carlos III en Royal Ascot (REUTERS). <\/p>\n<p class=\"paragraph\">En una entrevista que ha causado un gran revuelo en el Reino Unido, <b>Sophie Winkleman<\/b>, m\u00e1s conocida como <b>Lady Frederick Windsor<\/b>, ha ofrecido una visi\u00f3n inusual y honesta sobre la vida dentro de la <b>familia real brit\u00e1nica<\/b>. Casada desde 2009 con <b>Lord Frederick Windsor<\/b>, hijo del pr\u00edncipe y la princesa Michael de Kent y <a href=\"https:\/\/www.infobae.com\/espana\/2025\/11\/12\/el-principe-guillermo-aparece-por-sorpresa-en-la-television-estadounidense-su-intervencion-en-un-programa-de-baile\/\" target=\"_blank\" rel=\"noreferrer nofollow noopener\" title=\"https:\/\/www.infobae.com\/espana\/2025\/11\/12\/el-principe-guillermo-aparece-por-sorpresa-en-la-television-estadounidense-su-intervencion-en-un-programa-de-baile\/\">primo segundo del rey Carlos III<\/a>, la actriz brit\u00e1nica ha reconocido que, lejos del glamour que se proyecta desde fuera, <b>la vida en Palacio puede convertirse en una aut\u00e9ntica c\u00e1rcel dorada<\/b>.<\/p>\n<p class=\"paragraph\">\u201c<b>Ese nivel de fama no solicitada es una forma de tortura<\/b>\u201d, ha afirmado en declaraciones al diario The Times. Winkleman, que <a href=\"https:\/\/www.infobae.com\/espana\/2025\/11\/11\/kate-middleton-de-riguroso-luto-reaparece-tras-un-mes-sin-actos-su-emotivo-homenaje-y-su-nota-manuscrita-en-el-dia-del-recuerdo\/\" target=\"_blank\" rel=\"noreferrer nofollow noopener\" title=\"https:\/\/www.infobae.com\/espana\/2025\/11\/11\/kate-middleton-de-riguroso-luto-reaparece-tras-un-mes-sin-actos-su-emotivo-homenaje-y-su-nota-manuscrita-en-el-dia-del-recuerdo\/\">se uni\u00f3 a los Windsor hace diecis\u00e9is a\u00f1os<\/a>, asegura que el escrutinio medi\u00e1tico y la falta de privacidad son insoportables: \u201cTener ese foco cegador apunt\u00e1ndote a la cara desde que naces, sin saber muy bien en qui\u00e9n puedes confiar&#8230; es simplemente brutal\u201d.<\/p>\n<p class=\"paragraph\">Y es que, lejos de la imagen idealizada que suele acompa\u00f1ar a los miembros de la realeza, Winkleman confiesa que <b>siente compasi\u00f3n por ellos<\/b>. \u201c<a href=\"https:\/\/www.infobae.com\/espana\/2025\/11\/08\/el-palacio-de-buckingham-expone-el-armario-de-la-reina-isabel-ii-200-trajes-historicos-e-ineditos-y-una-fecha-clave\/\" target=\"_blank\" rel=\"noreferrer nofollow noopener\" title=\"https:\/\/www.infobae.com\/espana\/2025\/11\/08\/el-palacio-de-buckingham-expone-el-armario-de-la-reina-isabel-ii-200-trajes-historicos-e-ineditos-y-una-fecha-clave\/\">Cuanto m\u00e1s conozco a la familia real,<\/a> m\u00e1s me doy cuenta de que sus vidas son un infierno\u201d, sostiene. En su opini\u00f3n, vivir bajo una atenci\u00f3n constante no solo desgasta emocionalmente, sino que adem\u00e1s limita cualquier posibilidad de libertad real: \u201cNo creo que una vida con tanta atenci\u00f3n y presi\u00f3n sea sana, pero no les queda otra opci\u00f3n\u201d.<\/p>\n<p class=\"paragraph\">A pesar de esa dura reflexi\u00f3n, la int\u00e9rprete aclara que <b>admira profundamente a los Windsor<\/b>. \u201cLa familia no siempre es maravillosa, pero esta es encantadora. Los quiero a todos\u201d, afirma. Adem\u00e1s, no duda en acompa\u00f1ar a la instituci\u00f3n en eventos p\u00fablicos, como el tradicional concierto navide\u00f1o impulsado por <b>Kate Middleton<\/b>, donde se la ha visto en varias ocasiones. \u201cNinguno de ellos particip\u00f3 en Pop Idol (en referencia al talent musical brit\u00e1nico) ni en ning\u00fan otro programa similar para hacerse famoso\u201d, reflexiona. <\/p>\n<p><img alt=\"Lord Frederick Windsor y Sophie\" class=\"global-image\" decoding=\"async\" fetchpriority=\"low\" height=\"1347\" loading=\"lazy\" src=\"https:\/\/www.europesays.com\/es\/wp-content\/uploads\/2025\/11\/UO747RQGQZBQFFAIK3YLJCGWZE.jpg\" width=\"1920\"\/>Lord Frederick Windsor y Sophie Winkleman, Lady Frederick Windsor. (IMAGEN DE ARCHIVO). <\/p>\n<p class=\"paragraph\">La actriz, conocida por su papel de Big Suze en la serie brit\u00e1nica Peep Show y por<b> su participaci\u00f3n en <\/b><b>Dos hombres y medio<\/b><b>, <\/b>recuerda con humor c\u00f3mo fue su boda con Lord Frederick Windsor, celebrada en la Capilla Real de Hampton Court. \u201cNo conoc\u00eda a nadie en mi boda\u201d, confiesa entre risas, y a\u00f1ade: \u201cEstaban mis mejores amigos, pero b\u00e1sicamente hab\u00eda mucha gente que no conoc\u00eda de nada\u201d.<\/p>\n<p class=\"paragraph\">En retrospectiva, Winkleman asegura que cambiar\u00eda algunos detalles de aquel enlace que acapar\u00f3 titulares en 2009. Recuerda que, debido al ajetreo de su trabajo, fue su suegra, la princesa Michael, quien eligi\u00f3 su vestido de boda:<b> \u201cMuy dulce y pomposo, pero me ve\u00eda rid\u00edcula\u201d<\/b>. Tambi\u00e9n admite que habr\u00eda preferido un atuendo m\u00e1s sencillo y un peinado menos elaborado: \u201cDeber\u00eda haber ido a una peluquer\u00eda con experiencia\u201d.<\/p>\n<p><img alt=\"El pr\u00edncipe Miguel de Kent,\" class=\"global-image\" decoding=\"async\" fetchpriority=\"low\" height=\"2781\" loading=\"lazy\" src=\"https:\/\/www.europesays.com\/es\/wp-content\/uploads\/2025\/11\/JMI7Y4ZWGBDYXNYPI7SIHABTDE.JPG\" width=\"3697\"\/>El pr\u00edncipe Miguel de Kent, Lord Frederick Windsor, Lady Gabriella Windsor, el rey Carlos III, Sophie Winkleman y el pr\u00edncipe Guillermo salen tras la misa de r\u00e9quiem por la duquesa de Kent, en la catedral de Westminster, en el centro de Londres, el 16 de septiembre de 2025. (Jordan Pettitt\/Pool v\u00eda REUTERS)<\/p>\n<p class=\"paragraph\">Su boda coincidi\u00f3 con un momento complejo en lo personal: deb\u00eda viajar a Los \u00c1ngeles al d\u00eda siguiente para comenzar un nuevo proyecto profesional. \u201cNo tuve tiempo de pensar en la boda, <b>estaba centrada en el trabajo<\/b>\u201d, explica. La pareja residi\u00f3 durante varios a\u00f1os en Estados Unidos antes de establecerse definitivamente en Londres, donde cr\u00edan a sus hijas, <b>Maud<\/b> e <b>Isabella<\/b>, de 12 y 9 a\u00f1os respectivamente.<\/p>\n<p class=\"paragraph\">A diferencia de otros miembros de la realeza, Winkleman mantiene una carrera activa en el mundo del espect\u00e1culo y una <b>posici\u00f3n cr\u00edtica respecto al uso de la tecnolog\u00eda<\/b> entre los j\u00f3venes. Fiel defensora de limitar el acceso a los tel\u00e9fonos m\u00f3viles en las escuelas, ha llegado a <a href=\"https:\/\/www.infobae.com\/espana\/2025\/11\/07\/el-exprincipe-andres-citado-a-declarar-ante-el-congreso-de-estados-unidos-por-sus-vinculos-con-jeffrey-epstein-tiene-la-oportunidad-de-contar-la-verdad\/\" target=\"_blank\" rel=\"noreferrer nofollow noopener\" title=\"https:\/\/www.infobae.com\/espana\/2025\/11\/07\/el-exprincipe-andres-citado-a-declarar-ante-el-congreso-de-estados-unidos-por-sus-vinculos-con-jeffrey-epstein-tiene-la-oportunidad-de-contar-la-verdad\/\">organizar debates en el Parlamento brit\u00e1nico<\/a> para concienciar sobre los riesgos del abuso digital. <\/p>\n<p class=\"paragraph\">En su \u00faltimo trabajo, la serie Wild Cherry, interpreta a una madre que lidia con los problemas derivados de las redes sociales. \u201cMe da mucha pena que haga falta una obra de ficci\u00f3n para que la gente empiece a escuchar. Es realmente deprimente que m\u00e9dicos y profesores les est\u00e9n diciendo a los pol\u00edticos lo que las redes sociales<a href=\"https:\/\/www.infobae.com\/espana\/2025\/11\/06\/el-principe-guillermo-rinde-homenaje-a-lady-di-en-su-primer-viaje-oficial-a-brasil-la-imagen-que-ha-recreado-34-anos-despues\/\" target=\"_blank\" rel=\"noreferrer nofollow noopener\" title=\"https:\/\/www.infobae.com\/espana\/2025\/11\/06\/el-principe-guillermo-rinde-homenaje-a-lady-di-en-su-primer-viaje-oficial-a-brasil-la-imagen-que-ha-recreado-34-anos-despues\/\"> les est\u00e1n haciendo a los ni\u00f1os.<\/a> Pero <b>quiz\u00e1 un drama les haga reaccionar y tomar medidas<\/b>\u201d. <\/p>\n<p><img alt=\"El rey Carlos de Gran\" class=\"global-image\" decoding=\"async\" fetchpriority=\"low\" height=\"2732\" loading=\"lazy\" src=\"https:\/\/www.europesays.com\/es\/wp-content\/uploads\/2025\/11\/TWIJRNRY4YZVQBG43KYYKK662U.jpg\" width=\"3837\"\/>El rey Carlos de Gran Breta\u00f1a, la reina Camila y Sophie Winkleman aparecen en la fotograf\u00eda llegando tras la procesi\u00f3n real previa a las carreras del d\u00eda. (REUTERS\/Toby Melville).<\/p>\n","protected":false},"excerpt":{"rendered":"Sophie Winkleman y el rey Carlos III en Royal Ascot (REUTERS). En una entrevista que ha causado un&hellip;\n","protected":false},"author":2,"featured_media":234756,"comment_status":"","ping_status":"","sticky":false,"template":"","format":"standard","meta":{"footnotes":""},"categories":[174],"tags":[61053,255,146,147,25,24,256,61054,61055,2707,61056,61057,61058,23],"class_list":{"0":"post-234755","1":"post","2":"type-post","3":"status-publish","4":"format-standard","5":"has-post-thumbnail","7":"category-famosos","8":"tag-ascot","9":"tag-celebrities","10":"tag-entertainment","11":"tag-entretenimiento","12":"tag-es","13":"tag-espana","14":"tag-famosos","15":"tag-horse-racing","16":"tag-pa2025","17":"tag-racing","18":"tag-royal-ascot","19":"tag-royal-ascot-2025-day-four-ascot-racecourse","20":"tag-sophie-winkleman","21":"tag-spain"},"share_on_mastodon":{"url":"https:\/\/pubeurope.com\/@es\/115545658113856541","error":""},"_links":{"self":[{"href":"https:\/\/www.europesays.com\/es\/wp-json\/wp\/v2\/posts\/234755","targetHints":{"allow":["GET"]}}],"collection":[{"href":"https:\/\/www.europesays.com\/es\/wp-json\/wp\/v2\/posts"}],"about":[{"href":"https:\/\/www.europesays.com\/es\/wp-json\/wp\/v2\/types\/post"}],"author":[{"embeddable":true,"href":"https:\/\/www.europesays.com\/es\/wp-json\/wp\/v2\/users\/2"}],"replies":[{"embeddable":true,"href":"https:\/\/www.europesays.com\/es\/wp-json\/wp\/v2\/comments?post=234755"}],"version-history":[{"count":0,"href":"https:\/\/www.europesays.com\/es\/wp-json\/wp\/v2\/posts\/234755\/revisions"}],"wp:featuredmedia":[{"embeddable":true,"href":"https:\/\/www.europesays.com\/es\/wp-json\/wp\/v2\/media\/234756"}],"wp:attachment":[{"href":"https:\/\/www.europesays.com\/es\/wp-json\/wp\/v2\/media?parent=234755"}],"wp:term":[{"taxonomy":"category","embeddable":true,"href":"https:\/\/www.europesays.com\/es\/wp-json\/wp\/v2\/categories?post=234755"},{"taxonomy":"post_tag","embeddable":true,"href":"https:\/\/www.europesays.com\/es\/wp-json\/wp\/v2\/tags?post=234755"}],"curies":[{"name":"wp","href":"https:\/\/api.w.org\/{rel}","templated":true}]}}