{"id":234757,"date":"2025-11-14T02:19:50","date_gmt":"2025-11-14T02:19:50","guid":{"rendered":"https:\/\/www.europesays.com\/es\/234757\/"},"modified":"2025-11-14T02:19:50","modified_gmt":"2025-11-14T02:19:50","slug":"el-principal-problema-de-las-cocinas-modernas-es-que-se-disenan-para-la-foto-antes-que-para-la-vida","status":"publish","type":"post","link":"https:\/\/www.europesays.com\/es\/234757\/","title":{"rendered":"El principal problema de las cocinas modernas es que se dise\u00f1an para la foto antes que para la vida"},"content":{"rendered":"<p><strong>Pocas estancias reflejan tanto la vida diaria<\/strong> como <a href=\"https:\/\/www.elmueble.com\/decoracion\/sandra-marcos-interiorista-2026-cocinas-se-llenan-calidez-decimos-adios-acero-inoxidable-acabados-ultrabrillantes-hola-materiales-naturales_62133\" rel=\"nofollow noopener\" target=\"_blank\">la cocina.<\/a> En ella empieza la ma\u00f1ana, con el olor del caf\u00e9 reci\u00e9n hecho, y termina el d\u00eda, con las luces m\u00e1s suaves y la conversaci\u00f3n a\u00fan encendida. Por eso, cuando una cocina se dise\u00f1a pensando solo en la est\u00e9tica, se pierde su esencia.\u00a0<\/p>\n<p>Cada vez vemos<a href=\"https:\/\/www.elmueble.com\/estancias\/30-cocinas-modernas-mejores-ideas-para-copiar_42559\" rel=\"nofollow noopener\" target=\"_blank\"> cocinas modernas<\/a> m\u00e1s espectaculares en las redes, <strong>con frentes sin tiradores, campanas invisibles <\/strong>y <a href=\"https:\/\/www.elmueble.com\/decoracion\/tendencias-encimeras-cocina-estos-son-materiales-disenos-acabados-que-se-llevan_60700\" rel=\"nofollow noopener\" target=\"_blank\">encimeras ultrafinas.<\/a> Pero cuando llega la hora de cocinar, muchas no responden al uso diario.\u00a0\u201cEl gran problema de muchas cocinas modernas es que se dise\u00f1an para la foto antes que para la vida\u201d, advierte <strong>el interiorista y director de la <a href=\"https:\/\/www.instagram.com\/insenia_design_school_madrid\/\" rel=\"nofollow noopener\" target=\"_blank\">Escuela de Dise\u00f1o de Interiores Insenia<\/a>,\u00a0<\/strong><strong data-end=\"1315\" data-start=\"1299\">Carlos Rubio<\/strong>. \u00abLa est\u00e9tica de Pinterest se cuela en primera fila y la l\u00f3gica se queda al fondo\u00bb, advierte.\u00a0<\/p>\n<p>&#13;<img decoding=\"async\" src=\"https:\/\/www.europesays.com\/es\/wp-content\/uploads\/2025\/11\/salon-con-sofas-en-l-comodos-y-neutros_1f10718c_00586324_251031125859_600x600.webp.webp\" alt=\"Sal\u00f3n con sof\u00e1s en L c\u00f3modos y neutros\" class=\"image lazyload\"\/><\/p>\n<p class=\"epigraph\">Piensa en el futuro<\/p>\n<p><a href=\"https:\/\/www.elmueble.com\/actualidad\/ana-garcia-interiorista-si-tuviera-65-anos-mi-casa-pensaria-que-barato-sale-caro-invertir-principio-buenos-acabados-evita-muchas-reformas-futuras_62437\" rel=\"nofollow noopener\" target=\"_blank\">Los 60 es la etapa en la que invertir en los mejores materiales<\/a><br \/>\nLo que debes tener en cuenta\u00a01. Mantener un flujo natural de la cocina<img loading=\"lazy\" decoding=\"async\" src=\"https:\/\/www.europesays.com\/es\/wp-content\/uploads\/2025\/11\/cocina-abierta-en-tonos-claros_43edeb11_250728114750_251023113119_1000x1334.webp.webp\" alt=\"Cocina abierta en tonos claros\" class=\"lazyload\" width=\"1000\" height=\"1334\" data-aspectratio=\"1000\/1334\"\/>&#13;El Mueble<\/p>\n<p>El interiorista advierte que una cocina realmente funciona cuando se respeta el flujo natural de trabajo:<strong> almacenamiento<\/strong> (despensa y frigor\u00edfico),<strong> lavado <\/strong>(fregadero y lavavajillas) y, por \u00faltimo, <strong>cocci\u00f3n <\/strong>(placa y horno).<strong>\u00a0\u201cSi inviertes ese orden, aparecen las coreograf\u00edas absurdas:<\/strong> bandejas cruzando el sal\u00f3n, gotas camino del fregadero y encimeras llenas de \u2018por si acaso\u2019.\u201d<\/p>\n<p>2. Tener en cuenta detalles (enchufes, luz natural, ventilaci\u00f3n&#8230;)<\/p>\n<p>Adem\u00e1s, hay peque\u00f1os detalles que marcan la diferencia: <strong>una buena ventilaci\u00f3n, luz regulable por zonas y enchufes <\/strong>donde la mano los busca. \u201cCon eso desaparece el 80\u202f% de los dramas de cocina\u201d, resume el interiorista.\u00a0<\/p>\n<p>Aunque los pisos sean m\u00e1s peque\u00f1os, la cocina ha recuperado protagonismo. La pandemia cambi\u00f3 nuestra forma de vivir y cocinar en casa volvi\u00f3 a ser habitual. <strong>\u201cHoy, incluso en viviendas de pocos metros<\/strong>, cabe una cocina cien por cien funcional\u201d, explica Rubio. \u201cLa clave es que cada cent\u00edmetro trabaje el doble\u00bb. Por eso aconseja:\u00a0<\/p>\n<ul>\n<li>Aprovechar rincones con <strong data-end=\"2552\" data-start=\"2507\">herrajes extra\u00edbles o bandejas giratorias<\/strong>.<\/li>\n<li>Elegir <strong data-end=\"2601\" data-start=\"2565\">m\u00f3dulos anchos (80, 90 o 120 cm)<\/strong> en lugar de muchos estrechos, para ganar capacidad real.<\/li>\n<li>Convertir el <strong data-end=\"2706\" data-start=\"2676\">z\u00f3calo en cajones de peana<\/strong> para bandejas o pa\u00f1os.<\/li>\n<li>Y si se puede, <strong data-end=\"2783\" data-start=\"2749\">sacar la lavadora de la cocina<\/strong> para ganar silencio y superficie \u00fatil.<\/li>\n<\/ul>\n<p>3. Apostar por materiales resistentes<\/p>\n<p>En cuesti\u00f3n de materiales, el interiorista es claro: \u201c<strong data-end=\"3173\" data-start=\"3145\">Claridad y pocas bromas.<\/strong>\u201d El <strong data-end=\"3211\" data-start=\"3180\">porcel\u00e1nico o ultracompacto<\/strong> es uno de sus preferidos por su resistencia al calor, al corte y a las manchas. Eso s\u00ed, advierte de las encimeras ultrafinas: \u201cSi se astillan o rompen, no hay reparaci\u00f3n posible.\u201d<\/p>\n<p><img loading=\"lazy\" decoding=\"async\" src=\"https:\/\/www.europesays.com\/es\/wp-content\/uploads\/2025\/11\/cocina-con-encimera-de-granito_73c55a8f_00565705_251023112932_1000x1317.webp.webp\" alt=\"Cocina con encimera de granito\" class=\"lazyload\" width=\"1000\" height=\"1317\" data-aspectratio=\"1000\/1317\"\/>&#13;El Mueble<\/p>\n<p><strong>El granito natural<\/strong> puede no estar de moda, pero sigue siendo <strong>\u201cel m\u00e1s noble y duradero\u201d. <\/strong>El cuarzo, muy vers\u00e1til, necesita precauci\u00f3n con el calor. Y la madera, aunque c\u00e1lida y fotog\u00e9nica, solo la recomienda para zonas secas.<\/p>\n<p>En<strong> frentes,<\/strong> funcionan muy bien <strong>los acabados supermate antihuellas de calidad,<\/strong> las melaminas texturizadas y las puertas de madera natural barnizada. \u201cLa clave no est\u00e1 en el tablero, est\u00e1 en el canto: si entra humedad, se hincha. Con un buen canteado, la vida \u00fatil se dispara\u00bb.<\/p>\n<p><img loading=\"lazy\" decoding=\"async\" src=\"https:\/\/www.europesays.com\/es\/wp-content\/uploads\/2025\/11\/suelo-de-una-cocina-con-buena-ventilacion-y-luz-natural_a9c4ecf5_251023113033_1000x1000.webp.webp\" alt=\"Suelo de una cocina con buena ventilaci\u00f3n y luz natural.\" class=\"lazyload\" width=\"1000\" height=\"1000\" data-aspectratio=\"1000\/1000\"\/>&#13;El Mueble<\/p>\n<p>En<strong> suelos,<\/strong> el<strong> porcel\u00e1nico de gran formato<\/strong> sigue siendo el rey, y en paramentos, el vidrio templado o los ultracompactos facilitan la limpieza. En la zona de agua, Rubio lo tiene claro: <strong>\u201cMejor z\u00f3calos de aluminio o PVC <\/strong>que lacas valientes alrededor del fregadero\u00bb.<\/p>\n<p>&#13;<img decoding=\"async\" src=\"https:\/\/www.europesays.com\/es\/wp-content\/uploads\/2025\/11\/comedor-con-suelo-de-parquet-de-espiga-acabado-brillante-00397806-d149b42c_7ee9f4bf_250930111937_600.webp\" alt=\"comedor con suelo de parquet de espiga acabado brillante 00397806 d149b42c\" class=\"image lazyload\"\/><\/p>\n<p class=\"epigraph\">Datos curiosos<\/p>\n<p><a href=\"https:\/\/www.elmueble.com\/decoracion\/espanola-viviendo-suiza-todas-cocinas-son-iguales-blancas-negras-he-vivido-cuatro-piso-dos-tenia-misma_61975\" rel=\"nofollow noopener\" target=\"_blank\">C\u00f3mo son las casas en Suiza seg\u00fan una espa\u00f1ola<\/a><br \/>\nTendencias que no pasar\u00e1n la prueba del tiempo<\/p>\n<p><strong>\u201cHoy dise\u00f1amos cocinas con m\u00e1s conocimiento<\/strong> que nunca, pero la que de verdad funciona no es la que acumula likes, sino la que respeta el flujo de trabajo, ventila bien y elige materiales que te perdonan la vida\u00bb, asegura el interiorista.\u00a0<\/p>\n<p>Hay modas que conquistan a primera vista, pero no resisten el uso diario. Entre ellas, el interiorista menciona las <strong data-end=\"4398\" data-start=\"4374\">estanter\u00edas abiertas<\/strong>, el <strong data-end=\"4432\" data-start=\"4403\">microcemento en encimeras<\/strong>, las <strong data-end=\"4480\" data-start=\"4438\">encimeras de madera junto al fregadero<\/strong>, los <strong data-end=\"4502\" data-start=\"4486\">push-to-open<\/strong> en muebles bajos o el <strong data-end=\"4567\" data-start=\"4525\">negro supermate en grandes superficies<\/strong>. \u201cTodo eso queda mon\u00edsimo\u2026 hasta que hay que limpiarlo o usarlo de verdad\u00bb.\u00a0<\/p>\n<p><script async src=\"\/\/www.instagram.com\/embed.js\"><\/script><\/p>\n","protected":false},"excerpt":{"rendered":"Pocas estancias reflejan tanto la vida diaria como la cocina. En ella empieza la ma\u00f1ana, con el olor&hellip;\n","protected":false},"author":2,"featured_media":234758,"comment_status":"","ping_status":"","sticky":false,"template":"","format":"standard","meta":{"footnotes":""},"categories":[173],"tags":[229,233,231,230,232,234,146,147,25,24,23],"class_list":{"0":"post-234757","1":"post","2":"type-post","3":"status-publish","4":"format-standard","5":"has-post-thumbnail","7":"category-arte-y-diseno","8":"tag-arte","9":"tag-arte-y-diseno","10":"tag-arts","11":"tag-arts-and-design","12":"tag-design","13":"tag-diseno","14":"tag-entertainment","15":"tag-entretenimiento","16":"tag-es","17":"tag-espana","18":"tag-spain"},"share_on_mastodon":{"url":"https:\/\/pubeurope.com\/@es\/115545664968738351","error":""},"_links":{"self":[{"href":"https:\/\/www.europesays.com\/es\/wp-json\/wp\/v2\/posts\/234757","targetHints":{"allow":["GET"]}}],"collection":[{"href":"https:\/\/www.europesays.com\/es\/wp-json\/wp\/v2\/posts"}],"about":[{"href":"https:\/\/www.europesays.com\/es\/wp-json\/wp\/v2\/types\/post"}],"author":[{"embeddable":true,"href":"https:\/\/www.europesays.com\/es\/wp-json\/wp\/v2\/users\/2"}],"replies":[{"embeddable":true,"href":"https:\/\/www.europesays.com\/es\/wp-json\/wp\/v2\/comments?post=234757"}],"version-history":[{"count":0,"href":"https:\/\/www.europesays.com\/es\/wp-json\/wp\/v2\/posts\/234757\/revisions"}],"wp:featuredmedia":[{"embeddable":true,"href":"https:\/\/www.europesays.com\/es\/wp-json\/wp\/v2\/media\/234758"}],"wp:attachment":[{"href":"https:\/\/www.europesays.com\/es\/wp-json\/wp\/v2\/media?parent=234757"}],"wp:term":[{"taxonomy":"category","embeddable":true,"href":"https:\/\/www.europesays.com\/es\/wp-json\/wp\/v2\/categories?post=234757"},{"taxonomy":"post_tag","embeddable":true,"href":"https:\/\/www.europesays.com\/es\/wp-json\/wp\/v2\/tags?post=234757"}],"curies":[{"name":"wp","href":"https:\/\/api.w.org\/{rel}","templated":true}]}}