{"id":234761,"date":"2025-11-14T02:23:13","date_gmt":"2025-11-14T02:23:13","guid":{"rendered":"https:\/\/www.europesays.com\/es\/234761\/"},"modified":"2025-11-14T02:23:13","modified_gmt":"2025-11-14T02:23:13","slug":"los-aguilar-brinda-por-sus-nominaciones-a-los-latin-grammy-pepe-aguilar-o-christian-nodal","status":"publish","type":"post","link":"https:\/\/www.europesays.com\/es\/234761\/","title":{"rendered":"Los Aguilar brinda por sus nominaciones a los Latin Grammy, \u00bfPepe Aguilar o Christian Nodal?"},"content":{"rendered":"<p id=\"eg8hvLh3c8\" data-wc=\"95\">Este a\u00f1o, la participaci\u00f3n de Los Aguilar en la <a class=\"hm-link ho-link\" href=\"https:\/\/www.hola.com\/us-es\/celebrities\/20251113867408\/carlos-rivera-cynthia-rodriguez-alfombra-roja-latin-grammy-junto-amorosos\/\" data-mrf-recirculation=\"article-body-link\" rel=\"nofollow noopener\" target=\"_blank\">entrega n\u00famero 26 de los Latin Grammy<\/a> toma un significado muy especial, ya que es la primera vez que <strong>Pepe Aguilar\u00a0<\/strong>compite directamente con su yerno,<strong>\u00a0Christian Nodal<\/strong> en una categor\u00eda. Como parte de la lista de nominados de este a\u00f1o destaca la categor\u00eda de Mejor \u00e1lbum de m\u00fasica ranchera\/mariachi en la que figuran el <a class=\"hm-link ho-link\" href=\"https:\/\/www.hola.com\/us-es\/celebrities\/20240701702651\/angela-aguilar-papa-pepe-reencuentro-confirmacion-romance-nodal\/\" data-mrf-recirculation=\"article-body-link\" rel=\"nofollow noopener\" target=\"_blank\">pap\u00e1 y el esposo de \u00c1ngela Aguilar<\/a>, una situaci\u00f3n historia de la que mucho han hecho referencia Pepe en sus redes sociales, donde comparti\u00f3 el brindis familiar que realizaron esta situaci\u00f3n.\u00a0<\/p>\n<p> <img src=\"https:\/\/www.europesays.com\/es\/wp-content\/uploads\/2025\/11\/78b32703cd5d-gettyimages-2246455838.jpg\"   width=\"1024\" height=\"682\" loading=\"lazy\" decoding=\"async\" alt=\"Pepe Aguilar junto a su hija \u00c1ngela y a su esposo, Christian Nodal, en el homenaje a Raphael.\" fetchpriority=\"auto\" class=\"image ho-image\"\/>\u00a9 Getty ImagesPepe Aguilar junto a su hija \u00c1ngela y a su esposo, Christian Nodal, en el homenaje a Raphael.<\/p>\n<p id=\"eZ2ax1SO9K\" data-wc=\"88\">A trav\u00e9s de su cuenta de Instagram, Pepe comparti\u00f3 un clip del brindis que realizaron por las nominaciones de ambos. Desde la intimidad del hotel en el se hospedan, los Aguilar levantaron sus copas por este logro de Pepe y Christian, quienes son los primeros suegro y yerno en esta posici\u00f3n en lo que va de esta entrega de premios en la que, si bien, en otras ocasiones ha pasado que dos miembros de la misma familia compitan, nunca hab\u00eda pasado con este tipo de v\u00ednculo no sangu\u00edneo.\u00a0<\/p>\n<p id=\"e1ov9OTlQ-\" data-wc=\"80\">Debido a que Pepe y Christian est\u00e1n acompa\u00f1ados del resto de la familia, aprovecharon para disfrutar de una cena informal con hamburguesas y pap\u00e1s fritas que acompa\u00f1aron de vino tinto, con el que brindaron: \u00ab\u00a1Por los nominados!\u00bb, se escucha decir entorno a la mesa, en la que vemos a Aneliz y a \u00c1ngela Aguilar acompa\u00f1ando a sus esposos en esta fiesta entorno a los Latin Grammy, donde ayer la familia acudi\u00f3 al homenaje de <strong>Raphael<\/strong>, nombrado Persona del A\u00f1o 2025.<\/p>\n<p> <img src=\"https:\/\/www.europesays.com\/es\/wp-content\/uploads\/2025\/11\/9180037f2b08-gettyimages-2246455038.jpg\"   width=\"682\" height=\"1024\" loading=\"lazy\" decoding=\"async\" alt=\"\u00c1ngela viaj\u00f3 a Las Vegas para acompa\u00f1ar a su esposo.\" fetchpriority=\"auto\" class=\"image ho-image\"\/>\u00a9 Getty Images\u00c1ngela viaj\u00f3 a Las Vegas para acompa\u00f1ar a su esposo.<\/p>\n<p id=\"eqBC6M1Uu7\" data-wc=\"73\">Aprovechando su compromiso en Las Vegas, los Aguilar han convertido este viaje de trabajo en uno de placer, as\u00ed lo ha dejado ver Pepe Aguilar quien anoche interpret\u00f3 el cl\u00e1sico del espa\u00f1ol Procuro olvidarte durante la ceremonia en la que se reconoci\u00f3 al espa\u00f1ol. Precisamente durante este evento, Pepe pos\u00f3 junto a su yerno en una foto que comparti\u00f3 en redes sociales y r\u00e1pidamente se viraliz\u00f3 por la m\u00fasica que us\u00f3 para acompa\u00f1arla.<\/p>\n<p> <img src=\"https:\/\/www.europesays.com\/es\/wp-content\/uploads\/2025\/11\/813c2db38c95-img8422.jpg\"   width=\"607\" height=\"1024\" loading=\"lazy\" decoding=\"async\" alt=\"Pepe Aguilar y Christian Nodal compiten en la misma categor\u00eda en los Latin Grammy.\" fetchpriority=\"auto\" class=\"image ho-image\"\/>\u00a9 IG: @pepeaguilar_oficialPepe Aguilar y Christian Nodal compiten en la misma categor\u00eda en los Latin Grammy.<br \/>\n\u00a1Qu\u00e9 gane el mejor!<\/p>\n<p id=\"eCYZO4ckHH5\" data-wc=\"88\">El cantante eligi\u00f3 el tema\u00a0Los dos amigos de Los Cadetes de Linares, una canci\u00f3n en la que se cuenta la historia de dos amigos, una letra que muchos interpretaron como una referencia a la cercana relaci\u00f3n que mantiene con el esposo de su hija \u00c1ngela. Con estas im\u00e1genes en las que deja ver la armon\u00eda que predomina en su familia, Pepe echa por tierra las versiones de que est\u00e1 distanciado de su hija y de su yerno y demuestra que los Aguilar se mantienen unidos y fuertes.<\/p>\n<p> <img src=\"https:\/\/www.europesays.com\/es\/wp-content\/uploads\/2025\/11\/71eff04c9482-gettyimages-2246465062.jpg\"   width=\"682\" height=\"1024\" loading=\"lazy\" decoding=\"async\" alt=\"Pepe interpret\u00f3 el tema 'Procuro olvidarte' en el homenaje a Raphael.\" fetchpriority=\"auto\" class=\"image ho-image\"\/>\u00a9 Getty ImagesPepe interpret\u00f3 el tema &#8216;Procuro olvidarte&#8217; en el homenaje a Raphael.<\/p>\n<p id=\"eylFASGP9Oo\" data-wc=\"94\">\u00a0En esta imagen destaca que suegro y terno est\u00e1n vestidos con looks con vibras country que cada uno le agreg\u00f3 su toque a la hora de elegir las prendas y accesorios, como la corbata de lazo, mientras que su suegro llev\u00f3 un suerte negro de cuello de tortuga con el que le dio el toque de elegancia a su atuendo. \u00abEs un honor estar nominado\u00bb, \u00a0coment\u00f3 Pepe en otro video en el que tambi\u00e9n habl\u00f3 del gran honor que sinti\u00f3 de interpretar el tema de Raphael a quien describi\u00f3 como el \u00abmaestro de maestros\u00bb.\u00a0<\/p>\n","protected":false},"excerpt":{"rendered":"Este a\u00f1o, la participaci\u00f3n de Los Aguilar en la entrega n\u00famero 26 de los Latin Grammy toma un&hellip;\n","protected":false},"author":2,"featured_media":234762,"comment_status":"","ping_status":"","sticky":false,"template":"","format":"standard","meta":{"footnotes":""},"categories":[170],"tags":[517,47832,146,147,25,24,184,185,23],"class_list":{"0":"post-234761","1":"post","2":"type-post","3":"status-publish","4":"format-standard","5":"has-post-thumbnail","7":"category-musica","8":"tag-actualidad","9":"tag-christian-nodal","10":"tag-entertainment","11":"tag-entretenimiento","12":"tag-es","13":"tag-espana","14":"tag-music","15":"tag-musica","16":"tag-spain"},"share_on_mastodon":{"url":"https:\/\/pubeurope.com\/@es\/115545677010077898","error":""},"_links":{"self":[{"href":"https:\/\/www.europesays.com\/es\/wp-json\/wp\/v2\/posts\/234761","targetHints":{"allow":["GET"]}}],"collection":[{"href":"https:\/\/www.europesays.com\/es\/wp-json\/wp\/v2\/posts"}],"about":[{"href":"https:\/\/www.europesays.com\/es\/wp-json\/wp\/v2\/types\/post"}],"author":[{"embeddable":true,"href":"https:\/\/www.europesays.com\/es\/wp-json\/wp\/v2\/users\/2"}],"replies":[{"embeddable":true,"href":"https:\/\/www.europesays.com\/es\/wp-json\/wp\/v2\/comments?post=234761"}],"version-history":[{"count":0,"href":"https:\/\/www.europesays.com\/es\/wp-json\/wp\/v2\/posts\/234761\/revisions"}],"wp:featuredmedia":[{"embeddable":true,"href":"https:\/\/www.europesays.com\/es\/wp-json\/wp\/v2\/media\/234762"}],"wp:attachment":[{"href":"https:\/\/www.europesays.com\/es\/wp-json\/wp\/v2\/media?parent=234761"}],"wp:term":[{"taxonomy":"category","embeddable":true,"href":"https:\/\/www.europesays.com\/es\/wp-json\/wp\/v2\/categories?post=234761"},{"taxonomy":"post_tag","embeddable":true,"href":"https:\/\/www.europesays.com\/es\/wp-json\/wp\/v2\/tags?post=234761"}],"curies":[{"name":"wp","href":"https:\/\/api.w.org\/{rel}","templated":true}]}}