{"id":234781,"date":"2025-11-14T02:38:13","date_gmt":"2025-11-14T02:38:13","guid":{"rendered":"https:\/\/www.europesays.com\/es\/234781\/"},"modified":"2025-11-14T02:38:13","modified_gmt":"2025-11-14T02:38:13","slug":"team-amani-lanza-el-primer-equipo-femenino-continental-uci-de-africa","status":"publish","type":"post","link":"https:\/\/www.europesays.com\/es\/234781\/","title":{"rendered":"Team Amani lanza el primer equipo femenino continental UCI de \u00c1frica"},"content":{"rendered":"<p>&#13;<br \/>\n&#13;<\/p>\n<p><img loading=\"lazy\" decoding=\"async\" src=\"https:\/\/www.europesays.com\/es\/wp-content\/uploads\/2025\/11\/tam-amani-anuncio-pre-2026-2025-fusionmedia-press.jpg\" width=\"556\" height=\"418\" class=\"setborder\" alt=\"Team Amani lanza el primer equipo femenino continental UCI de \u00c1frica\" title=\"Team Amani lanza el primer equipo femenino continental UCI de \u00c1frica\"\/><br \/>\n&#13;<br \/>\n&#13;<br \/>\n&#13;<br \/>\n<a href=\"https:\/\/www.esciclismo.com\/actualidad\/esciclismo\/\" rel=\"nofollow noopener\" target=\"_blank\">EsCiclismo.com<\/a> \u00b7 <a href=\"https:\/\/www.esciclismo.com\/actualidad\/carretera\/\" rel=\"nofollow noopener\" target=\"_blank\">Competici\u00f3n Carretera<\/a>  \u00b7 13\/11\/2025<\/p>\n<p>El proyecto ciclista Team Amani ha anunciado este jueves la creaci\u00f3n del primer equipo femenino UCI Continental de \u00c1frica, que estar\u00e1 registrado en Etiop\u00eda y que reunir\u00e1 a ciclistas de \u00e9lite de pa\u00edses como Ruanda, Etiop\u00eda y otras naciones del \u00c1frica Oriental. El ambicioso objetivo es claro: en 2028, el equipo aspira a competir en el <a href=\"https:\/\/www.esciclismo.com\/especiales\/tour-francia-femenino\/\" rel=\"nofollow noopener\" target=\"_blank\">Tour de Francia Femenino<\/a>, el <a href=\"https:\/\/www.esciclismo.com\/especiales\/giro-italia-femenino\/\" rel=\"nofollow noopener\" target=\"_blank\">Giro de Italia Femenino<\/a> y <a href=\"https:\/\/www.esciclismo.com\/especiales\/vuelta-espana-femenina\/\" rel=\"nofollow noopener\" target=\"_blank\">La Vuelta Femenina<\/a>.<\/p>\n<p>&#13;<br \/>\nUn paso hist\u00f3rico para el ciclismo africano femenino&#13;<\/p>\n<p>Team Amani, fundado en 2020 y con bases operativas en Kenia, Ruanda, Uganda y ahora tambi\u00e9n en Etiop\u00eda, naci\u00f3 con la misi\u00f3n de romper las barreras estructurales que durante a\u00f1os han limitado el acceso de los ciclistas africanos a las grandes competiciones internacionales. Desde la falta de infraestructura de alto rendimiento hasta los problemas con visados y patrocinadores, el proyecto ha trabajado para ofrecer a sus ciclistas las mismas oportunidades que a sus hom\u00f3logos europeos.<\/p>\n<p>&#13;<\/p>\n<p><b id=\"P2\"\/>Con cinco a\u00f1os de experiencia, Amani se ha consolidado como uno de los movimientos m\u00e1s din\u00e1micos del ciclismo en el continente africano, combinando desarrollo en carretera, especializaci\u00f3n en gravel, campamentos regionales y acuerdos con marcas l\u00edderes del sector. La creaci\u00f3n del equipo femenino representa el mayor paso hasta la fecha en su evoluci\u00f3n.<\/p>\n<p>&#13;<br \/>\nAshleigh Moolman Pasio, mentora de excepci\u00f3n&#13;<\/p>\n<p><b id=\"P3\"\/>Una figura clave en este nuevo cap\u00edtulo ser\u00e1 la sudafricana Ashleigh Moolman Pasio, que se incorpora como mentora y asesora del equipo. Con una trayectoria que incluye cuatro participaciones ol\u00edmpicas, varios t\u00edtulos nacionales y destacados resultados en el Tour de Francia Femenino y el Giro Donne, Moolman Pasio aportar\u00e1 su experiencia tanto en competici\u00f3n como en el desarrollo del ciclismo femenino.<\/p>\n<p>&#13;<\/p>\n<p>La veterana ciclista ha destacado la apuesta del equipo por desarrollar infraestructura de alto rendimiento en \u00c1frica, en lugar de forzar la adaptaci\u00f3n de las corredoras en Europa, y se ha mostrado convencida del enorme potencial de las ciclistas de la regi\u00f3n.<\/p>\n<p>&#13;<br \/>\nDebut europeo en 2026 y mirada puesta en el Tour&#13;<\/p>\n<p>La nueva escuadra femenina de Team Amani iniciar\u00e1 su calendario europeo en la primavera de 2026, centrando su actividad en carreras que permitan una progresi\u00f3n deportiva hacia los objetivos marcados. El equipo aspira a construir una estructura africana de alto nivel que no solo forme grandes ciclistas, sino que tambi\u00e9n est\u00e9 dirigida y gestionada desde el propio continente.<\/p>\n<p>&#13;<\/p>\n<p><b id=\"P5\"\/>Mikel Delagrange, cofundador de Team Amani, ha subrayado que el proyecto alcanza un punto de inflexi\u00f3n al demostrar que las ciclistas africanas pueden competir al m\u00e1s alto nivel si cuentan con los mismos recursos que sus rivales. \u00abLa \u00fanica limitaci\u00f3n ahora es la imaginaci\u00f3n de nuestras corredoras\u00bb, ha declarado.<\/p>\n<p>&#13;<br \/>\nPresentaci\u00f3n oficial en Londres y apoyo de grandes marcas&#13;<\/p>\n<p>La presentaci\u00f3n oficial del equipo tendr\u00e1 lugar en el evento Rouleur Live de Londres, donde participar\u00e1n la ciclista ruandesa Xaverine Nirere y la propia Moolman Pasio. Adem\u00e1s, se estrenar\u00e1 un nuevo documental sobre Nirere, en un acto que cuenta con el apoyo del fabricante de ropa Rapha y del patrocinador POC, colaborador clave del proyecto desde sus inicios.<\/p>\n<p>&#13;<\/p>\n<p>Desde su nacimiento, Team Amani ha contado con el respaldo de marcas como Poc, Rapha, Sram, Wahoo, Fizik y Factor, y su actividad se coordina desde sedes en Iten (Kenia) y Kigali (Ruanda). M\u00e1s all\u00e1 de competir, el objetivo es claro: construir un equipo 100% africano capaz de afrontar con garant\u00edas una gran vuelta ciclista femenina y hacer historia para el ciclismo del continente.<\/p>\n<p>&#13;<\/p>\n<p><a href=\"https:\/\/www.esciclismo.com\/actualidad\/femenino\/\" class=\"button\" rel=\"nofollow noopener\" target=\"_blank\"># Ciclismo Femenino<\/a><\/p>\n<p>&#13;<br \/>\n&#13;<br \/>\n&#13;<br \/>\nEsCiclismo &#8211; Todos los derechos reservados. Est\u00e1 prohibido todo tipo de reproducci\u00f3n sin autorizaci\u00f3n expresa escrita.<br \/>&#13;<br \/>\n&#13;<\/p>\n","protected":false},"excerpt":{"rendered":"&#13; &#13; &#13; &#13; &#13; EsCiclismo.com \u00b7 Competici\u00f3n Carretera \u00b7 13\/11\/2025 El proyecto ciclista Team Amani ha anunciado&hellip;\n","protected":false},"author":2,"featured_media":234782,"comment_status":"","ping_status":"","sticky":false,"template":"","format":"standard","meta":{"footnotes":""},"categories":[273],"tags":[10605,5404,61062,5686,17207,9678,313,1757,2838,7807,12042,15582,7798,312,168,158,1755,622,25,24,61064,11969,20371,4649,887,3014,661,38115,8523,977,5568,61063,9509,25063,23,167,1222,11214],"class_list":{"0":"post-234781","1":"post","2":"type-post","3":"status-publish","4":"format-standard","5":"has-post-thumbnail","7":"category-ciclismo","8":"tag-a","9":"tag-africa","10":"tag-amani","11":"tag-ambicioso","12":"tag-anunciado","13":"tag-aspira","14":"tag-ciclismo","15":"tag-ciclista","16":"tag-ciclistas","17":"tag-claro","18":"tag-competir","19":"tag-continental","20":"tag-creacion","21":"tag-cycling","22":"tag-deportes","23":"tag-el","24":"tag-elite","25":"tag-equipo","26":"tag-es","27":"tag-espana","28":"tag-espec","29":"tag-estara","30":"tag-etiopia","31":"tag-femenino","32":"tag-jueves","33":"tag-naciones","34":"tag-objetivo","35":"tag-oriental","36":"tag-paises","37":"tag-primer","38":"tag-proyecto","39":"tag-registrado","40":"tag-reunira","41":"tag-ruanda","42":"tag-spain","43":"tag-sports","44":"tag-team","45":"tag-uci"},"share_on_mastodon":{"url":"https:\/\/pubeurope.com\/@es\/115545735967688040","error":""},"_links":{"self":[{"href":"https:\/\/www.europesays.com\/es\/wp-json\/wp\/v2\/posts\/234781","targetHints":{"allow":["GET"]}}],"collection":[{"href":"https:\/\/www.europesays.com\/es\/wp-json\/wp\/v2\/posts"}],"about":[{"href":"https:\/\/www.europesays.com\/es\/wp-json\/wp\/v2\/types\/post"}],"author":[{"embeddable":true,"href":"https:\/\/www.europesays.com\/es\/wp-json\/wp\/v2\/users\/2"}],"replies":[{"embeddable":true,"href":"https:\/\/www.europesays.com\/es\/wp-json\/wp\/v2\/comments?post=234781"}],"version-history":[{"count":0,"href":"https:\/\/www.europesays.com\/es\/wp-json\/wp\/v2\/posts\/234781\/revisions"}],"wp:featuredmedia":[{"embeddable":true,"href":"https:\/\/www.europesays.com\/es\/wp-json\/wp\/v2\/media\/234782"}],"wp:attachment":[{"href":"https:\/\/www.europesays.com\/es\/wp-json\/wp\/v2\/media?parent=234781"}],"wp:term":[{"taxonomy":"category","embeddable":true,"href":"https:\/\/www.europesays.com\/es\/wp-json\/wp\/v2\/categories?post=234781"},{"taxonomy":"post_tag","embeddable":true,"href":"https:\/\/www.europesays.com\/es\/wp-json\/wp\/v2\/tags?post=234781"}],"curies":[{"name":"wp","href":"https:\/\/api.w.org\/{rel}","templated":true}]}}