{"id":234803,"date":"2025-11-14T02:53:09","date_gmt":"2025-11-14T02:53:09","guid":{"rendered":"https:\/\/www.europesays.com\/es\/234803\/"},"modified":"2025-11-14T02:53:09","modified_gmt":"2025-11-14T02:53:09","slug":"estados-unidos-escala-sus-ataques-contra-el-narcoterrorismo-en-america-latina-con-el-anuncio-de-la-operacion-lanza-del-sur-internacional","status":"publish","type":"post","link":"https:\/\/www.europesays.com\/es\/234803\/","title":{"rendered":"Estados Unidos escala sus ataques contra el \u201cnarcoterrorismo\u201d en Am\u00e9rica Latina con el anuncio de la Operaci\u00f3n Lanza del Sur | Internacional"},"content":{"rendered":"<p class=\"\">El secretario de Defensa, Pete Hegseth, ha anunciado este jueves el comienzo de una operaci\u00f3n militar estadounidense para \u201cexpulsar a los narcoterroristas\u201d del Hemisferio Occidental.<\/p>\n<p class=\"\">En un mensaje en X, la antigua Twitter, el jefe del Pent\u00e1gono explica: \u201cEl presidente Trump nos orden\u00f3 actuar, y el Departamento de Guerra est\u00e1 cumpliendo. Hoy anuncio la Operaci\u00f3n Lanza del Sur\u201d. <\/p>\n<p class=\"\">Hegseth no especifica a qu\u00e9 se refiere exactamente, aunque se deduce que da nombre y formaliza la campa\u00f1a de ataques militares extrajudiciales de las fuerzas de Estados Unidos contra supuestas narcolanchas en el Caribe y el Pac\u00edfico, como parte de las medidas de presi\u00f3n contra el r\u00e9gimen venezolano. <\/p>\n<p class=\"\">\u201cLiderada por la Fuerza de Tarea Conjunta Lanza del Sur y el Comando Sur, esta misi\u00f3n defiende nuestra patria, expulsa a los narcoterroristas de nuestro hemisferio y protege a nuestra patria de las drogas que est\u00e1n matando a nuestra gente. El hemisferio occidental es la vecindad de Estados Unidos, y la protegeremos\u201d, ha asegurado, sin dar m\u00e1s detalles.<\/p>\n<p class=\"\">En enero, el Pent\u00e1gono ya hab\u00eda anunciado la creaci\u00f3n de la fuerza de tarea conjunta Lanza del Sur, para el despliegue de \u201cembarcaciones de superficie y drones\u201d para, entre otros cometidos, \u201cllevar a cabo operaciones antinarc\u00f3ticos\u201d. <\/p>\n<p class=\"\">El anuncio de Hegseth se produce apenas tres d\u00edas despu\u00e9s de la llegada del portaaviones Gerald Ford, el mayor del mundo y el m\u00e1s moderno de la flota estadounidense, a la zona de responsabilidad del Mando Sur de Estados Unidos en Am\u00e9rica Latina y el Caribe. El buque y su grupo de escolta se suma a la flotilla que ya se encuentra desplegada en aguas internacionales en el l\u00edmite de las aguas territoriales de Venezuela. <\/p>\n<p><img decoding=\"auto\" class=\"_re lazyload a_m-h\" height=\"277\"  width=\"414\"  src=\"https:\/\/www.europesays.com\/es\/wp-content\/uploads\/2025\/11\/ODUW7ENH5FNERNSETOW7ZD6WVM.jpg\" loading=\"lazy\"\/>El secretario de Defensa, Pete Hegseth, este jueves.Darron Cummings (AP)<\/p>\n<p class=\"\">Su llegada hab\u00eda precipitado las conjeturas de que Trump podr\u00eda ordenar el comienzo de una nueva fase en la campa\u00f1a militar, y que podr\u00eda incluir ataques directos contra objetivos en territorio de Venezuela.<\/p>\n<p class=\"\">Este jueves, funcionarios del Pent\u00e1gono informaron de un nuevo ataque en el Caribe contra una supuesta narcolancha. Se trata del vig\u00e9simo desde el inicio de la campa\u00f1a de operaciones extrajudiciales en septiembre. En ellas, el Ej\u00e9rcito estadounidense ha asesinado a 80 civiles.<\/p>\n<p class=\"\">El mi\u00e9rcoles, Hegseth y el jefe del Estado Mayor, Dan Caine, hab\u00edan encabezado la sesi\u00f3n de inteligencia semanal que recibe el presidente estadounidense cada mi\u00e9rcoles. En ella hab\u00edan expuesto a Trump las diferentes opciones en la campa\u00f1a militar. <\/p>\n<p class=\"\">El Gobierno de Estados Unidos insiste en que el objetivo de la campa\u00f1a es la lucha contra un narcotr\u00e1fico que mata cada a\u00f1o a decenas de miles de personas en su territorio. Pero numerosos expertos, y el propio presidente de Venezuela, Nicol\u00e1s Maduro, consideran que el verdadero objetivo de la operaci\u00f3n es forzar un cambio de r\u00e9gimen en el pa\u00eds caribe\u00f1o.<\/p>\n<p class=\"\">En declaraciones a la CNN durante una intervenci\u00f3n en la calle, el presidente venezolano hab\u00eda lanzado un mensaje al pueblo estadounidense: \u201cun\u00e1monos por la paz del continente. No m\u00e1s guerras sin fin. No m\u00e1s guerras injustas. No m\u00e1s Libia, no m\u00e1s Afganist\u00e1n\u201d. Preguntado por el periodista si ten\u00eda alg\u00fan mensaje directo que enviarle a Trump, Maduro ha contestado: \u201cs\u00ed, paz\u201d. <\/p>\n<p class=\"\">La pasada madrugada, el secretario de Estado de Estados Unidos, Marco Rubio, descartaba por su parte que su Gobierno vaya a enviar fuerzas militares a M\u00e9xico o emprender \u201cacciones unilaterales\u201d en el marco de la guerra contra el narcotr\u00e1fico.<\/p>\n","protected":false},"excerpt":{"rendered":"El secretario de Defensa, Pete Hegseth, ha anunciado este jueves el comienzo de una operaci\u00f3n militar estadounidense para&hellip;\n","protected":false},"author":2,"featured_media":234804,"comment_status":"","ping_status":"","sticky":false,"template":"","format":"standard","meta":{"footnotes":""},"categories":[42],"tags":[889,17,18,4329,352,629,13,14,11,61,62,63,64,19,20,9,2556,10,15,16,17918,952,12,21,22,2558,65,66,67],"class_list":{"0":"post-234803","1":"post","2":"type-post","3":"status-publish","4":"format-standard","5":"has-post-thumbnail","7":"category-internacional","8":"tag-america","9":"tag-breaking-news","10":"tag-breakingnews","11":"tag-casa-blanca","12":"tag-donald-trump","13":"tag-estados-unidos","14":"tag-featured-news","15":"tag-featurednews","16":"tag-headlines","17":"tag-internacional","18":"tag-international","19":"tag-international-news","20":"tag-internationalnews","21":"tag-latest-news","22":"tag-latestnews","23":"tag-news","24":"tag-norteamerica","25":"tag-noticias","26":"tag-noticias-destacadas","27":"tag-noticiasdestacadas","28":"tag-partido-republicano-ee-uu","29":"tag-politica","30":"tag-titulares","31":"tag-ultimas-noticias","32":"tag-ultimasnoticias","33":"tag-washington-d-c","34":"tag-world","35":"tag-world-news","36":"tag-worldnews"},"share_on_mastodon":{"url":"","error":"Validation failed: Text character limit of 500 exceeded"},"_links":{"self":[{"href":"https:\/\/www.europesays.com\/es\/wp-json\/wp\/v2\/posts\/234803","targetHints":{"allow":["GET"]}}],"collection":[{"href":"https:\/\/www.europesays.com\/es\/wp-json\/wp\/v2\/posts"}],"about":[{"href":"https:\/\/www.europesays.com\/es\/wp-json\/wp\/v2\/types\/post"}],"author":[{"embeddable":true,"href":"https:\/\/www.europesays.com\/es\/wp-json\/wp\/v2\/users\/2"}],"replies":[{"embeddable":true,"href":"https:\/\/www.europesays.com\/es\/wp-json\/wp\/v2\/comments?post=234803"}],"version-history":[{"count":0,"href":"https:\/\/www.europesays.com\/es\/wp-json\/wp\/v2\/posts\/234803\/revisions"}],"wp:featuredmedia":[{"embeddable":true,"href":"https:\/\/www.europesays.com\/es\/wp-json\/wp\/v2\/media\/234804"}],"wp:attachment":[{"href":"https:\/\/www.europesays.com\/es\/wp-json\/wp\/v2\/media?parent=234803"}],"wp:term":[{"taxonomy":"category","embeddable":true,"href":"https:\/\/www.europesays.com\/es\/wp-json\/wp\/v2\/categories?post=234803"},{"taxonomy":"post_tag","embeddable":true,"href":"https:\/\/www.europesays.com\/es\/wp-json\/wp\/v2\/tags?post=234803"}],"curies":[{"name":"wp","href":"https:\/\/api.w.org\/{rel}","templated":true}]}}