{"id":234806,"date":"2025-11-14T02:55:10","date_gmt":"2025-11-14T02:55:10","guid":{"rendered":"https:\/\/www.europesays.com\/es\/234806\/"},"modified":"2025-11-14T02:55:10","modified_gmt":"2025-11-14T02:55:10","slug":"consumo-detecta-listeria-en-el-queso-mezcla-de-estas-cuatro-marcas-distribuido-en-al-menos-cuatro-comunidades","status":"publish","type":"post","link":"https:\/\/www.europesays.com\/es\/234806\/","title":{"rendered":"Consumo detecta listeria en el queso mezcla de estas cuatro marcas distribuido en al menos cuatro comunidades"},"content":{"rendered":"<p class=\"c-paragraph\">La <a href=\"https:\/\/www.20minutos.es\/tags\/temas\/aesan.html\" title=\"AESAN\" rel=\"nofollow noopener\" target=\"_blank\">Agencia Espa\u00f1ola de Seguridad Alimentaria y Nutrici\u00f3n (Aesan)<\/a> ha alertado este jueves de la presencia de listeria monocytogenes en algunos ejemplares de queso mezcla madurado elaborado con leche cruda de oveja y vaca de las <b>marcas Beiardi, Agort, Udabe y Eroski<\/b>, con diferentes lotes y fechas de caducidad, que han sido distribuidos al menos en Pa\u00eds Vasco, Navarra, Castilla-La Mancha y Arag\u00f3n.<\/p>\n<p class=\"c-paragraph\">Entre los <a href=\"https:\/\/www.aesan.gob.es\/AECOSAN\/web\/seguridad_alimentaria\/alertas_alimentarias\/2025_56.htm\" rel=\"nofollow noreferrer noopener\" target=\"_blank\">seis productos afectados,<\/a> notificados por la Comunidad Foral de Navarra a trav\u00e9s del Sistema Coordinado de Intercambio R\u00e1pido de Informaci\u00f3n (Sciri), aparece el queso de mezcla madurado elaborado con leche cruda de\u00a0<b>Beiardi,<\/b> con n\u00famero de lote 2528430, con fecha de caducidad 29\/09\/2026, con un peso de unidad de 500 gramos y refrigerado.<\/p>\n<p class=\"c-paragraph\">Entre los otros productos, aparecen se\u00f1alados el queso de mezcla madurado elaborado con leche cruda tambi\u00e9n de\u00a0<b>Beiardi<\/b>, con n\u00famero de lote 2528410, fecha de caducidad 09\/09\/2026, 10\/09\/2026, 17\/09\/2026 y 22\/09\/2026, de peso de unidad de tres kilogramos y refrigerado; y el queso de mezcla madurado elaborado con leche cruda de Beiardi con n\u00famero de lote 2528410 y fecha de caducidad 16\/09\/2026, con peso de unidad de 200 gramos y refrigerado.<\/p>\n<p class=\"c-paragraph\">Tambi\u00e9n se ha alertado de la presencia de listeria en el queso de mezcla madurado elaborado con leche cruda de la marca <b>La Borda de Agort<\/b>, con n\u00famero de lote 2528410, fecha de caducidad 12\/09\/2026 y un peso de unidad de 3 kilogramos y refrigerado; en el queso mezcla elaborado con leche cruda ahumado de la marca <b>Udabe,<\/b> con n\u00famero de lote 2528410, fecha de caducidad 22\/10\/2026 y con un peso de unidad de 250 gramos y refrigerado.<\/p>\n<p class=\"c-paragraph\">El \u00faltimo de los productos alertados es el queso mezcla elaborado con leche cruda ahumado de\u00a0<b><a href=\"https:\/\/www.20minutos.es\/tags\/instituciones-empresas\/eroski.html\" title=\"Eroski\" rel=\"nofollow noopener\" target=\"_blank\">Eroski<\/a><\/b>, con n\u00famero de lote 2528410, fecha de caducidad 07\/10\/2026, con un peso de unidad de 250 gramos y refrigerado.<\/p>\n<p class=\"c-paragraph\">Seg\u00fan la informaci\u00f3n disponible transmitida por la Aesan, la distribuci\u00f3n inicial ha sido a <b>las comunidades aut\u00f3nomas de Pa\u00eds Vasco, Navarra, Castilla-La Mancha y Arag\u00f3n<\/b>, si bien no se descarta que puedan existir redistribuciones a otras comunidades aut\u00f3nomas.<\/p>\n<p class=\"c-paragraph\">Esta informaci\u00f3n ha sido trasladada a las autoridades competentes de las comunidades aut\u00f3nomas a trav\u00e9s del Sciri, con el objeto de que se verifique la retirada de los productos afectados de los canales de comercializaci\u00f3n.<\/p>\n<p>Recomendaciones<\/p>\n<p class=\"c-paragraph\">La Aesan ha recomendado a las personas que tengan en su domicilio productos afectados por esta alerta que <b>se abstengan de consumirlos<\/b>, y que en el caso de haberlo hecho ya con alguno de los productos de los lotes afectados y presentar sintomatolog\u00eda compatible con la listeriosis (v\u00f3mitos, diarrea o fiebre), se recomienda acudir a un centro de salud.<\/p>\n<p class=\"c-paragraph\">En el caso de estar embarazada, conviene consultar las recomendaciones de consumo durante el embarazo realizadas por la Agencia relativas a pr\u00e1cticas de higiene alimentaria importantes para las mujeres gestantes, as\u00ed como una relaci\u00f3n de los <b>alimentos que se deben evitar durante el embarazo<\/b> por estar asociados a determinados peligros biol\u00f3gicos (entre los que destaca listeria monocytogenes).<\/p>\n","protected":false},"excerpt":{"rendered":"La Agencia Espa\u00f1ola de Seguridad Alimentaria y Nutrici\u00f3n (Aesan) ha alertado este jueves de la presencia de listeria&hellip;\n","protected":false},"author":2,"featured_media":234807,"comment_status":"","ping_status":"","sticky":false,"template":"","format":"standard","meta":{"footnotes":""},"categories":[5],"tags":[61073,3830,12012,61072,17,18,3213,3319,25,24,13,14,11,19,20,59287,9,10,15,16,13502,23,12,61074,21,22],"class_list":{"0":"post-234806","1":"post","2":"type-post","3":"status-publish","4":"format-standard","5":"has-post-thumbnail","7":"category-titulares","8":"tag-agort","9":"tag-alerta","10":"tag-alimentaria","11":"tag-beiardi","12":"tag-breaking-news","13":"tag-breakingnews","14":"tag-consumo","15":"tag-detecta","16":"tag-es","17":"tag-espana","18":"tag-featured-news","19":"tag-featurednews","20":"tag-headlines","21":"tag-latest-news","22":"tag-latestnews","23":"tag-listeria","24":"tag-news","25":"tag-noticias","26":"tag-noticias-destacadas","27":"tag-noticiasdestacadas","28":"tag-queso","29":"tag-spain","30":"tag-titulares","31":"tag-udabe-eroski","32":"tag-ultimas-noticias","33":"tag-ultimasnoticias"},"share_on_mastodon":{"url":"https:\/\/pubeurope.com\/@es\/115545802200857279","error":""},"_links":{"self":[{"href":"https:\/\/www.europesays.com\/es\/wp-json\/wp\/v2\/posts\/234806","targetHints":{"allow":["GET"]}}],"collection":[{"href":"https:\/\/www.europesays.com\/es\/wp-json\/wp\/v2\/posts"}],"about":[{"href":"https:\/\/www.europesays.com\/es\/wp-json\/wp\/v2\/types\/post"}],"author":[{"embeddable":true,"href":"https:\/\/www.europesays.com\/es\/wp-json\/wp\/v2\/users\/2"}],"replies":[{"embeddable":true,"href":"https:\/\/www.europesays.com\/es\/wp-json\/wp\/v2\/comments?post=234806"}],"version-history":[{"count":0,"href":"https:\/\/www.europesays.com\/es\/wp-json\/wp\/v2\/posts\/234806\/revisions"}],"wp:featuredmedia":[{"embeddable":true,"href":"https:\/\/www.europesays.com\/es\/wp-json\/wp\/v2\/media\/234807"}],"wp:attachment":[{"href":"https:\/\/www.europesays.com\/es\/wp-json\/wp\/v2\/media?parent=234806"}],"wp:term":[{"taxonomy":"category","embeddable":true,"href":"https:\/\/www.europesays.com\/es\/wp-json\/wp\/v2\/categories?post=234806"},{"taxonomy":"post_tag","embeddable":true,"href":"https:\/\/www.europesays.com\/es\/wp-json\/wp\/v2\/tags?post=234806"}],"curies":[{"name":"wp","href":"https:\/\/api.w.org\/{rel}","templated":true}]}}