{"id":234810,"date":"2025-11-14T03:01:37","date_gmt":"2025-11-14T03:01:37","guid":{"rendered":"https:\/\/www.europesays.com\/es\/234810\/"},"modified":"2025-11-14T03:01:37","modified_gmt":"2025-11-14T03:01:37","slug":"el-club-ciclista-san-miguel-hace-balance-de-un-ano-sobresaliente","status":"publish","type":"post","link":"https:\/\/www.europesays.com\/es\/234810\/","title":{"rendered":"El Club Ciclista San Miguel hace balance de un a\u00f1o \u00absobresaliente\u00bb"},"content":{"rendered":"<p style=\"text-align: justify;\">El Club Ciclista San Miguel celebr\u00f3 su asamblea general anual, en la que su directiva desgran\u00f3 sus actividades del \u00faltimo a\u00f1o, que calific\u00f3 de \u00absobresaliente\u00bb en cuanto a cantidad y calidad de ciclismo en Cu\u00e9llar, y anunci\u00f3 las pr\u00f3ximas novedades.<\/p>\n<p style=\"text-align: justify;\">Jorge Magdaleno, presidente del club, repas\u00f3 los eventos en los que la sociedad ha participado en el \u00faltimo a\u00f1o. Destac\u00f3 los tres que han organizado este 2025: La Chuleta, Colenda y Gran Fondo.<\/p>\n<p style=\"text-align: justify;\">Sobre la <strong>cronoescalada Subida<\/strong> al Castillo, previa a la Cl\u00e1sica de la Chuleta, Magdaleno record\u00f3 el <a href=\"https:\/\/escuellar.es\/francisco-garcia-rus-se-subio-a-lo-alto-de-la-cronoescalada-subida-al-castillo\/\" target=\"_blank\" rel=\"noopener nofollow\">r\u00e9cord conseguido por Francisco Garc\u00eda Rus<\/a>. Y de la <strong>Cl\u00e1sica<\/strong>, que los dos primeros clasificados han pasado este a\u00f1o a ser ciclistas profesionales. De estas dos \u00abjornadas incre\u00edbles\u00bb subray\u00f3 el <strong>comportamiento \u00abejemplar\u00bb<\/strong> del p\u00fablico en el pinar pese a <a href=\"https:\/\/escuellar.es\/medio-ambiente-limita-a-los-margenes-de-la-carretera-y-los-cortafuegos-el-encendido-de-hogueras-el-dia-de-la-chuleta\/\" target=\"_blank\" rel=\"noopener nofollow\">la normativa impuesta por Medio Ambiente <\/a>que restring\u00eda considerablemente el espacio en el que encender hogueras.<\/p>\n<p style=\"text-align: justify;\">El presidente subray\u00f3 especialmente la <a href=\"https:\/\/escuellar.es\/la-paraguaya-agua-marina-espinola-fue-la-ganadora-de-la-i-clasica-femenina-colenda\/\" target=\"_blank\" rel=\"noopener nofollow\"><strong>I Cl\u00e1sica Femenina Colenda<\/strong><\/a>, que calific\u00f3 de hito hist\u00f3rico. \u00abSin duda ha sido el evento, desde que soy parte de la directiva, <strong>del que m\u00e1s orgulloso me siento<\/strong>. No por ser de la directiva, sino como ciudadano\u00bb. Y mostr\u00f3 su deseo de que no sea noticia que se celebren eventos femeninos por el hecho de serlo sino por la calidad de las ciclistas. En este sentido resalt\u00f3 que la calidad de esta primera edici\u00f3n fue alta aunque el n\u00famero de participantes fue inferior al que preve\u00edan. Y agradeci\u00f3 a los vecinos que con su apoyo tanto en Cu\u00e9llar como en Vallelado, San Miguel del Arroyo, Viloria y El Henar, hicieron que fuese un d\u00eda \u00abespectacular\u00bb.<\/p>\n<p style=\"text-align: justify;\">Del <strong>Gran Fondo Villa de Cu\u00e9llar <\/strong>celebrado en agosto destac\u00f3 que se hab\u00eda desarrollado, en n\u00famero de participantes, dentro de los l\u00edmites deseados. El objetivo del club es poder controlar la prueba para que sea \u00abcercana, familiar y que todo el mundo se sienta parte de ella. Es la esencia que queremos para este evento\u00bb. Una prueba que esperan que siga formando parte de la <a href=\"https:\/\/escuellar.es\/el-cc-san-miguel-suma-el-gran-fondo-villa-de-cuellar-a-la-coleccion-cicloturista-del-norte\/\" target=\"_blank\" rel=\"noopener nofollow\">Colecci\u00f3n Ciclotur\u00edsta del Norte,<\/a> como altavoz de Cu\u00e9llar entre los aficionados.<\/p>\n<p style=\"text-align: justify;\">Otras actividad en la que ha colaborado el club han sido en el paso por la villa de la carrera UCI Castilla y Le\u00f3n. Y en el <a href=\"https:\/\/escuellar.es\/mateu-estelrich-conquista-la-tercera-etapa-de-la-vuelta-ciclista-a-castilla-y-leon-sub-23-y-elite-en-cuellar\/\" target=\"_blank\" rel=\"noopener nofollow\">final de etapa de la Vuelta a Castilla y Le\u00f3n Sub-23<\/a>, ambas organizados por el Ayuntamiento.<\/p>\n<p style=\"text-align: justify;\">El club cuenta actualmente con 423 socios actualmente.<\/p>\n<p>\u00a0<\/p>\n<p><strong>Casi \u00abmatr\u00edcula de honor\u00bb<\/strong><\/p>\n<p style=\"text-align: justify;\">\u00abSobresaliente y no matr\u00edcula de honor por la <a href=\"https:\/\/escuellar.es\/el-club-ciclista-san-miguel-suspende-la-i-btt-villa-de-cuellar-memorial-raul-suarez\/\" target=\"_blank\" rel=\"noopener nofollow\">cancelaci\u00f3n de la BTT Villa de Cu\u00e9llar Memorial Ra\u00fal Su\u00e1rez\u00bb<\/a>, afirmo Magdaleno. Un evento en recuerdo del conocido deportista cuellarano y socio del Club, <a href=\"https:\/\/escuellar.es\/el-club-ciclista-san-miguel-mantiene-sus-pruebas-sumando-una-de-feminas-en-mayo-y-una-btt-en-octubre\/\" target=\"_blank\" rel=\"noopener nofollow\">Ra\u00fal Su\u00e1rez<\/a>. y que el club se vio obligado cancelar por problemas burocr\u00e1ticos. Sin embargo, el Club Ciclista San Miguel no ha tirado la toalla y se est\u00e1 planteando opciones para poder organizarlo.<\/p>\n<p style=\"text-align: justify;\">\u00abIba a poner broche y final a, seguramente al mejor a\u00f1o ciclista en Cu\u00e9llar desde que fuimos sede en preol\u00edmpico de los Juegos de M\u00e9xico 68 en ciclismo de carretera\u00bb, a\u00f1adi\u00f3 el presidente.<\/p>\n<p>\u00a0<\/p>\n<p><strong>Novedades<\/strong><\/p>\n<p style=\"text-align: justify;\">Para finalizar, la directiva explic\u00f3 que este balance correspond\u00eda a un a\u00f1o \u00abmuy exigente\u00bb, seg\u00fan Magdaleno. \u00abQuiz\u00e1s demasiado para la poder mantenerlo con la gente que somos\u00bb. As\u00ed, la junta directiva anunci\u00f3 que el pr\u00f3ximo a\u00f1o<strong> reducir\u00e1n sus actividades<\/strong> \u00aba lo que podemos controlar y hacer bien: el fin de semana de La Chuleta y la Gran Fondo\u00bb.<\/p>\n","protected":false},"excerpt":{"rendered":"El Club Ciclista San Miguel celebr\u00f3 su asamblea general anual, en la que su directiva desgran\u00f3 sus actividades&hellip;\n","protected":false},"author":2,"featured_media":234811,"comment_status":"","ping_status":"","sticky":false,"template":"","format":"standard","meta":{"footnotes":""},"categories":[273],"tags":[313,61075,312,634,168,25,24,32630,23,167],"class_list":{"0":"post-234810","1":"post","2":"type-post","3":"status-publish","4":"format-standard","5":"has-post-thumbnail","7":"category-ciclismo","8":"tag-ciclismo","9":"tag-club-ciclista","10":"tag-cycling","11":"tag-deporte","12":"tag-deportes","13":"tag-es","14":"tag-espana","15":"tag-san-miguel","16":"tag-spain","17":"tag-sports"},"share_on_mastodon":{"url":"https:\/\/pubeurope.com\/@es\/115545825782908935","error":""},"_links":{"self":[{"href":"https:\/\/www.europesays.com\/es\/wp-json\/wp\/v2\/posts\/234810","targetHints":{"allow":["GET"]}}],"collection":[{"href":"https:\/\/www.europesays.com\/es\/wp-json\/wp\/v2\/posts"}],"about":[{"href":"https:\/\/www.europesays.com\/es\/wp-json\/wp\/v2\/types\/post"}],"author":[{"embeddable":true,"href":"https:\/\/www.europesays.com\/es\/wp-json\/wp\/v2\/users\/2"}],"replies":[{"embeddable":true,"href":"https:\/\/www.europesays.com\/es\/wp-json\/wp\/v2\/comments?post=234810"}],"version-history":[{"count":0,"href":"https:\/\/www.europesays.com\/es\/wp-json\/wp\/v2\/posts\/234810\/revisions"}],"wp:featuredmedia":[{"embeddable":true,"href":"https:\/\/www.europesays.com\/es\/wp-json\/wp\/v2\/media\/234811"}],"wp:attachment":[{"href":"https:\/\/www.europesays.com\/es\/wp-json\/wp\/v2\/media?parent=234810"}],"wp:term":[{"taxonomy":"category","embeddable":true,"href":"https:\/\/www.europesays.com\/es\/wp-json\/wp\/v2\/categories?post=234810"},{"taxonomy":"post_tag","embeddable":true,"href":"https:\/\/www.europesays.com\/es\/wp-json\/wp\/v2\/tags?post=234810"}],"curies":[{"name":"wp","href":"https:\/\/api.w.org\/{rel}","templated":true}]}}