{"id":234812,"date":"2025-11-14T03:03:13","date_gmt":"2025-11-14T03:03:13","guid":{"rendered":"https:\/\/www.europesays.com\/es\/234812\/"},"modified":"2025-11-14T03:03:13","modified_gmt":"2025-11-14T03:03:13","slug":"mejoria-sin-premio-del-baskonia-en-belgrado-89-83","status":"publish","type":"post","link":"https:\/\/www.europesays.com\/es\/234812\/","title":{"rendered":"Mejor\u00eda sin premio del Baskonia en Belgrado (89-83)"},"content":{"rendered":"<p>\n        El Baskonia se vuelve de vac\u00edo de la en\u00e9sima salida lejos del Buesa Arena. Ni siquiera ante el colista de la <a href=\"https:\/\/www.noticiasdealava.eus\/baskonia\/2025\/10\/16\/baskonia-iguala-peor-arranque-historia-10224920.html\" title=\"Euroliga\" target=\"_blank\" class=\"link copy\" rel=\"nofollow noopener\">Euroliga<\/a>, <strong>el Maccabi m\u00e1s vulnerable que se recuerda<\/strong>, pudo alterar su err\u00e1tico rumbo como visitante en la m\u00e1xima competici\u00f3n continental.\n<\/p>\n<p>            <a href=\"https:\/\/www.noticiasdealava.eus\/baskonia\/2025\/11\/13\/1x1-maccabi-baskonia-kurucs-unica-10347484.html\" title=\"El 1x1 del Maccabi-Baskonia: Kurucs, la \u00fanica luz en defensa\" class=\"new__media\" rel=\"nofollow noopener\" target=\"_blank\"><\/p>\n<p>                <img alt=\"El 1x1 del Maccabi-Baskonia: Kurucs, la \u00fanica luz en defensa\" data-src=\"https:\/\/www.europesays.com\/es\/wp-content\/uploads\/2025\/11\/731392e2-4c15-48e1-9710-ab741a8097bf_16-9-aspect-ratio_default_0.jpg\" class=\"lozad\"\/><\/p>\n<p>        <\/a><\/p>\n<p>        <a href=\"https:\/\/www.noticiasdealava.eus\/baskonia\/2025\/11\/13\/1x1-maccabi-baskonia-kurucs-unica-10347484.html\" title=\"El 1x1 del Maccabi-Baskonia: Kurucs, la \u00fanica luz en defensa\" class=\"new__headline\" rel=\"nofollow noopener\" target=\"_blank\"><br \/>\n            El 1&#215;1 del Maccabi-Baskonia: Kurucs, la \u00fanica luz en defensa<br \/>\n        <\/a><\/p>\n<p class=\"article-body__text \">\n        Entre el sibilino criterio arbitral que barri\u00f3 para casa en todas las decisiones controvertidas y se ceb\u00f3 con los interiores de Galbiati, <strong>la inconsistencia habitual en labores defensivas y el lastimoso cierre del rebote <\/strong>que brind\u00f3 muchas segundas opciones de tiro a los macabeos, qued\u00f3 concretada una nueva decepci\u00f3n en Belgrado.\n<\/p>\n<p class=\"article-body__text \">\n        La notable mejor\u00eda tras el descanso<strong>, con Kurucs prendiendo la mecha de la reacci\u00f3n gracias a su destajista esfuerzo,<\/strong> no fue suficiente para que el Baskonia terminara remontando un partido dominado siempre por el Maccabi. El equipo vitoriano amag\u00f3 pero no golpe\u00f3 a un anfitri\u00f3n israel\u00ed que dio claros s\u00edntomas de vulnerabilidad.\n<\/p>\n<p>            <a href=\"https:\/\/www.noticiasdealava.eus\/baskonia\/2025\/11\/13\/sangrante-debilidad-interior-10347497.html\" title=\"Una sangrante debilidad interior\" class=\"new__media\" rel=\"nofollow noopener\" target=\"_blank\"><\/p>\n<p>                <img alt=\"Una sangrante debilidad interior\" data-src=\"https:\/\/www.europesays.com\/es\/wp-content\/uploads\/2025\/11\/3ffecfe7-505a-4580-8ec9-8d349ab4c8b6_16-9-aspect-ratio_default_0.jpg\" class=\"lozad\"\/><\/p>\n<p>        <\/a><\/p>\n<p>        <a href=\"https:\/\/www.noticiasdealava.eus\/baskonia\/2025\/11\/13\/sangrante-debilidad-interior-10347497.html\" title=\"Una sangrante debilidad interior\" class=\"new__headline\" rel=\"nofollow noopener\" target=\"_blank\"><br \/>\n            Una sangrante debilidad interior<br \/>\n        <\/a><\/p>\n<p class=\"article-body__text \">\n        La mala selecci\u00f3n de tiro y el escaso acierto exterior en los compases finales, donde <strong>Galbiati prescindi\u00f3 de Howard debido a los dem\u00e9ritos del norteamericano<\/strong>, constituyeron la puntilla para un Baskonia voluntarioso y con evidentes carencias que las altas esferas no terminar de corregir en los despachos. Por si exist\u00eda alguna duda, <strong>la visita al Maccabi ech\u00f3 m\u00e1s le\u00f1a al fuego respecto a la imperiosa necesidad de incorporar un p\u00edvot<\/strong>.\n<\/p>\n<p class=\"article-body__text \">\n        Desde el inicio, <strong>el Baskonia volvi\u00f3 a adoptar el papel de perseguidor en una nueva jornada continental<\/strong>. Ante un rival escaso de confianza y repleto de dudas en la presente temporada como el alica\u00eddo Maccabi tampoco se sinti\u00f3 c\u00f3moda la escuadra vitoriana, que volvi\u00f3 a ofrecer los argumentos baloncest\u00edsticos justos para romper su sequ\u00eda a nivel continental lejos del Buesa Arena.\n<\/p>\n<p class=\"article-photo__footer\">\n            Todas las fotos del Maccabi &#8211; Baskonia            Efe        <\/p>\n<p class=\"article-body__text \">\n        Ni siquiera la excelsa actuaci\u00f3n ofensiva por momentos de Luwawu-Cabarrot y Simmons permiti\u00f3 al Baskonia mandar en el marcador. Gracias a su facilidad para castigar las p\u00e9rdidas vitorianas en transici\u00f3n, anotar en las jugadas de bloqueo y continuaci\u00f3n o sumar con los tiros liberados, <strong>el conjunto israel\u00ed amag\u00f3 con romper el encuentro en numerosas fases<\/strong> sin llegar a lograrlo.\n<\/p>\n<p>  Problemas en el rebote<\/p>\n<p class=\"article-body__text \">\n        Una vez m\u00e1s,<strong> la defensa baskonista consinti\u00f3 innumerables licencias a un anfitri\u00f3n de gatillo f\u00e1cil pero sin el desbordante talento de otros transatl\u00e1nticos continentales<\/strong>. No solo el compulsivo anotador Walker IV o Clark III pasearon su electricidad sino que <strong>los vers\u00e1tiles interiores de Kattash (Hoard, Sorkin y Leaf) tambi\u00e9n camparon a sus anchas<\/strong> gracias a una solvente fuente de alimentaci\u00f3n como Blatt.\n<\/p>\n<blockquote class=\"twitter-tweet\" data-lang=\"es\" wp_automatic_readability=\"2.3369565217391\">\n<p lang=\"en\" dir=\"ltr\">GO GO GO \ud83d\udd25\ud83d\udd25 <a href=\"https:\/\/t.co\/3DlXNfLrq3\" rel=\"nofollow\">pic.twitter.com\/3DlXNfLrq3<\/a><\/p>\n<p>\u2014 Baskonia (@Baskonia) <a href=\"https:\/\/twitter.com\/Baskonia\/status\/1989088051688255671?ref_src=twsrc%5Etfw\" rel=\"nofollow noopener\" target=\"_blank\">13 de noviembre de 2025<\/a><\/p><\/blockquote>\n<p class=\"article-body__text \">\n        En las filas alavesas, la pel\u00edcula de casi siempre en Belgrado. Como contrapunto de su buena producci\u00f3n ofensiva, hubo que lamentar la escasa contundencia y aportaci\u00f3n de los hombres de su pintura <strong>o las recurrentes dificultades de los exteriores de Galbiati para defender el uno contra uno de los vertiginosos exteriores locales<\/strong>.\n<\/p>\n<p class=\"article-body__text \">\n        Los mejores minutos para el Baskonia llegaron en la reanudaci\u00f3n con un parcial de entrada de 1-9 que le hizo revivir en la pelea por la victoria. Aunque tambi\u00e9n se carg\u00f3 de faltas como Diakite y Diop, <strong>un sacrificado Kurucs fue el encargado de inyectar sangre al equipo<\/strong> y liderar un intento de remontada al que contribuyeron igualmente <strong>Diallo con su voracidad en las penetraciones o Tadas con su punter\u00eda en las suspensiones<\/strong>.\n<\/p>\n<p>  Otra mala noche de Howard<\/p>\n<p class=\"article-body__text \">\n        El tormentoso cierre del rebote defensivo de los alaveses fue un salvavidas para que el Maccabi no se viniera abajo. Sin embargo, prueba del crecimiento del Baskonia con el transcurrir de la contienda es que <strong>Diakite lleg\u00f3 incluso a igualar el choque a 66 a falta de un minuto para el final del tercer cuarto<\/strong>.\n<\/p>\n<p class=\"article-photo__footer\">\n            Todas las fotos del Maccabi &#8211; Baskonia            Efe        <\/p>\n<p class=\"article-body__text \">\n        En el momento que se coc\u00eda la suerte del ganador, <strong>el conjunto alav\u00e9s volvi\u00f3 a verse penalizado por las eliminaciones de Diakite y Kurucs o el aciago papel de Howard<\/strong>.\n<\/p>\n<p class=\"article-body__text \">\n        De nuevo reo de sus miedos, el estadounidense ni siquiera toc\u00f3 el aro en alg\u00fan intento triple y el aceler\u00f3n del <a href=\"https:\/\/maccabi.co.il\/\" title=\"Maccabi\" rel=\"nofollow noopener\" target=\"_blank\" class=\"link copy\">Maccabi<\/a> no se hizo esperar hasta un inquietante 81-74 que hizo muy dif\u00edcil la remontada. Luwawu-Cabarrot, el h\u00e9roe de muchas jornadas esta temporada, no emboc\u00f3 los \u00faltimos tiros exteriores y <strong>una canasta de Diallo invalidada por los \u00e1rbitros en el <\/strong><strong>Instant Replay<\/strong><strong>\u00a0sepult\u00f3 las \u00faltimas esperanzas en Belgrado<\/strong>.\n<\/p>\n<p>            <script async src=\"https:\/\/platform.twitter.com\/widgets.js\" charset=\"utf-8\"><\/script><\/p>\n","protected":false},"excerpt":{"rendered":"El Baskonia se vuelve de vac\u00edo de la en\u00e9sima salida lejos del Buesa Arena. Ni siquiera ante el&hellip;\n","protected":false},"author":2,"featured_media":234813,"comment_status":"","ping_status":"","sticky":false,"template":"","format":"standard","meta":{"footnotes":""},"categories":[269],"tags":[39460,299,298,4714,14082,168,25,24,31507,843,23,167],"class_list":{"0":"post-234812","1":"post","2":"type-post","3":"status-publish","4":"format-standard","5":"has-post-thumbnail","7":"category-baloncesto","8":"tag-39460","9":"tag-baloncesto","10":"tag-basketball","11":"tag-baskonia","12":"tag-belgrado","13":"tag-deportes","14":"tag-es","15":"tag-espana","16":"tag-mejoria","17":"tag-premio","18":"tag-spain","19":"tag-sports"},"share_on_mastodon":{"url":"https:\/\/pubeurope.com\/@es\/115545833806755718","error":""},"_links":{"self":[{"href":"https:\/\/www.europesays.com\/es\/wp-json\/wp\/v2\/posts\/234812","targetHints":{"allow":["GET"]}}],"collection":[{"href":"https:\/\/www.europesays.com\/es\/wp-json\/wp\/v2\/posts"}],"about":[{"href":"https:\/\/www.europesays.com\/es\/wp-json\/wp\/v2\/types\/post"}],"author":[{"embeddable":true,"href":"https:\/\/www.europesays.com\/es\/wp-json\/wp\/v2\/users\/2"}],"replies":[{"embeddable":true,"href":"https:\/\/www.europesays.com\/es\/wp-json\/wp\/v2\/comments?post=234812"}],"version-history":[{"count":0,"href":"https:\/\/www.europesays.com\/es\/wp-json\/wp\/v2\/posts\/234812\/revisions"}],"wp:featuredmedia":[{"embeddable":true,"href":"https:\/\/www.europesays.com\/es\/wp-json\/wp\/v2\/media\/234813"}],"wp:attachment":[{"href":"https:\/\/www.europesays.com\/es\/wp-json\/wp\/v2\/media?parent=234812"}],"wp:term":[{"taxonomy":"category","embeddable":true,"href":"https:\/\/www.europesays.com\/es\/wp-json\/wp\/v2\/categories?post=234812"},{"taxonomy":"post_tag","embeddable":true,"href":"https:\/\/www.europesays.com\/es\/wp-json\/wp\/v2\/tags?post=234812"}],"curies":[{"name":"wp","href":"https:\/\/api.w.org\/{rel}","templated":true}]}}