{"id":234814,"date":"2025-11-14T03:04:09","date_gmt":"2025-11-14T03:04:09","guid":{"rendered":"https:\/\/www.europesays.com\/es\/234814\/"},"modified":"2025-11-14T03:04:09","modified_gmt":"2025-11-14T03:04:09","slug":"corona-se-marcha-del-valencia-cf","status":"publish","type":"post","link":"https:\/\/www.europesays.com\/es\/234814\/","title":{"rendered":"Corona se marcha del Valencia CF"},"content":{"rendered":"<p class=\"ft-text\"><strong>Miguel \u00c1ngel Corona deja el Valencia CF.<\/strong> As\u00ed lo ha anunciado el club de Mestalla a trav\u00e9s de un corto comunicado esta misma noche. Nacido en Talavera de la Reina, Corona lleg\u00f3 al Valencia como jefe del \u00e1rea de scouting y se mantuvo en la entidad cuando C\u00e9sar S\u00e1nchez dimiti\u00f3 de su cargo en junio de ese mismo 2020. En 2022, Corona fue nombrado director t\u00e9cnico del club y un a\u00f1o despu\u00e9s director deportivo.<\/p>\n<p class=\"ft-text\">Durante todo ese tiempo, Corona fue la principal referencia deportiva del club, algo que cambi\u00f3 el pasado mes de mayo con la llegada a la entidad de<strong> Ron Gourlay<\/strong> que como consejero delegado de f\u00fatbol del <strong>club de Mestalla <\/strong>pas\u00f3 a ser el directivo con m\u00e1s peso, tras el presidente<strong> Kiat Lim<\/strong> y su padre y<strong> m\u00e1ximo accionista Peter Lim<\/strong>.<\/p>\n<p class=\"ft-text\">Los cambios que preparaba el\u00a0<strong>CEO de F\u00fatbol,\u00a0<\/strong>Ron Gourlay\u00a0en la esctructura deportiva desde el cierre del mercado de fichajes ya han comenzado a producirse. La marcha de\u00a0Corona\u00a0es la primera que se ejecuta en esta parcela, por otro lado,\u00a0una figura que estaba muy\u00a0debilitada\u00a0desde la llegada del ejecutivo escoc\u00e9s\u00a0con ning\u00fan tipo de apoyo por parte de la afici\u00f3n valencianista sobre el trabajo del hasta ahora\u00a0<strong>director deportivo del Valencia CF.<\/strong><\/p>\n<p class=\"ft-text\">Seg\u00fan ha avanzado este diario el pasado tres de noviembre,\u00a0Gourlay trabajaba en una reestructuraci\u00f3n del equipo de trabajo deportivo del Valencia CF. Preguntado en rueda de prensa por el pasado 6 de octubre asegur\u00f3:\u00a0\u201cAl cabo de uno, dos meses, empezamos a trabajar en la activaci\u00f3n del programa de contrataci\u00f3n, es un proceso que contin\u00faa y que ata\u00f1e a la Academia VCF, sobre todo, al departamento de rendimiento y tenemos planes para seguir desarrollando talento joven.\u00a0<strong>A\u00fan le quedan un par de meses a este proceso y, en base a ello, decidiremos<\/strong>\u201d.<\/p>\n<p>El comunicado del club<\/p>\n<p class=\"ft-text\">El texto del anuncio del adi\u00f3s de Corona es el siguiente:<\/p>\n<p class=\"ft-text\"><strong>El Valencia CF anuncia la finalizaci\u00f3n de su relaci\u00f3n contractual con Miguel \u00c1ngel Corona.<\/strong><\/p>\n<p class=\"ft-text\"><strong>El Club quiere agradecerle su compromiso durante los \u00faltimos cinco a\u00f1os y le desea \u00e9xito en el futuro.<\/strong><\/p>\n<p>Corona, cinco a\u00f1os con m\u00e1s sombras que luces<\/p>\n<p class=\"ft-text\"><strong>Desde que en 2020<\/strong>, Miguel \u00c1ngel\u00a0<strong>Corona se quedase como m\u00e1ximo responsable de la parcela deportiva del Valencia ha pasado ya un lustro<\/strong>. Cinco a\u00f1os en los que el club no ha vuelto ni se ha acercado a disputar competici\u00f3n europea.\u00a0<strong>Con Corona al frente el club de<\/strong>\u00a0Mestalla\u00a0s<strong>e ha acostumbrado a luchar \u00fanica y exclusivamente por la permanencia.<\/strong><\/p>\n<p class=\"ft-text\">A pesar de ello,\u00a0<strong>\u00a0el club no ha hecho m\u00e1s fue aumentando el estatus del talaverano\u00a0<\/strong>dentro de la entidad,\u00a0<strong>pasando de \u2018secretario t\u00e9cnico\u2019 a \u2018director t\u00e9cnico\u2019 en 2022 para ser nombrado \u2018director deportivo\u2019 en 2023 hasta la llegada de Ron Gourlay.<\/strong><\/p>\n<p class=\"ft-text\"><strong>El recuerdo del aficionado del Valencia CF del trabajo de Corona en el club ser\u00e1 negativo<\/strong>. No se puede decir que no haya acertado en alguna operaci\u00f3n, pero\u00a0varios de los fichajes del talaverano han pasado sin pena ni gloria por el equipo.\u00a0Entre las cesiones, pocas han sido con sentido y no se ha apostado por las que funcionaban.<\/p>\n<p class=\"ft-text\"><strong>Maximiliano Caufriez,\u00a0<\/strong>que lleg\u00f3 fuera de forma y que apenas jug\u00f3 un partido<strong>, Germ\u00e1n Valera o Dani G\u00f3mez\u00a0<\/strong>abandonaron el equipo en enero solo meses despu\u00e9s de su fichaje<strong>. El pago de cinco millones de euros al Olympique de Lyon para quedarte a un Cenk,\u00a0<\/strong>que ha salido dos veces cedido y en el que ning\u00fan t\u00e9cnico conf\u00eda.<strong>\u00a0Otros 7&#8217;5 millones de euros se fueron en Marcos Andr\u00e9<\/strong>, que anot\u00f3 la friolera de\u00a0<strong>cuatro goles en 54 partidos\u00a0<\/strong>con el\u00a0<strong>Valencia CF.\u00a0<\/strong>Y este verano tambi\u00e9n<strong>\u00a0el pago al Mallorca de una cantidad econ\u00f3mica importante\u00a0<\/strong>para el actual Valencia<strong>\u00a0por Jos\u00e9 Copete, que todav\u00eda no ha mostrado su mejor versi\u00f3n.<\/strong><\/p>\n<p class=\"ft-text\">Solo algunas cesiones como\u00a0Kluivert, Samu\u00a0Lino, Enzo Barrenechea o\u00a0Nico Gonz\u00e1lez\u00a0tuvieron cierto \u00e9xito, pero en ning\u00fan caso te quedaste con ellos en propiedad, pese a que s\u00ed que funcionaron en Mestalla.<\/p>\n<p>El Panathinaikos lo tiene en la agenda<\/p>\n<p class=\"ft-text\">El Panathinaikos tiene en agenda a Miguel \u00c1ngel Corona para su direcci\u00f3n deportiva. Tal como informa el peri\u00f3dico griego Gazzetta, Corona est\u00e1 en la lista del club de Atenas para reforzar su c\u00fapula deportiva, tras el fichaje de Rafa Ben\u00edtez y la destituci\u00f3n del que era director deportivo Giannis Papadimitrou.<\/p>\n<p class=\"ft-text\">En Grecia dan como \u201cmuy cercana\u201d la llegada de Corona al Panathinaikos, aunque seg\u00fan ha podido saber AS el inter\u00e9s existe, aunque la negociaci\u00f3n estar\u00eda todav\u00eda en una fase embrionaria. Corona ahora que se ha desvinculado del club de Mestalla podr\u00eda aceptar la propuesta del Panathinaikos, en el supuesto de que sea de su inter\u00e9s.<\/p>\n","protected":false},"excerpt":{"rendered":"Miguel \u00c1ngel Corona deja el Valencia CF. As\u00ed lo ha anunciado el club de Mestalla a trav\u00e9s de&hellip;\n","protected":false},"author":2,"featured_media":234815,"comment_status":"","ping_status":"","sticky":false,"template":"","format":"standard","meta":{"footnotes":""},"categories":[268],"tags":[13103,4182,168,13463,25,24,280,282,3402,23081,26199,281,23,167,235,5419],"class_list":{"0":"post-234814","1":"post","2":"type-post","3":"status-publish","4":"format-standard","5":"has-post-thumbnail","7":"category-futbol","8":"tag-cf","9":"tag-corona","10":"tag-deportes","11":"tag-el-valencia","12":"tag-es","13":"tag-espana","14":"tag-football","15":"tag-futbol","16":"tag-marcha","17":"tag-mestalla","18":"tag-rafa-benitez","19":"tag-soccer","20":"tag-spain","21":"tag-sports","22":"tag-valencia","23":"tag-valencia-cf"},"share_on_mastodon":{"url":"https:\/\/pubeurope.com\/@es\/115545837724002291","error":""},"_links":{"self":[{"href":"https:\/\/www.europesays.com\/es\/wp-json\/wp\/v2\/posts\/234814","targetHints":{"allow":["GET"]}}],"collection":[{"href":"https:\/\/www.europesays.com\/es\/wp-json\/wp\/v2\/posts"}],"about":[{"href":"https:\/\/www.europesays.com\/es\/wp-json\/wp\/v2\/types\/post"}],"author":[{"embeddable":true,"href":"https:\/\/www.europesays.com\/es\/wp-json\/wp\/v2\/users\/2"}],"replies":[{"embeddable":true,"href":"https:\/\/www.europesays.com\/es\/wp-json\/wp\/v2\/comments?post=234814"}],"version-history":[{"count":0,"href":"https:\/\/www.europesays.com\/es\/wp-json\/wp\/v2\/posts\/234814\/revisions"}],"wp:featuredmedia":[{"embeddable":true,"href":"https:\/\/www.europesays.com\/es\/wp-json\/wp\/v2\/media\/234815"}],"wp:attachment":[{"href":"https:\/\/www.europesays.com\/es\/wp-json\/wp\/v2\/media?parent=234814"}],"wp:term":[{"taxonomy":"category","embeddable":true,"href":"https:\/\/www.europesays.com\/es\/wp-json\/wp\/v2\/categories?post=234814"},{"taxonomy":"post_tag","embeddable":true,"href":"https:\/\/www.europesays.com\/es\/wp-json\/wp\/v2\/tags?post=234814"}],"curies":[{"name":"wp","href":"https:\/\/api.w.org\/{rel}","templated":true}]}}