{"id":234842,"date":"2025-11-14T03:31:11","date_gmt":"2025-11-14T03:31:11","guid":{"rendered":"https:\/\/www.europesays.com\/es\/234842\/"},"modified":"2025-11-14T03:31:11","modified_gmt":"2025-11-14T03:31:11","slug":"el-cuco-de-cristal-de-netflix-una-adaptacion-poco-reconocible-que-despista-con-sus-decisiones-de-guion","status":"publish","type":"post","link":"https:\/\/www.europesays.com\/es\/234842\/","title":{"rendered":"&#8216;El cuco de cristal&#8217; de Netflix, una adaptaci\u00f3n poco reconocible que despista con sus decisiones de guion"},"content":{"rendered":"<p class=\"article-text\">\n        Tras la <a href=\"https:\/\/www.eldiario.es\/vertele\/series\/la-chica-de-nieve-arrasa-netflix-serie-vista-nivel-mundial_1_9934398.html\" target=\"_blank\" data-mrf-recirculation=\"links-noticia\" class=\"link\" rel=\"nofollow noopener\">buena aceptaci\u00f3n<\/a> de <strong>La chica de nieve <\/strong>y<strong> <\/strong>su segunda parte<strong> El juego del alma<\/strong>, <strong>Netflix <\/strong>vuelve a pescar en el universo literario de <strong>Javier Castillo<\/strong> con <strong>El cuco de cristal<\/strong>, la nueva miniserie espa\u00f1ola que la plataforma estrena este <strong>viernes 14 de noviembre<\/strong>. Una adaptaci\u00f3n poco reconocible que <strong>despista con su entramado en distintas l\u00edneas temporales<\/strong> y que va de menos a m\u00e1s en su intento por enganchar al espectador.\n    <\/p>\n<p>    <a href=\"https:\/\/www.eldiario.es\/vertele\/series\/semana-lunes-10-domingo-16-noviembre-2025-camino-arcadia-cuco-cristal-estrenos-netflix-amazon-prime-video_1_12746942.html\" data-mrf-recirculation=\"saber-mas\" data-dl-event=\"saber-mas\" rel=\"nofollow noopener\" target=\"_blank\"><\/p>\n<p class=\"know-more__title\">Las 18 series de la semana nos llevan &#8216;Camino a Arcadia&#8217; e intrigan con &#8216;El cuco de cristal&#8217; como principales estrenos<\/p>\n<p>            <img decoding=\"async\" class=\"lazy\" loading=\"lazy\" data-src=\"https:\/\/static.eldiario.es\/clip\/5ef2629e-925f-4c0e-a6ab-b5cd8f199437_16-9-aspect-ratio_default_0.jpg\" src=\"data:image\/svg+xml,%3Csvg xmlns=\" http:=\"\" viewbox=\"0 0 880 495\" alt=\"Las 18 series de la semana nos llevan 'Camino a Arcadia' e intrigan con 'El cuco de cristal' como principales estrenos\"\/><\/p>\n<p>                        <\/a><\/p>\n<p class=\"article-text\">\n        La serie sigue a Clara Melo (<strong>Catalina Sopelana<\/strong>), una m\u00e9dico residente que sufre un infarto fulminante y es sometida a un<strong> trasplante de coraz\u00f3n<\/strong> que le da una segunda importunidad. La intervenci\u00f3n despierta en ella la inquietud de saber <strong>qui\u00e9n fue su donante<\/strong> y conocer su historia, lo que le lleva a indagar en sus or\u00edgenes y descubrir un pasado para el que nadie puede estar preparado.\n    <\/p>\n<p class=\"article-text\">\n        Tal como ocurre en la novela que adapta, esta atractiva l\u00ednea argumental es el punto de partida que a su vez abre la puerta a un universo oscuro. Una trama turbia del pasado conectada con la muerte de <strong>Carlos<\/strong>, su donante, cuya investigaci\u00f3n ayuda a destapar<strong> acontecimientos de a\u00f1os atr\u00e1s que permanec\u00edan enterrados <\/strong>y que dan protagonismo a<strong> \u00c1lex Garc\u00eda e Itziar Itu\u00f1o<\/strong>, dos de los grandes rostros del reparto que completan <strong>Iv\u00e1n Massagu\u00e9,<\/strong>\u00a0<strong>Alfons Nieto<\/strong>\u00a0y\u00a0<strong>Tom\u00e1s del Estal<\/strong>.\n    <\/p>\n<p>            Netflix lanza el primer tr\u00e1iler de &#8216;El cuco de cristal&#8217;, su nueva serie con \u00c1lex Garc\u00eda basada en la novela de Javier Castillo<\/p>\n<p class=\"article-text\">\n        En sus <strong>6 cap\u00edtulos <\/strong>dirigidos por Laura Alvea y\u00a0Juan Miguel del Castillo, a los que ha tenido acceso <a href=\"https:\/\/www.eldiario.es\/vertele\/\" target=\"_blank\" data-mrf-recirculation=\"links-noticia\" class=\"link\" rel=\"nofollow noopener\"><strong>verTele<\/strong><\/a><strong> <\/strong>para elaborar esta cr\u00edtica, la serie intercala la narraci\u00f3n del presente con una segunda historia que parece no tener nada que ver, pero que termina por conectar. Algo que ya sucede en las p\u00e1ginas de la obra de Javier Castillo, pero que <strong>en el audiovisual no fluye con la misma naturalidad <\/strong>que en la literatura.\n    <\/p>\n<p class=\"article-text\">\n        Y es que El cuco de cristal abusa desde su inicio de esa narraci\u00f3n en dos tiempos, alternando secuencias en diferentes temporalidades con sus correspondientes avisos en pantalla hasta saturar y despistar al espectador. En lugar de plantear la historia de una manera m\u00e1s org\u00e1nica para un relato televisivo, se opta por repetir esos <strong>saltos temporales en todos los episodios para acabar perdiendo el foco<\/strong>.<strong> <\/strong>Y no es una exageraci\u00f3n, ya que en su primera entrega realiza<strong> hasta 9 cambios de l\u00ednea temporal <\/strong>en apenas 40 minutos.\n    <\/p>\n<p>    El poder de la marca en las series thriller<\/p>\n<p class=\"article-text\">\n        Que Netflix adapte El cuco de cristal es<strong> una decisi\u00f3n l\u00f3gica<\/strong> en su trayectoria como productora de ficci\u00f3n en Espa\u00f1a. Y es que especialmente cuando se ha tratado de g\u00e9neros como thriller o suspense, la plataforma ha apostado por marcas ya conocidas que puedan atraer la atenci\u00f3n de su p\u00fablico objetivo, ya sea por haberse le\u00eddo las novelas en cuesti\u00f3n o simplemente por la curiosidad de asomarse a ellas en su versi\u00f3n serie tras su \u00e9xito literario.\n    <\/p>\n<p class=\"article-text\">\n        T\u00edtulos como <strong>El desorden que dejas, El inocente, La chica de nieve, La chica de nieve: El juego del alma <\/strong>o<strong> La \u00faltima noche en Tremor<\/strong>, todos ellos de Netflix,<strong> <\/strong>tienen su origen en la literatura. Los cinco ejemplos han sido adaptados de obras de mayor o menor \u00e9xito, encontrando en el audiovisual otro formato para contar sus historias y llegar al p\u00fablico seri\u00e9filo, ampliando as\u00ed su escaparate.\n    <\/p>\n<p class=\"article-text\">\n        Con estas sinergias, el streamer americano se asegura un p\u00fablico y <strong>una expectaci\u00f3n mayor que la que tienen otras series originales<\/strong>. Y aunque es cierto que se arriesga a las comparaciones de los lectores y las posibles cr\u00edticas por las modificaciones que se introducen por su cambio de formato, <strong>Netflix sale ganando<\/strong> porque gran parte de la campa\u00f1a de promoci\u00f3n ya viene de serie.\n    <\/p>\n<p>            <img decoding=\"async\" class=\"lazy\" loading=\"lazy\" data-src=\"https:\/\/static.eldiario.es\/clip\/d6935175-0acc-49b8-9e15-7ed5151df7dc_16-9-aspect-ratio_default_1130296.jpg\" src=\"data:image\/svg+xml,%3Csvg xmlns=\" http:=\"\" viewbox=\"0 0 1186 667\" alt=\"\u00c1lex Garc\u00eda en 'El cuco de cristal'\"\/><\/p>\n<p class=\"article-text\">\n        No obstante, este origen literario no siempre &#8216;ayuda&#8217;. No todas las novelas experimentan un salto natural al audiovisual, porque no todas son f\u00e1cilmente adaptables. Y este es uno de los principales h\u00e1ndicaps de El cuco de cristal, que <strong>sin ser una mala adaptaci\u00f3n de la novela<\/strong> a cargo de Jes\u00fas Mesa y Javier Andr\u00e9s Roig,<strong> no es la mejor de las series thriller <\/strong>que ha hecho la plataforma hasta ahora. Por ser francos, est\u00e1 por debajo de La chica de nieve, que pese a ser tambi\u00e9n una ficci\u00f3n bastante independiente respecto al libro, <a href=\"https:\/\/www.eldiario.es\/vertele\/analisis\/la-chica-de-nieve-netflix-adaptacion-independiza-javier-castillo-serie-solvente_1_9891068.html\" target=\"_blank\" data-mrf-recirculation=\"links-noticia\" class=\"link\" rel=\"nofollow noopener\">fluy\u00f3 mejor<\/a> como versi\u00f3n televisiva.\n    <\/p>\n<p class=\"article-text\">\n        A grandes rasgos, la serie de Netflix respeta la historia de la novela superventas de Javier Castillo. Sin embargo, algunas de las modificaciones introducidas en su versi\u00f3n audiovisual, junto al inevitable cambio de localizaci\u00f3n respecto al libro, la convierte en <strong>una adaptaci\u00f3n poco reconocible<\/strong> para aquellos lectores que se zambulleron en El cuco de cristal cuando se public\u00f3 hace m\u00e1s de dos a\u00f1os.\n    <\/p>\n<p class=\"article-text\">\n        A pesar del buen trabajo de ambientaci\u00f3n de sus responsables en los bosques de Herv\u00e1s, la creaci\u00f3n de<strong> At\u00edpica Producciones<\/strong> -que ya se encarg\u00f3 de La chica de nieve- no consigue crear un clima que favorezca la trama de misterio, y su guion tampoco ayuda. Para alguien que ha consumido esta historia en ambos formatos, su visionado no se disfruta tanto como su lectura.\n    <\/p>\n<p>            <img decoding=\"async\" class=\"lazy\" loading=\"lazy\" data-src=\"https:\/\/static.eldiario.es\/clip\/db346cb6-d112-429b-bd98-08a47620b45b_16-9-discover-aspect-ratio_default_0.jpg\" src=\"data:image\/svg+xml,%3Csvg xmlns=\" http:=\"\" viewbox=\"0 0 1200 675\" alt=\"Catalina Sopelana en 'El cuco de cristal'\"\/><\/p>\n<p>    Va de menos a m\u00e1s, con un giro que afina su desenlace<\/p>\n<p class=\"article-text\">\n        Dejando el libro a un lado, y asom\u00e1ndonos a El cuco de cristal \u00fanicamente como producto audiovisual, podr\u00edamos decir que<strong> se asemeja a <\/strong><strong>La caza: Tramuntana<\/strong>, la segunda temporada de la serie de <strong>RTVE <\/strong>-ahora en Movistar Plus+- que tambi\u00e9n part\u00eda de una novela y que se ambientaba en la sierra de la isla de Mallorca. Y se parece no tanto por su trama, sino <strong>por su tono<\/strong>, ambientaci\u00f3n y por la integraci\u00f3n del folclore local en la historia.\n    <\/p>\n<p class=\"article-text\">\n        En este caso, la ficci\u00f3n de Netflix <strong>plantea la acci\u00f3n de manera temprana<\/strong> y ya en su primer cap\u00edtulo siembra esa semilla en el espectador que le llama a seguir interes\u00e1ndose por la historia. Sin embargo, este tiene que hacer un ejercicio de paciencia hasta el cuarto episodio, donde <strong>un giro sorprendente<\/strong> acelera la resoluci\u00f3n para terminar con un mejor sabor de boca&#8230; a pesar de alguna que otra escena anticlim\u00e1tica en su cierre.\n    <\/p>\n<p class=\"article-text\">\n        Entre los aspectos llamativos de El cuco de cristal encontramos un tema de fondo como la denuncia de la violencia contra las mujeres, algo que ya estaba en La chica de nieve y que vuelve a ponerse de relieve en esta otra historia. Tambi\u00e9n, m\u00e1s all\u00e1 del thriller, la serie <strong>explora una trama rom\u00e1ntica <\/strong>algo &#8216;gratuita&#8217;, pero que siempre aporta ese toque azucarado que desahoga y complementa el tono oscuro de la trama principal.\n    <\/p>\n<p>            <img decoding=\"async\" class=\"lazy\" loading=\"lazy\" data-src=\"https:\/\/static.eldiario.es\/clip\/1a3d4bba-8767-4986-bd7d-2a3258345d2a_16-9-aspect-ratio_default_1130295.jpg\" src=\"data:image\/svg+xml,%3Csvg xmlns=\" http:=\"\" viewbox=\"0 0 1127 634\" alt=\"Catalina Sopelana y Alfons Nieto en 'El cuco de cristal'\"\/><\/p>\n<p class=\"article-text\">\n        En lo positivo, Netflix <strong>acierta con el grueso de su reparto<\/strong>: desde su protagonista <strong>Catalina Sopelana<\/strong>, que est\u00e1 solvente en su segundo gran papel en la plataforma tras El Jardinero, hasta un <strong>Iv\u00e1n Massagu\u00e9<\/strong> que parece &#8216;abonado&#8217; a un tipo de personajes con matices en com\u00fan. Tambi\u00e9n est\u00e1n correctos \u00c1lex Garc\u00eda e Itziar Itu\u00f1o, si bien ponerles a interpretar un matrimonio no parece la mejor de las decisiones del equipo de casting por cuestiones de qu\u00edmica.\n    <\/p>\n<p class=\"article-text\">\n        En definitiva, El cuco de cristal es una serie thriller que no reinventa el g\u00e9nero ni cambia vidas. Pudiendo haber aprovechado mejor el material de la novela, esta ficci\u00f3n acaba entreteniendo un fin de semana tonto de oto\u00f1o, que no deja de ser el <strong>prop\u00f3sito primordial de toda creaci\u00f3n audiovisual<\/strong>.\n    <\/p>\n<p>    <a href=\"https:\/\/www.eldiario.es\/vertele\/series\/rtve-presenta-ena-nueva-serie-prime-time-1-mujer-vino-pais-quiso_1_12762305.html\" data-mrf-recirculation=\"saber-mas-abajo\" data-dl-event=\"saber-mas-abajo\" rel=\"nofollow noopener\" target=\"_blank\"><\/p>\n<p class=\"know-more__title\">RTVE presenta &#8216;Ena&#8217;, nueva serie para el prime time de La 1: \u201cEsta mujer vino a un pa\u00eds que nunca la quiso\u201d\n<\/p>\n<p>            <img decoding=\"async\" class=\"lazy\" loading=\"lazy\" data-src=\"https:\/\/static.eldiario.es\/clip\/051e4c67-8a6e-4bc9-a860-48bc779d189e_16-9-aspect-ratio_default_0.jpg\" src=\"data:image\/svg+xml,%3Csvg xmlns=\" http:=\"\" viewbox=\"0 0 880 495\" alt=\"RTVE presenta 'Ena', nueva serie para el prime time de La 1: &quot;Esta mujer vino a un pa\u00eds que nunca la quiso&quot;\"\/><\/p>\n<p>                        <\/a><\/p>\n<p class=\"article-text\">\n        .\n    <\/p>\n","protected":false},"excerpt":{"rendered":"Tras la buena aceptaci\u00f3n de La chica de nieve y su segunda parte El juego del alma, Netflix&hellip;\n","protected":false},"author":2,"featured_media":234843,"comment_status":"","ping_status":"","sticky":false,"template":"","format":"standard","meta":{"footnotes":""},"categories":[171],"tags":[1644,3101,39100,40452,3008,32635,61077,158,146,147,25,24,24866,5264,152,45131,156,23,214],"class_list":{"0":"post-234842","1":"post","2":"type-post","3":"status-publish","4":"format-standard","5":"has-post-thumbnail","7":"category-tv","8":"tag-adaptacion","9":"tag-castillo","10":"tag-cristal","11":"tag-cuco","12":"tag-de","13":"tag-decisiones","14":"tag-despista","15":"tag-el","16":"tag-entertainment","17":"tag-entretenimiento","18":"tag-es","19":"tag-espana","20":"tag-guion","21":"tag-javier","22":"tag-netflix","23":"tag-reconocible","24":"tag-serie","25":"tag-spain","26":"tag-tv"},"share_on_mastodon":{"url":"https:\/\/pubeurope.com\/@es\/115545943918871698","error":""},"_links":{"self":[{"href":"https:\/\/www.europesays.com\/es\/wp-json\/wp\/v2\/posts\/234842","targetHints":{"allow":["GET"]}}],"collection":[{"href":"https:\/\/www.europesays.com\/es\/wp-json\/wp\/v2\/posts"}],"about":[{"href":"https:\/\/www.europesays.com\/es\/wp-json\/wp\/v2\/types\/post"}],"author":[{"embeddable":true,"href":"https:\/\/www.europesays.com\/es\/wp-json\/wp\/v2\/users\/2"}],"replies":[{"embeddable":true,"href":"https:\/\/www.europesays.com\/es\/wp-json\/wp\/v2\/comments?post=234842"}],"version-history":[{"count":0,"href":"https:\/\/www.europesays.com\/es\/wp-json\/wp\/v2\/posts\/234842\/revisions"}],"wp:featuredmedia":[{"embeddable":true,"href":"https:\/\/www.europesays.com\/es\/wp-json\/wp\/v2\/media\/234843"}],"wp:attachment":[{"href":"https:\/\/www.europesays.com\/es\/wp-json\/wp\/v2\/media?parent=234842"}],"wp:term":[{"taxonomy":"category","embeddable":true,"href":"https:\/\/www.europesays.com\/es\/wp-json\/wp\/v2\/categories?post=234842"},{"taxonomy":"post_tag","embeddable":true,"href":"https:\/\/www.europesays.com\/es\/wp-json\/wp\/v2\/tags?post=234842"}],"curies":[{"name":"wp","href":"https:\/\/api.w.org\/{rel}","templated":true}]}}