{"id":234862,"date":"2025-11-14T03:46:12","date_gmt":"2025-11-14T03:46:12","guid":{"rendered":"https:\/\/www.europesays.com\/es\/234862\/"},"modified":"2025-11-14T03:46:12","modified_gmt":"2025-11-14T03:46:12","slug":"andalucia-da-10-dias-para-que-demuestre-las-miles-de-victimas-del-cribado","status":"publish","type":"post","link":"https:\/\/www.europesays.com\/es\/234862\/","title":{"rendered":"Andaluc\u00eda da 10 d\u00edas para que demuestre las \u00abmiles\u00bb de v\u00edctimas del cribado"},"content":{"rendered":"<p>La <strong>Junta de Andaluc\u00eda<\/strong> ha enviado un requerimiento oficial a la <strong>Asociaci\u00f3n <a href=\"https:\/\/www.google.com\/url?esrc=s&amp;q=&amp;rct=j&amp;sa=U&amp;url=https:\/\/okdiario.com\/andalucia\/amama-solo-demostrado-25-4-000-presuntas-victimas-del-cribado-que-dice-haber-andalucia-15739410&amp;ved=2ahUKEwjrqeD3rO-QAxXT0wIHHcBqFdQQxfQBegQIBhAC&amp;usg=AOvVaw2FmBaPDdi8-PD7iupBlDRE\" rel=\"nofollow noopener\" target=\"_blank\">AMAMA<\/a><\/strong>, m\u00e1s que af\u00edn al <strong><a href=\"https:\/\/www.google.com\/url?esrc=s&amp;q=&amp;rct=j&amp;sa=U&amp;url=https:\/\/okdiario.com\/andalucia\/psoe-pide-apoyo-manifestacion-contra-moreno-promovida-amama-asociacion-afin-subvencionada-15639506&amp;ved=2ahUKEwjrqeD3rO-QAxXT0wIHHcBqFdQQxfQBegQIChAC&amp;usg=AOvVaw2ErcTnKBawdlzO8iwsZLP-\" rel=\"nofollow noopener\" target=\"_blank\">PSOE<\/a><\/strong>, para que aclare, en un plazo m\u00e1ximo de diez d\u00edas h\u00e1biles, las <strong>graves <a href=\"https:\/\/www.google.com\/url?esrc=s&amp;q=&amp;rct=j&amp;sa=U&amp;url=https:\/\/okdiario.com\/andalucia\/brutal-humillacion-moreno-iu-pce-pero-si-vais-celebrar-acto-patrocinado-asisa-15754298&amp;ved=2ahUKEwjrqeD3rO-QAxXT0wIHHcBqFdQQxfQBegQIBRAC&amp;usg=AOvVaw0b4YKhIZfB0uBgtTzuMArL\" rel=\"nofollow noopener\" target=\"_blank\">acusaciones<\/a><\/strong> vertidas en medios sobre supuestos <strong>fallos<\/strong> en el programa de detecci\u00f3n precoz del c\u00e1ncer de mama. En dicho requerimiento, al que ha tenido acceso <strong>OKDIARIO Andaluc\u00eda<\/strong>, la Consejer\u00eda de Salud exige que la entidad aporte <strong>documentaci\u00f3n<\/strong>, <strong>testimonios<\/strong> o cualquier otra <strong>prueba<\/strong> que respalde sus afirmaciones.<\/p>\n<p>El documento, firmado por la<strong> directora gerente del Servicio Andaluz de Salud, Valle Garc\u00eda S\u00e1nchez<\/strong>, hace referencia a manifestaciones p\u00fablicas realizadas por <strong>AMAMA<\/strong> en los dos \u00faltimos meses, en las que se hablaba de un n\u00famero elevado de mujeres supuestamente no informadas y afectadas por retrasos en la realizaci\u00f3n de pruebas diagn\u00f3sticas, en una magnitud \u00abmuy superior a la comunicada oficialmente\u00bb por la administraci\u00f3n.<\/p>\n<p>Desde la Junta se recuerda que <strong>AMAMA<\/strong> forma parte de la <strong>Comisi\u00f3n de Participaci\u00f3n y Seguimiento del Programa de Cribado de C\u00e1ncer de Mama<\/strong>, en cuyo marco se les ha trasladado \u00abinformaci\u00f3n completa, precisa y contrastada\u00bb sobre los casos detectados oficialmente. Aun as\u00ed, las cifras difundidas por la asociaci\u00f3n \u00ab<strong>no se corresponden con los datos verificados<\/strong> en los registros cl\u00ednicos oficiales\u00bb, lo que ha generado, seg\u00fan el texto, \u00abuna <strong>discrepancia<\/strong> que, por su impacto sanitario y social, exige una <strong>aclaraci\u00f3n<\/strong> inmediata y documentada\u00bb.<\/p>\n<p>El <strong>requerimiento<\/strong> se ampara en diversas normativas de salud p\u00fablica que obligan a las entidades colaboradoras a facilitar informaci\u00f3n veraz y a cooperar con la administraci\u00f3n sanitaria. El objetivo, seg\u00fan el SAS, es \u00abgarantizar la revisi\u00f3n exhaustiva de cualquier posible caso no detectado por los circuitos oficiales\u00bb, asegurar el cumplimiento de los protocolos y evitar \u00abla generaci\u00f3n de alarma social\u00bb.<\/p>\n<p>La Junta ha garantizado que toda la informaci\u00f3n que <strong>AMAMA<\/strong> remita ser\u00e1 tratada con <strong>absoluta confidencialidad<\/strong> y se utilizar\u00e1 exclusivamente para investigaci\u00f3n administrativa, an\u00e1lisis t\u00e9cnico-sanitario y mejora de la calidad asistencial.<\/p>\n","protected":false},"excerpt":{"rendered":"La Junta de Andaluc\u00eda ha enviado un requerimiento oficial a la Asociaci\u00f3n AMAMA, m\u00e1s que af\u00edn al PSOE,&hellip;\n","protected":false},"author":2,"featured_media":234863,"comment_status":"","ping_status":"","sticky":false,"template":"","format":"standard","meta":{"footnotes":""},"categories":[274],"tags":[168,25,24,23,167,327,326],"class_list":{"0":"post-234862","1":"post","2":"type-post","3":"status-publish","4":"format-standard","5":"has-post-thumbnail","7":"category-tenis","8":"tag-deportes","9":"tag-es","10":"tag-espana","11":"tag-spain","12":"tag-sports","13":"tag-tenis","14":"tag-tennis"},"share_on_mastodon":{"url":"https:\/\/pubeurope.com\/@es\/115546002744730129","error":""},"_links":{"self":[{"href":"https:\/\/www.europesays.com\/es\/wp-json\/wp\/v2\/posts\/234862","targetHints":{"allow":["GET"]}}],"collection":[{"href":"https:\/\/www.europesays.com\/es\/wp-json\/wp\/v2\/posts"}],"about":[{"href":"https:\/\/www.europesays.com\/es\/wp-json\/wp\/v2\/types\/post"}],"author":[{"embeddable":true,"href":"https:\/\/www.europesays.com\/es\/wp-json\/wp\/v2\/users\/2"}],"replies":[{"embeddable":true,"href":"https:\/\/www.europesays.com\/es\/wp-json\/wp\/v2\/comments?post=234862"}],"version-history":[{"count":0,"href":"https:\/\/www.europesays.com\/es\/wp-json\/wp\/v2\/posts\/234862\/revisions"}],"wp:featuredmedia":[{"embeddable":true,"href":"https:\/\/www.europesays.com\/es\/wp-json\/wp\/v2\/media\/234863"}],"wp:attachment":[{"href":"https:\/\/www.europesays.com\/es\/wp-json\/wp\/v2\/media?parent=234862"}],"wp:term":[{"taxonomy":"category","embeddable":true,"href":"https:\/\/www.europesays.com\/es\/wp-json\/wp\/v2\/categories?post=234862"},{"taxonomy":"post_tag","embeddable":true,"href":"https:\/\/www.europesays.com\/es\/wp-json\/wp\/v2\/tags?post=234862"}],"curies":[{"name":"wp","href":"https:\/\/api.w.org\/{rel}","templated":true}]}}