{"id":234870,"date":"2025-11-14T03:54:17","date_gmt":"2025-11-14T03:54:17","guid":{"rendered":"https:\/\/www.europesays.com\/es\/234870\/"},"modified":"2025-11-14T03:54:17","modified_gmt":"2025-11-14T03:54:17","slug":"ayuso-dice-que-la-television-publica-tiene-un-estilo-chavista-y-sarah-santaolalla-responde-tajante","status":"publish","type":"post","link":"https:\/\/www.europesays.com\/es\/234870\/","title":{"rendered":"Ayuso dice que la televisi\u00f3n p\u00fablica tiene un &#8216;estilo chavista&#8217; y Sarah Santaolalla responde tajante"},"content":{"rendered":"<p>Sarah Santaolalla ha sido tajante detr\u00e1s de las cada vez m\u00e1s crecientes cr\u00edticas por parte de algunos pol\u00edticos hacia la cadena p\u00fablica, como el ocurrido el pasado mes de junio por parte de la presidenta madrile\u00f1a. Y es que, seg\u00fan ha dejado caer la comunicadora, estas denuncias llegan justo en el mejor momento de audiencias de la cadena, <b>mientras que a\u00f1os atr\u00e1s, cuando hab\u00eda peores cifras, no parec\u00eda haber tanto debate.<\/b><\/p>\n<p><b>\u00abHay periodistas de raza en RTVE que est\u00e1n espantados por la utilizaci\u00f3n del ente p\u00fablico<\/b>, al m\u00e1s puro estilo chavista. Tienen que aguantar que productoras externas, por supuesto privadas, porque no hay nada que m\u00e1s le guste a S\u00e1nchez que el bussiness y la empresa de canap\u00e9. Cuantos est\u00e1n en RTVE haciendo negocio mientras hunden la calidad y las audiencias. Siento verg\u00fcenza como periodista por lo que est\u00e1n haciendo el en RTVE\u00bb, afirm\u00f3 entonces Ayuso.\u00a0<\/p>\n<p>La colaboradora Sarah Santaolalla, fiel a su estilo, ha querido responder a las cr\u00edticas, se\u00f1alando<b> qu\u00e9 es lo que molesta realmente de la cadena p\u00fablica.<\/b> \u00abNo molesta TVE porque s\u00ed, porque TVE en siete a\u00f1os no ha molestado tanto, molesta lo que hay ahora en TVE, que es: l\u00edderes por la ma\u00f1ana, l\u00edderes por la tarde y l\u00edderes por la noche\u00bb, ha se\u00f1alado r\u00e1pidamente la tertuliana, quien cree que el motivo detr\u00e1s del repunte de odio no es otro que los \u00e9xitos en audiencias.<\/p>\n<p><b>No es la primera vez de estos ataques a la p\u00fablica por parte de la derecha y ultraderecha<\/b>. Tambi\u00e9n el pasado junio Santiago Abascal carg\u00f3 contra el programa\u00a0Malas Lenguas. \u00abCuando nosotros gobernemos no habr\u00e1 malas lenguas, ni en la televisi\u00f3n espa\u00f1ola, ni en el gobierno, ni en la pol\u00edtica, ni en las escuelas\u00bb, asegur\u00f3 el l\u00edder de Vox en aquel momento, gan\u00e1ndose la respuesta de Cintora.<\/p>\n<p>\u00abNo se compadece decir &#8216;haremos que toda la prensa pueda ser libre&#8217; al mismo tiempo que est\u00e1n diciendo &#8216;cerraremos Malas lenguas&#8217; y &#8216;no sabemos si entraremos en RTVE con lanzallamas o motosierra\u00bb, respondi\u00f3 el presentador en aquel momento. <b>\u00abQue no presuma de que har\u00e1 que la prensa libre cuando est\u00e1 diciendo lo que quiere hacer\u00bb,<\/b> agreg\u00f3 finalmente.<\/p>\n","protected":false},"excerpt":{"rendered":"Sarah Santaolalla ha sido tajante detr\u00e1s de las cada vez m\u00e1s crecientes cr\u00edticas por parte de algunos pol\u00edticos&hellip;\n","protected":false},"author":2,"featured_media":234871,"comment_status":"","ping_status":"","sticky":false,"template":"","format":"standard","meta":{"footnotes":""},"categories":[171],"tags":[146,147,25,24,3515,31836,23,214],"class_list":{"0":"post-234870","1":"post","2":"type-post","3":"status-publish","4":"format-standard","5":"has-post-thumbnail","7":"category-tv","8":"tag-entertainment","9":"tag-entretenimiento","10":"tag-es","11":"tag-espana","12":"tag-isabel-diaz-ayuso","13":"tag-sarah-santaolalla","14":"tag-spain","15":"tag-tv"},"share_on_mastodon":{"url":"https:\/\/pubeurope.com\/@es\/115546034305090154","error":""},"_links":{"self":[{"href":"https:\/\/www.europesays.com\/es\/wp-json\/wp\/v2\/posts\/234870","targetHints":{"allow":["GET"]}}],"collection":[{"href":"https:\/\/www.europesays.com\/es\/wp-json\/wp\/v2\/posts"}],"about":[{"href":"https:\/\/www.europesays.com\/es\/wp-json\/wp\/v2\/types\/post"}],"author":[{"embeddable":true,"href":"https:\/\/www.europesays.com\/es\/wp-json\/wp\/v2\/users\/2"}],"replies":[{"embeddable":true,"href":"https:\/\/www.europesays.com\/es\/wp-json\/wp\/v2\/comments?post=234870"}],"version-history":[{"count":0,"href":"https:\/\/www.europesays.com\/es\/wp-json\/wp\/v2\/posts\/234870\/revisions"}],"wp:featuredmedia":[{"embeddable":true,"href":"https:\/\/www.europesays.com\/es\/wp-json\/wp\/v2\/media\/234871"}],"wp:attachment":[{"href":"https:\/\/www.europesays.com\/es\/wp-json\/wp\/v2\/media?parent=234870"}],"wp:term":[{"taxonomy":"category","embeddable":true,"href":"https:\/\/www.europesays.com\/es\/wp-json\/wp\/v2\/categories?post=234870"},{"taxonomy":"post_tag","embeddable":true,"href":"https:\/\/www.europesays.com\/es\/wp-json\/wp\/v2\/tags?post=234870"}],"curies":[{"name":"wp","href":"https:\/\/api.w.org\/{rel}","templated":true}]}}