{"id":234889,"date":"2025-11-14T04:09:12","date_gmt":"2025-11-14T04:09:12","guid":{"rendered":"https:\/\/www.europesays.com\/es\/234889\/"},"modified":"2025-11-14T04:09:12","modified_gmt":"2025-11-14T04:09:12","slug":"las-atp-finals-podrian-salir-de-italia-en-2027-punto-de-break","status":"publish","type":"post","link":"https:\/\/www.europesays.com\/es\/234889\/","title":{"rendered":"Las ATP Finals podr\u00edan salir de Italia en 2027 &#8211; Punto de Break"},"content":{"rendered":"<ol>\n<li><a href=\"https:\/\/news.google.com\/rss\/articles\/CBMiggFBVV95cUxPOEw5TVItRTN6OWkzS0s5VDRCUEF3cE1ueEVCZFhuM2xlMHB3TkdibzJtYnpLc25JLU9nTU1lUU92cmxnZmQ0YnM1UDlLc2hnR1VlUjJJNEl1eTV3aWtES05reG5iYmNBR2p0TWZiazA4YkpKVUhfMzRQdVdtUWNkZTR3?oc=5\" target=\"_blank\" rel=\"nofollow noopener\">Las ATP Finals podr\u00edan salir de Italia en 2027<\/a>&nbsp;&nbsp;Punto de Break<\/li>\n<li><a href=\"https:\/\/news.google.com\/rss\/articles\/CBMijwFBVV95cUxOOURvT0NfWFRacmFSVmpNRW53MENScEcxUjV2RmQzRTh2X2tldGNqN0hIWGZDdkxhMUJwcU9OVHRrQzE3MkFBVEUxTlJ2Uy1EMWgwcUx6WkJzS3FDX0lOR1U3VVROLUJlQXBtTlA4TVFsaklEcVlQb0dVcmZZYTl5aGs5VWRTZmRyWU9MNFd1a9IBowFBVV95cUxQakhxb2ZSVGVGZktrZFNYa2RqdTBGOElWVTNPa2I2bGVOTjE0RUF5MEtPMTU0Y25ueHdocTRrWXFMS1J2bkhVTndtclk1STRUbnN4VmlNdWZyYlloQU5yaHJMLTNTMzd1RTlWbXFBYXFNWlRjVF9sT0F0V2ZVMk4tdlBiLXJBM2txSDh4MDJfSkEwdmhtRVA5S2lWU0pBaWJDOE4w?oc=5\" target=\"_blank\" rel=\"nofollow noopener\">Las ATP Finals contin\u00faan un a\u00f1o m\u00e1s en Tur\u00edn<\/a>&nbsp;&nbsp;Diario AS<\/li>\n<li><a href=\"https:\/\/news.google.com\/rss\/articles\/CBMizwFBVV95cUxPMmM2anNRcTlTbUIyTU1uZHVRcERRT3RjZTdlZ05naHhKWXNJWS1mdmlYWWpER3VjTERmZ0VPSWk3YWFIcC1RZ0xXb2FtZzZyNEVBZzRxQnpfbFJxZ3ZmWjRmUXg0V2Fkb2E4SVkzRjhOX0w5T2RkQ29kVDc2V0F3NzZYdFlLZDhhSmJ0V1BSQThhWklBR2w4NjBjSkFVWlROejkxLU9Tb2FOMVV4MEhyeF9pY25ySkpFOEMyVllMMnk2RGEtMTdvRC00T1dmcHfSAc8BQVVfeXFMTk03VnFEMW5icXZORzJ2emNCNDhMeEY5Q0U1YVEzbzB3dXdqM0FDZzhiekFleTd2VHh5SEJLai1oc3pWWmJueDlWS19nQUJpSklZM0RjOWZwY3pYM3owWDhHSUpPMHBwbWhtbkhqdFZnS0JzaWh5YVZIWTNhbjVTbHlYSm5FSjhKOFFOZzhoWmVIdHp0MGRTWFpST1N4NXpDOXlERk1CVlFNRmNIazFmczVGZlM0YkxMTnFDN2twTTR3cXMyN3dNbGhKTDVtZmFZ?oc=5\" target=\"_blank\" rel=\"nofollow noopener\">Gaudenzi confirma Tur\u00edn y habla de la expansi\u00f3n de los torneos Masters 1000: \u00abEs el producto premium\u00bb<\/a>&nbsp;&nbsp;MARCA<\/li>\n<li><a href=\"https:\/\/news.google.com\/rss\/articles\/CBMijwFBVV95cUxPTUFhSHR0dzBWOEwwUTRibnVEdFUxSXJLejlGR0RLaXdIalk0ZUhOdFZLUWZkcDVaTFZyYTd5enozQjVYa05XbjJ0UVgzdUFHaEhNOC1Md05PSEE2N3YyM0QxeUpwUmMwTy1hQzhDWFdTemJXMFJ5ZFMyNHJ5Wmx3VEs2U1pRQ3QzaXlSNEhUd9IBjwFBVV95cUxQVWhkUTdTaFdVblgwcHM1SEZpNVlVd1R6RFpsYURwNnBicmhWQU8wZVRPTGp4cGgxY003dy1DcTl6Zm4tc1VieS1BUTQ2ckNaUDdKdGIwY3JoMmY4MHZZRlVlbFB2QTdpNGk0MktNN1hBeE05RkFCVU1hZjh4RFJmSFlSRkRMTldpcmpVNlFXdw?oc=5\" target=\"_blank\" rel=\"nofollow noopener\">La ATP plantea la posibilidad de celebrar la Copa Davis cada dos a\u00f1os<\/a>&nbsp;&nbsp;SPORT<\/li>\n<li><a href=\"https:\/\/news.google.com\/rss\/articles\/CBMi_AFBVV95cUxOMFBfOE4zWE4zazZjeEg0N055ZGQxbjJGVVVmRV84eDlYdnF6elpQd0RQOU04M3M5TDM2OUZOMmhLS3JKNmZWY3B2Nk5TRW1ITHp2emFiU2E0OGZ6bTBQZzhEQm0tWmxicGJoSzFnWmVmZXVna1dYQXU3dWRGaWZMalYtNW84ZlVaSTB6WWdKLU1iTjhLNjIyckpUcjRCdV81azZFSmVQUGZ6Y3J2YkZEWUFKN1cwYTktN2N1WVF2dnRpTklRUXBPVEQxVlRMeVJ5Rmx0YTZMZzRWUkZ5ZG5qaUJaQzBzSE9Hc1JsQXBOLTBKejJjYW5fOHljRFA?oc=5\" target=\"_blank\" rel=\"nofollow noopener\">\u00abNuestro objetivo es seguir reduciendo los ATP 250\u00bb: Gaudenzi explic\u00f3 el futuro del calendario del tenis profesional<\/a>&nbsp;&nbsp;ESPN Deportes<\/li>\n<\/ol>\n","protected":false},"excerpt":{"rendered":"Las ATP Finals podr\u00edan salir de Italia en 2027&nbsp;&nbsp;Punto de Break Las ATP Finals contin\u00faan un a\u00f1o m\u00e1s&hellip;\n","protected":false},"author":2,"featured_media":234890,"comment_status":"","ping_status":"","sticky":false,"template":"","format":"standard","meta":{"footnotes":""},"categories":[274],"tags":[168,25,24,23,167,327,326],"class_list":{"0":"post-234889","1":"post","2":"type-post","3":"status-publish","4":"format-standard","5":"has-post-thumbnail","7":"category-tenis","8":"tag-deportes","9":"tag-es","10":"tag-espana","11":"tag-spain","12":"tag-sports","13":"tag-tenis","14":"tag-tennis"},"share_on_mastodon":{"url":"https:\/\/pubeurope.com\/@es\/115546093263063845","error":""},"_links":{"self":[{"href":"https:\/\/www.europesays.com\/es\/wp-json\/wp\/v2\/posts\/234889","targetHints":{"allow":["GET"]}}],"collection":[{"href":"https:\/\/www.europesays.com\/es\/wp-json\/wp\/v2\/posts"}],"about":[{"href":"https:\/\/www.europesays.com\/es\/wp-json\/wp\/v2\/types\/post"}],"author":[{"embeddable":true,"href":"https:\/\/www.europesays.com\/es\/wp-json\/wp\/v2\/users\/2"}],"replies":[{"embeddable":true,"href":"https:\/\/www.europesays.com\/es\/wp-json\/wp\/v2\/comments?post=234889"}],"version-history":[{"count":0,"href":"https:\/\/www.europesays.com\/es\/wp-json\/wp\/v2\/posts\/234889\/revisions"}],"wp:featuredmedia":[{"embeddable":true,"href":"https:\/\/www.europesays.com\/es\/wp-json\/wp\/v2\/media\/234890"}],"wp:attachment":[{"href":"https:\/\/www.europesays.com\/es\/wp-json\/wp\/v2\/media?parent=234889"}],"wp:term":[{"taxonomy":"category","embeddable":true,"href":"https:\/\/www.europesays.com\/es\/wp-json\/wp\/v2\/categories?post=234889"},{"taxonomy":"post_tag","embeddable":true,"href":"https:\/\/www.europesays.com\/es\/wp-json\/wp\/v2\/tags?post=234889"}],"curies":[{"name":"wp","href":"https:\/\/api.w.org\/{rel}","templated":true}]}}