{"id":234914,"date":"2025-11-14T04:32:12","date_gmt":"2025-11-14T04:32:12","guid":{"rendered":"https:\/\/www.europesays.com\/es\/234914\/"},"modified":"2025-11-14T04:32:12","modified_gmt":"2025-11-14T04:32:12","slug":"grupos-clasificacion-y-posibles-cruces-en-semifinales","status":"publish","type":"post","link":"https:\/\/www.europesays.com\/es\/234914\/","title":{"rendered":"grupos, clasificaci\u00f3n y posibles cruces en semifinales"},"content":{"rendered":"<p class=\"ft-text\"><strong>Las ATP Finals 2025 comienzan a avanzar hacia su fase final<\/strong>. Con la tercera jornada de la &#8216;Round Robin&#8217; en marcha, cada vez parece m\u00e1s clara la identidad de las cuatro raquetas que superar\u00e1n el primer corte en busca del \u00faltimo gran t\u00edtulo de la temporada.<\/p>\n<p class=\"ft-text\">En el grupo Jimmy Connors, autoridad m\u00e1xima para<strong> Carlos Alcaraz<\/strong>, que con un pleno de victoria ha conseguido el primer puesto de grupo. Como segundo, sorpresa con<strong> \u00c1lex De Mi\u00f1aur,<\/strong> al que le ha valido la \u00fanica victoria en la tercera jornada ante Fritz para citarse ante <strong>Sinner<\/strong>.<\/p>\n<p class=\"ft-text\">En el grupo Bjorn Borg, <strong>Jannik Sinner tambi\u00e9n parece tener el billete a la fase final en el bolsillo<\/strong>. El de San C\u00e1ndido bati\u00f3 a <strong>Alexander Zverev <\/strong>en dos sets y, si todo avanza como hasta ahora, su camino no se cruzar\u00e1 con el de <strong>Alcaraz <\/strong>hasta una hipot\u00e9tica final.<\/p>\n<p>\u00bfC\u00f3mo est\u00e1n los grupos de las ATP Finals 2025?<\/p>\n<p class=\"ft-text\"><strong>Grupo Jimmy Connors<\/strong><\/p>\n<ul class=\"ft-list ft-list--primary\">\n<li class=\"ft-list__item\">Carlos Alcaraz: 3 puntos (6-1)<\/li>\n<li class=\"ft-list__item\">Alex de Mi\u00f1aur: 1 punto (3-4)<\/li>\n<li class=\"ft-list__item\">Taylor Fritz: 1 punto (3-4)<\/li>\n<li class=\"ft-list__item\">Lorenzo Musetti: 1 punto (2-5)<\/li>\n<\/ul>\n<p class=\"ft-text\"><strong>Grupo Bjorn Borg<\/strong><\/p>\n<ul class=\"ft-list ft-list--primary\">\n<li class=\"ft-list__item\">Jannik Sinner: 2 puntos (4-0)*<\/li>\n<li class=\"ft-list__item\">Alexander Zverev: 1 punto (2-2)<\/li>\n<li class=\"ft-list__item\">F\u00e9lix Auger Aliassime: 1 punto (2-3)<\/li>\n<li class=\"ft-list__item\">Ben Shelton: 0 puntos (1-4)<\/li>\n<\/ul>\n<p class=\"ft-text\">*Tenistas ya clasificados.<\/p>\n<p class=\"ft-text\">La &#8216;Round Robin&#8217; de las ATP Finals ocupa un total de seis d\u00edas en el calendario de competici\u00f3n, extendi\u00e9ndose hasta el viernes 14 de noviembre. Los <strong>dos mejores clasificados de los grupos Jimmy Connors y Bjorn Borg acceder\u00e1n a semifinales<\/strong>, ronda que enfrentar\u00e1 al primero contra el segundo de cada grupo.<\/p>\n<p>Semifinales ATP Finals 2025: cruces y horarios<\/p>\n<ul class=\"ft-list ft-list--primary\">\n<li class=\"ft-list__item\">1\u00ba grupo Jimmy Connors vs 2\u00ba grupo Bjorn Borg<\/li>\n<li class=\"ft-list__item\">1\u00ba grupo Bjorn Borg vs 2\u00ba grupo Jimmy Connors<\/li>\n<\/ul>\n<p class=\"ft-text\">Una vez conclu\u00edda la primera fase, <strong>los dos mejores clasificados de cada grupo acceder\u00e1n a las<\/strong> <strong>semifinales<\/strong>, que se disputan el <strong>s\u00e1bado 15 de noviembre<\/strong> y tambi\u00e9n constar\u00e1n tambi\u00e9n de una sesi\u00f3n doble.<\/p>\n<p class=\"ft-text\">La primera arrancar\u00e1 con el partido de dobles a partir de las 12:00 horas (CET) y el individual a partir de las 14:30 horas (CET), mientras que en la segunda se celebrar\u00e1n el partido de dobles a las 18:00 horas (CET) y el individual a las 20:30 horas (CET).<\/p>\n<p class=\"ft-text\"><strong>El domingo 16 de noviembre tendr\u00e1 lugar la gran<\/strong> <strong>final<\/strong>. El partido de dobles se disputar\u00e1 a las 15:00 horas (CET), mientras que la final individual arrancar\u00e1 a las 18:00 horas (CET).<\/p>\n","protected":false},"excerpt":{"rendered":"Las ATP Finals 2025 comienzan a avanzar hacia su fase final. Con la tercera jornada de la &#8216;Round&hellip;\n","protected":false},"author":2,"featured_media":234915,"comment_status":"","ping_status":"","sticky":false,"template":"","format":"standard","meta":{"footnotes":""},"categories":[274],"tags":[45,4736,1691,20829,168,25,24,57896,24334,1669,4466,23,167,327,326],"class_list":{"0":"post-234914","1":"post","2":"type-post","3":"status-publish","4":"format-standard","5":"has-post-thumbnail","7":"category-tenis","8":"tag-45","9":"tag-alcaraz","10":"tag-atp","11":"tag-cruces","12":"tag-deportes","13":"tag-es","14":"tag-espana","15":"tag-finals","16":"tag-grupos","17":"tag-rivales","18":"tag-sinner","19":"tag-spain","20":"tag-sports","21":"tag-tenis","22":"tag-tennis"},"share_on_mastodon":{"url":"https:\/\/pubeurope.com\/@es\/115546183624817223","error":""},"_links":{"self":[{"href":"https:\/\/www.europesays.com\/es\/wp-json\/wp\/v2\/posts\/234914","targetHints":{"allow":["GET"]}}],"collection":[{"href":"https:\/\/www.europesays.com\/es\/wp-json\/wp\/v2\/posts"}],"about":[{"href":"https:\/\/www.europesays.com\/es\/wp-json\/wp\/v2\/types\/post"}],"author":[{"embeddable":true,"href":"https:\/\/www.europesays.com\/es\/wp-json\/wp\/v2\/users\/2"}],"replies":[{"embeddable":true,"href":"https:\/\/www.europesays.com\/es\/wp-json\/wp\/v2\/comments?post=234914"}],"version-history":[{"count":0,"href":"https:\/\/www.europesays.com\/es\/wp-json\/wp\/v2\/posts\/234914\/revisions"}],"wp:featuredmedia":[{"embeddable":true,"href":"https:\/\/www.europesays.com\/es\/wp-json\/wp\/v2\/media\/234915"}],"wp:attachment":[{"href":"https:\/\/www.europesays.com\/es\/wp-json\/wp\/v2\/media?parent=234914"}],"wp:term":[{"taxonomy":"category","embeddable":true,"href":"https:\/\/www.europesays.com\/es\/wp-json\/wp\/v2\/categories?post=234914"},{"taxonomy":"post_tag","embeddable":true,"href":"https:\/\/www.europesays.com\/es\/wp-json\/wp\/v2\/tags?post=234914"}],"curies":[{"name":"wp","href":"https:\/\/api.w.org\/{rel}","templated":true}]}}